{"id":21339,"date":"2022-08-08T10:16:17","date_gmt":"2022-08-08T10:16:17","guid":{"rendered":"https:\/\/www.visitsoglianoalrubicone.it\/luigi-delia-nocturnes-in-den-waeldern\/"},"modified":"2024-12-06T10:15:00","modified_gmt":"2024-12-06T10:15:00","slug":"luigi-delia-nocturnes-in-den-waeldern","status":"publish","type":"post","link":"https:\/\/www.visitsoglianoalrubicone.it\/de\/luigi-delia-nocturnes-in-den-waeldern\/","title":{"rendered":"Luigi d&#8217;Elia \/\/ Nocturnes in den W\u00e4ldern"},"content":{"rendered":"<p>[vc_row full_width=&#8220;stretch_row_content_no_spaces&#8220;][vc_column][vc_single_image image=&#8220;21370&#8243; img_size=&#8220;1920 x 450&#8243; alignment=&#8220;center&#8220; el_class=&#8220;infotronik_banner_pagina&#8220;]\n\t\t\t<section class=\"do-normal-page-title-section infotronik_page_title_section\">\n\t\t\t\t<div class=\"container\">\n\t\t\t\t\t<div class=\"row uppercase\">\n\t\t\t\n\t\t\t\t\t\t<div class=\"do-page-title-wrapper\">\n\t\t\t\t\t\t\t<div class=\"do-default-page-title col-md-7 col-sm-7 col-xs-12\">\n\t\t\t\t\t\t\t\t<h2 info=34 class=\"infotronik_page_title\">Luigi d'Elia \/\/ Notturni nel Bosco<\/h2>\n\t\t\t\t\t\t\t\t<p><\/p>\n\t\t\t\t\t\t\t<\/div>\n\t\t\t\n\t\t\t\t\t\t\t<div class=\"do-breadcumb\"><ul><\/ul><\/div>\n\t\t\t\t\t\t<\/div>\n\t\t\t\n\t\t\t\t\t<\/div>\n\t\t\t\t<\/div>\n\t\t\t<\/section>\n\t\t[vc_empty_space height=&#8220;20px&#8220;][vc_row_inner][vc_column_inner][vc_column_text]<\/p>\n<p>\n<strong>Quando:<\/strong> Luned\u00ec 8 agosto 2022<br\/><strong>Ora inizio:<\/strong>\u00a0 Spettatori per la breve camminata ore 20.30 &#8211; Partenza camminata ore 21:00 \u2013 Inizio spettacolo ore 21:30<br\/><strong>Dove: <\/strong>Celletta Votiva Massa Bagni\u00a0 &#8211; Massamanente<br\/><strong>Biglietti:<\/strong> <span style=\"font-size: 1rem;\">\u20ac 5,00 <\/span>disponibili in prevendita su: <a href=\"http:\/\/www.liveticket.it\" target=\"_blank\" rel=\"noopener\">www.liveticket.it<\/a><br\/><strong>Info:<\/strong> Sillaba\/Prova d&#8217;attore &#8211; Cell.\u00a0 370 3685093 (h. 16-19 lun-ven e giorno dello spettacolo)&#13;\n<p><strong><br\/>LUIGI D&#8217;ELIA | La luna e i fal\u00f2<\/strong>IIberamente ispirato a La luna e i fal\u00f2 di Cesare Pavese regia di Roberto Aldorasi produzione INTI in collaborazione con Fondazione Cesare Pavese<strong><\/strong><\/p>&#13;\n<p>Lesung aus dem Studio f\u00fcr eine Hyper-Erz\u00e4hlung \u00fcber Erinnerung und Vergessen, inspiriert von The Moon and the Bonfires.<\/p>&#13;\n<p>[\/vc_column_text][vc_empty_space height=&#8220;50px&#8220;][vc_single_image image=&#8220;21344&#8243; img_size=&#8220;full&#8220; alignment=&#8220;center&#8220; onclick=&#8220;link_image&#8220;][vc_empty_space height=&#8220;50px&#8220;][vc_single_image image=&#8220;21371&#8243; img_size=&#8220;full&#8220; alignment=&#8220;center&#8220; onclick=&#8220;link_image&#8220;][\/vc_column_inner][\/vc_row_inner][\/vc_column][\/vc_row]<\/p>","protected":false},"excerpt":{"rendered":"<p>[vc_row full_width=&#8220;stretch_row_content_no_spaces&#8220;][vc_column][vc_single_image image=&#8220;21370&#8243; img_size=&#8220;1920 x 450&#8243; alignment=&#8220;center&#8220; el_class=&#8220;infotronik_banner_pagina&#8220;][vc_empty_space height=&#8220;20px&#8220;][vc_row_inner][vc_column_inner][vc_column_text] Quando: Luned\u00ec 8 agosto 2022Ora inizio:\u00a0 Spettatori per la breve camminata ore&#8230;<\/p>\n","protected":false},"author":3,"featured_media":21345,"comment_status":"closed","ping_status":"open","sticky":false,"template":"","format":"standard","meta":{"loftloader_page_shortcode":""},"categories":[821,824,1003],"tags":[823,870,848,832,949,827,950],"_links":{"self":[{"href":"https:\/\/www.visitsoglianoalrubicone.it\/de\/wp-json\/wp\/v2\/posts\/21339"}],"collection":[{"href":"https:\/\/www.visitsoglianoalrubicone.it\/de\/wp-json\/wp\/v2\/posts"}],"about":[{"href":"https:\/\/www.visitsoglianoalrubicone.it\/de\/wp-json\/wp\/v2\/types\/post"}],"author":[{"embeddable":true,"href":"https:\/\/www.visitsoglianoalrubicone.it\/de\/wp-json\/wp\/v2\/users\/3"}],"replies":[{"embeddable":true,"href":"https:\/\/www.visitsoglianoalrubicone.it\/de\/wp-json\/wp\/v2\/comments?post=21339"}],"version-history":[{"count":2,"href":"https:\/\/www.visitsoglianoalrubicone.it\/de\/wp-json\/wp\/v2\/posts\/21339\/revisions"}],"predecessor-version":[{"id":21391,"href":"https:\/\/www.visitsoglianoalrubicone.it\/de\/wp-json\/wp\/v2\/posts\/21339\/revisions\/21391"}],"wp:featuredmedia":[{"embeddable":true,"href":"https:\/\/www.visitsoglianoalrubicone.it\/de\/wp-json\/wp\/v2\/media\/21345"}],"wp:attachment":[{"href":"https:\/\/www.visitsoglianoalrubicone.it\/de\/wp-json\/wp\/v2\/media?parent=21339"}],"wp:term":[{"taxonomy":"category","embeddable":true,"href":"https:\/\/www.visitsoglianoalrubicone.it\/de\/wp-json\/wp\/v2\/categories?post=21339"},{"taxonomy":"post_tag","embeddable":true,"href":"https:\/\/www.visitsoglianoalrubicone.it\/de\/wp-json\/wp\/v2\/tags?post=21339"}],"curies":[{"name":"wp","href":"https:\/\/api.w.org\/{rel}","templated":true}]}}