{"id":21415,"date":"2022-05-11T15:14:01","date_gmt":"2022-05-11T15:14:01","guid":{"rendered":"https:\/\/www.visitsoglianoalrubicone.it\/sponz-fest-2022-vorschau\/"},"modified":"2024-12-06T10:15:14","modified_gmt":"2024-12-06T10:15:14","slug":"sponz-fest-2022-vorschau","status":"publish","type":"post","link":"https:\/\/www.visitsoglianoalrubicone.it\/de\/sponz-fest-2022-vorschau\/","title":{"rendered":"Sponz Fest 2022 Vorschau"},"content":{"rendered":"<p>[vc_row full_width=&#8220;stretch_row_content_no_spaces&#8220;][vc_column][vc_single_image image=&#8220;21418&#8243; img_size=&#8220;1920 x 450&#8243; alignment=&#8220;center&#8220; el_class=&#8220;infotronik_banner_pagina&#8220;]\n\t\t\t<section class=\"do-normal-page-title-section\">\n\t\t\t\t<div class=\"container\">\n\t\t\t\t\t<div class=\"row uppercase\">\n\t\t\t\n\t\t\t\t\t\t<div class=\"do-page-title-wrapper\">\n\t\t\t\t\t\t\t<div class=\"do-default-page-title col-md-7 col-sm-7 col-xs-12\">\n\t\t\t\t\t\t\t\t<h2 info=25 class=\"infotronik_page_title_big\">Anteprima Sponz Fest 2022<\/h2>\n\t\t\t\t\t\t\t\t<p><\/p>\n\t\t\t\t\t\t\t<\/div>\n\t\t\t\n\t\t\t\t\t\t\t<div class=\"do-breadcumb\"><ul><\/ul><\/div>\n\t\t\t\t\t\t<\/div>\n\t\t\t\n\t\t\t\t\t<\/div>\n\t\t\t\t<\/div>\n\t\t\t<\/section>\n\t\t[vc_empty_space height=&#8220;20px&#8220;][vc_row_inner][vc_column_inner][vc_column_text]<strong><br \/>\nW<\/strong> <strong>ann: <\/strong>Freitag 8. &#8211; Samstag 9. Juli 2022<strong>Wo:<\/strong> Altstadt und weit verbreitete Orte<br \/>\n<span style=\"font-weight: 400;\"><strong><br \/>\n\u00d6ffentliche Infos:<\/strong><strong> <\/strong>+39 370 3685093 &#8211; <a href=\"mailto:spettatore@sillaba.org\" target=\"_blank\" rel=\"noopener\">spettatore@sillaba.org<\/a> <strong>Links &amp; offizielles Programm<\/strong>: <a href=\"http:\/\/www.sponzfest.it\/2022\" target=\"_blank\" rel=\"noopener\">www.sponzfest.it\/2022<\/a><\/span><\/p>\n<p>Am Samstag, den 9. September, findet zum Abschluss die <strong>ROLLING SPONZ REVIEW statt, ein<\/strong> Konzert von Vinicio Capossela und mehreren G\u00e4sten in Pietra dell&#8217;Uso in Sogliano al Rubicone (FC), umgeben von Natur.<br \/>\n<span style=\"font-weight: 400;\"><strong>Um das Konzert am 9. Juli zu besuchen:<\/strong> <a href=\"https:\/\/www.liveticket.it\/caposselasogliano\" target=\"_blank\" rel=\"noopener\">https:\/\/www.liveticket.it\/caposselasogliano<\/a><\/span><\/p>\n<p>&nbsp;<\/p>\n<p><strong>SPONZ VORSCHAU 2022<\/strong><br \/>\n<em><strong>In Sogliano die Vorschau auf die 10. Ausgabe des Sponz Fest unter der Regie von Vinicio Capossela<\/strong><\/em><\/p>\n<p>Nach der Ausgabe 2021 in La Pietra di Bismantova (RE) landet die Sponz Fest Preview in der Romagna.  <em><strong>Am Freitag, den 8. und Samstag, den 9. Juli findet das von Vinicio Capossela konzipierte und geleitete Festival in Sogliano al Rubicone statt.<\/strong><\/em><\/p>\n<p>Das Sponz Fest ist eine Veranstaltung, die wie jeden Sommer in Alta Irpinia geplant wird und die sich seit jeher auf das Konzept der Leere als Ressource konzentriert. Die Leere der L\u00e4nder und D\u00f6rfer als m\u00f6gliches Laboratorium einer anderen m\u00f6glichen Welt. Im Mittelpunkt der Ausgabe 2022 des Sponz Festes stehen das Land, die Kultivierung und die Kultur der Erde, die sich musikalisch auf das folkloristische Erbe st\u00fctzt und die Peripherie der L\u00e4nder wieder in das Zentrum des Diskurses und der Nachhaltigkeit bringt. Italien ist ein Land der L\u00e4nder, die aus dem Meer der Kultivierung der Erde hervorgegangen sind. Intensive Landwirtschaft, Landverbrauch, Klimawandel und die Entv\u00f6lkerung der D\u00f6rfer ver\u00e4ndern die nat\u00fcrliche und menschliche Landschaft der Welt, in der wir leben, tiefgreifend. Die Sponz-Vorschau nimmt daher die zehnte Ausgabe des Festivals mit dem Titel &#8218;Coultura&#8216; vorweg. F\u00fcr eine andere Kultur\/Kultur der Erde. <\/p>\n<p><em>&#8222;Seit zehn Jahren betreiben wir Sponzare in den Binnengebieten von Ober-Irpinien und Umgebung. Seit letztem Jahr haben wir auch mit Sponzare in anderen Gebieten im Landesinneren begonnen. Im Jahr 2021 unter der Pietra di Bismantova (Castelnovo ne&#8216; Monti &#8211; RE) und dieses Jahr am Fu\u00dfe des Bergr\u00fcckens Tosco-Romagnola, wo wir den Rubikon in Sogliano \u00fcberschreiten werden, einer Stadt, die den sponzante-Geist in den L\u00e4ndereien ihrer Gemeinde liebevoll und umst\u00e4ndlich aufgenommen hat.  <\/em><\/p>\n<p><em>Ich verwende das Verb und nicht das Substantiv, denn das Sponz Fest (das als eine Erfahrung entstanden ist, die nicht von seinem urspr\u00fcnglichen Territorium getrennt werden kann) ist mehr als ein Festival, es ist ein Geist, eine Art, mobile Formen der Gemeinschaft zu erleben. Das Verb sponzare kommt von der Wirkung eines Schwamms, der, wenn er einmal eingeweicht ist, weich wird und sich regeneriert. So ist es auch der Gruppenk\u00f6rper, der durch das Schw\u00e4mmen seine Steifheit, seine Form und seine R\u00e4nder verliert und sich durch das Aufsaugen ausdehnt, willkommen hei\u00dft und wieder in Umlauf bringt. Wir versuchen, diesen Geist durch Musik zu stimulieren, aber auch durch Essen, Trinken, Tanzen und vor allem durch Begegnungen im Zusammenspiel mit der nat\u00fcrlichen und menschlichen Landschaft.   <\/em><\/p>\n<p><em>Die Begegnung ist immer die Perle, die Frucht der Erkenntnis. Von Jahr zu Jahr versuchen wir, die Kunst der Begegnung in eine bestimmte thematische Richtung zu lenken. F\u00fcr dieses Jahr 2022 haben wir uns das Thema Kultivierung vorgenommen, in der doppelten Bedeutung von Kultur und Kultivierung. Daher ist das O, das auf das U trifft, wie Jacopo Leone grafisch dekliniert hat, zu einer Art geh\u00f6rntem Piktogramm geworden, das das Symbol der Ausgabe ist. Eine mobile Edition, die sp\u00e4ter auch Irpinia und Basilicata besuchen wird.    <\/em><\/p>\n<p><em>\u00dcber Kultur und Anbau nachzudenken bedeutet, dar\u00fcber nachzudenken, woraus wir gemacht sind, was wir essen und was wir anbauen. \u00dcber die Beziehung mit der Erde, mit den Ressourcen der Erde und auch mit unseren eigenen. \u00dcber das, was wir konsumieren und was wir zur\u00fccklassen. \u00dcber das, was wir kultivieren und was wir verderben.   <\/em><\/p>\n<p><em>Am achten und neunten Juli treffen wir in Sogliano ein wenig Erfahrung auf dem Gebiet und ein wenig popul\u00e4re Wurzeln, Tanzmusik, Dialektdichtung, wir treffen diejenigen, die diese Themen studieren und diejenigen, die sie erleben. Und dann die Musik, das Rolling Sponz Konzert ist eine Art mobiler Zirkus, der einige der Elemente auf die B\u00fchne bringt, die seit Jahren die Seele von Sponz ausmachen: Peppe Leone, Giovannangelo De Gennaro, Victor Herrero, die Band. Zu Gast aus den wilden Gefilden Irpiniens sind die Friestk, eine junge Band, die sich seit einigen Jahren neu etabliert hat, von alten Meistern wie Matteo Salvatore bis hin zur erneuerten Sprache ihrer Kompositionen. Und dann Helden und Freunde des genius loci wie der gro\u00dfe John de Leo und der Grenzg\u00e4nger Don Antonio Gramentieri.   <\/em><\/p>\n<p><em><strong>Im Geiste des Festes, das nie in einer einzigen Etappe aufgel\u00f6st wurde, hat die Gemeinde verschiedene Veranstaltungsorte zur Verf\u00fcgung gestellt, zu verschiedenen Tages- und Nachtzeiten. Orte, die auch ungew\u00f6hnlich und m\u00fchsam wieder zu nutzen waren. <\/strong>  Eine Br\u00fccke zwischen den Erlebnissen in der Romagna und in Irpinia wird der indiskrete Blick des Fotografen Chico De Luigi aus Rimini schlagen, der die Seele einiger Ausgaben war und der in Sogliano ein wenig von seinen &#8218;Gesichtern aus Sponz&#8216; zeigen wird. Also vielen Dank und vielen Dank an Sie alle. Wir sehen uns in Sogliano.&#8220;  <\/em> <strong>Vinicio Capossela<\/strong><\/p>\n<p>&nbsp;<\/p>\n<p><strong>VORSCHAU IN SOGLIANO<\/strong><br \/>\n<em><strong>Es wird zwei Tage in Sogliano geben, die von Gespr\u00e4chen, Ausfl\u00fcgen, Konzerten und Lesungen belebt sein werden.<\/strong><\/em><\/p>\n<p><strong>Freitag, den 8. Juli<\/strong> im Herzen des Dorfes im Rubicon-Tal ab 19 Uhr bis sp\u00e4t in die Nacht mit Mundart-Poesie, Musik, Liedern und Volkst\u00e4nzen aus der Romagna, w\u00e4hrend <strong>am Samstag, den 9. Juli<\/strong> ab dem Morgen die Protagonisten der Veranstaltung die lokalen landwirtschaftlichen Produkte mit einem Bio-Markt sein werden. An den Marktst\u00e4nden k\u00f6nnen Sie biologische und typische Produkte, frisch geerntetes Obst und Gem\u00fcse, Wein und \u00d6l, frische und gereifte K\u00e4sesorten, Mehle aus altem Getreide und Biere probieren. Ein Tag, der von Gespr\u00e4chen \u00fcber die Bedeutung von Bioprodukten in der Region unterbrochen wird. Auch in Sogliano wird die Beziehung zwischen dem Anbau und dem Land hervorgehoben. Von den verschiedenen Arten des Anbaus, der Produktion und der Vermarktung bis hin zu synergetischen G\u00e4rten und Permakultur. Themen, die im Mittelpunkt der Debatte stehen werden, um zu unterstreichen, dass die Art und Weise, wie wir anbauen und konsumieren, viel \u00fcber unsere Vorstellung von der Welt aussagen kann. Eine andere Agrarkultur kann eine prim\u00e4re Ressource f\u00fcr die L\u00e4nder des Landesinneren sein. <strong>Der Samstag endet mit der Rolling Sponz Review, einem Konzert von Vinicio Capossela in Begleitung von G\u00e4sten.<\/strong> Das Ganze findet in der N\u00e4he der Kirche Pietra dell&#8217;Uso statt, einem von Tonino Guerra geliebten und in mehreren Gedichten erw\u00e4hnten Ort, der jetzt von der Gemeinde saniert wird.      <\/p>\n<p><strong>Auf dem Programm stehen Trekking und Wandern auf den Waldwegen rund um das Dorf.<\/strong><\/p>\n<p>Das Anteprima Sponz Festival in Sogliano, unter der k\u00fcnstlerischen Leitung von Vinicio Capossela, wird mit dem Beitrag der Gemeinde Sogliano von Sillaba Coop. organisiert, w\u00e4hrend die 10. Ausgabe des Sponz Festes eine Veranstaltung der Associazione Sponziamoci, La Cupa und International Music and Arts ist.[\/vc_column_text][vc_empty_space height=&#8220;30px&#8220;][vc_single_image image=&#8220;21416&#8243; img_size=&#8220;full&#8220; alignment=&#8220;center&#8220; onclick=&#8220;link_image&#8220;][vc_empty_space height=&#8220;30px&#8220;][\/vc_column_inner][\/vc_row_inner][\/vc_column][\/vc_row]<\/p>\n","protected":false},"excerpt":{"rendered":"<p>[vc_row full_width=&#8220;stretch_row_content_no_spaces&#8220;][vc_column][vc_single_image image=&#8220;21418&#8243; img_size=&#8220;1920 x 450&#8243; alignment=&#8220;center&#8220; el_class=&#8220;infotronik_banner_pagina&#8220;][vc_empty_space height=&#8220;20px&#8220;][vc_row_inner][vc_column_inner][vc_column_text] W ann: Freitag 8. &#8211; Samstag 9. Juli 2022Wo: Altstadt und weit&#8230;<\/p>\n","protected":false},"author":3,"featured_media":21417,"comment_status":"closed","ping_status":"open","sticky":false,"template":"","format":"standard","meta":{"loftloader_page_shortcode":""},"categories":[821,824,1003],"tags":[1090,1071,823,827,1091,1092],"_links":{"self":[{"href":"https:\/\/www.visitsoglianoalrubicone.it\/de\/wp-json\/wp\/v2\/posts\/21415"}],"collection":[{"href":"https:\/\/www.visitsoglianoalrubicone.it\/de\/wp-json\/wp\/v2\/posts"}],"about":[{"href":"https:\/\/www.visitsoglianoalrubicone.it\/de\/wp-json\/wp\/v2\/types\/post"}],"author":[{"embeddable":true,"href":"https:\/\/www.visitsoglianoalrubicone.it\/de\/wp-json\/wp\/v2\/users\/3"}],"replies":[{"embeddable":true,"href":"https:\/\/www.visitsoglianoalrubicone.it\/de\/wp-json\/wp\/v2\/comments?post=21415"}],"version-history":[{"count":9,"href":"https:\/\/www.visitsoglianoalrubicone.it\/de\/wp-json\/wp\/v2\/posts\/21415\/revisions"}],"predecessor-version":[{"id":21480,"href":"https:\/\/www.visitsoglianoalrubicone.it\/de\/wp-json\/wp\/v2\/posts\/21415\/revisions\/21480"}],"wp:featuredmedia":[{"embeddable":true,"href":"https:\/\/www.visitsoglianoalrubicone.it\/de\/wp-json\/wp\/v2\/media\/21417"}],"wp:attachment":[{"href":"https:\/\/www.visitsoglianoalrubicone.it\/de\/wp-json\/wp\/v2\/media?parent=21415"}],"wp:term":[{"taxonomy":"category","embeddable":true,"href":"https:\/\/www.visitsoglianoalrubicone.it\/de\/wp-json\/wp\/v2\/categories?post=21415"},{"taxonomy":"post_tag","embeddable":true,"href":"https:\/\/www.visitsoglianoalrubicone.it\/de\/wp-json\/wp\/v2\/tags?post=21415"}],"curies":[{"name":"wp","href":"https:\/\/api.w.org\/{rel}","templated":true}]}}