{"id":21868,"date":"2024-06-14T21:47:19","date_gmt":"2024-06-14T21:47:19","guid":{"rendered":"https:\/\/www.visitsoglianoalrubicone.it\/paola-turci-und-gino-castaldo-in-il-tempo-dei-giganti-notturni-nel-bosco\/"},"modified":"2024-12-06T10:16:24","modified_gmt":"2024-12-06T10:16:24","slug":"paola-turci-und-gino-castaldo-in-il-tempo-dei-giganti-notturni-nel-bosco","status":"publish","type":"post","link":"https:\/\/www.visitsoglianoalrubicone.it\/de\/paola-turci-und-gino-castaldo-in-il-tempo-dei-giganti-notturni-nel-bosco\/","title":{"rendered":"Paola Turci und Gino Castaldo in &#8218;Il tempo dei giganti&#8216; \/\/ Notturni Nel Bosco"},"content":{"rendered":"<p>[vc_row full_width=&#8220;stretch_row_content_no_spaces&#8220;][vc_column][vc_single_image image=&#8220;21860&#8243; img_size=&#8220;1920 x 450&#8243; alignment=&#8220;center&#8220; el_class=&#8220;infotronik_banner_pagina&#8220;]\n\t\t\t<section class=\"do-normal-page-title-section infotronik_page_title_section_little\">\n\t\t\t\t<div class=\"container\">\n\t\t\t\t\t<div class=\"row uppercase\">\n\t\t\t\n\t\t\t\t\t\t<div class=\"do-page-title-wrapper\">\n\t\t\t\t\t\t\t<div class=\"do-default-page-title col-md-7 col-sm-7 col-xs-12\">\n\t\t\t\t\t\t\t\t<h2 info=79 class=\"infotronik_page_title_little\">Paola Turci und Gino Castaldo in ``Il tempo dei giganti`` \/\/ Notturni Nel Bosco<\/h2>\n\t\t\t\t\t\t\t\t<p><\/p>\n\t\t\t\t\t\t\t<\/div>\n\t\t\t\n\t\t\t\t\t\t\t<div class=\"do-breadcumb\"><ul><\/ul><\/div>\n\t\t\t\t\t\t<\/div>\n\t\t\t\n\t\t\t\t\t<\/div>\n\t\t\t\t<\/div>\n\t\t\t<\/section>\n\t\t[vc_empty_space height=&#8220;20px&#8220;][vc_row_inner][vc_column_inner][vc_column_text]<\/p>\n<p>\n<strong>.<\/strong>&#13;\n<p><strong>Wann:<\/strong> Montag, 29. Juli 2024<br\/><strong>Kassen\u00f6ffnung und Zuschauersammlung<\/strong>: 20:00<br\/><strong>Beginn der Show<\/strong>: 21:30<br\/><strong>Wo:<\/strong> Prato Venturi, romanische Br\u00fccke Loc. Montetiffi (Sogliano al Rubicone) <br\/><strong>Eintrittskarten:<\/strong> \u20ac 22.00<span style=\"font-size: 1rem;\"><br\/><\/span><strong><br\/>Vorverkauf:<\/strong><strong><strong>Info:<\/strong> Sillaba Ticket Office 370 3685093<\/strong><\/p>&#13;\n<p>Die drei magischen Jahre des Songwritings, nacherz\u00e4hlt und gesungen von Paola Turci und Gino Castaldo, mit Archivmaterial und Live-Auftritten. In der goldenen Zeit von 1979 bis 1981 &#8211; den Jahren von Lucio Dalla, Pino Daniele, Fabrizio De Andr\u00e9, Vasco Rossi, Franco Battiato, Rino Gaetano, Lucio Battisti und vielen anderen &#8211; mit einer Erz\u00e4hlung, die mit Erinnerungen, Analysen und Live-Auftritten verwoben ist und Worte und Musik zu einer einzigen Geschichte verbindet. S\u00e4ngerin, Songwriterin, Musikerin, eine Seele, in der sich Eleganz, Rock, Sensibilit\u00e4t und Mut vermischen. Sie ist eine der bekanntesten Musikkritikerinnen Italiens und erz\u00e4hlt seit fast 40 Jahren mit Bildern und Worten die Geschichte der gro\u00dfen Namen der italienischen und internationalen Musik. sind eine Reihe von Sommerveranstaltungen, die Theater, Musik, Kunst und die nat\u00fcrliche Landschaft verbinden. Die Auff\u00fchrungen finden im Freien statt, inmitten der Natur, auf Waldwegen bei Einbruch der Dunkelheit. K\u00fcnstler und Zuschauer treffen sich an stimmungsvollen Orten f\u00fcr einzigartige kulturelle Erlebnisse.      <\/p>&#13;\n<p>[\/vc_column_text][vc_empty_space height=&#8220;50px&#8220;][vc_single_image image=&#8220;21869&#8243; img_size=&#8220;full&#8220; alignment=&#8220;center&#8220; onclick=&#8220;link_image&#8220;][vc_single_image image=&#8220;21884&#8243; img_size=&#8220;full&#8220; alignment=&#8220;center&#8220; onclick=&#8220;link_image&#8220;][vc_single_image image=&#8220;21863&#8243; img_size=&#8220;full&#8220; alignment=&#8220;center&#8220; onclick=&#8220;link_image&#8220;][\/vc_column_inner][\/vc_row_inner][\/vc_column][\/vc_row]<\/p>","protected":false},"excerpt":{"rendered":"<p>[vc_row full_width=&#8220;stretch_row_content_no_spaces&#8220;][vc_column][vc_single_image image=&#8220;21860&#8243; img_size=&#8220;1920 x 450&#8243; alignment=&#8220;center&#8220; el_class=&#8220;infotronik_banner_pagina&#8220;][vc_empty_space height=&#8220;20px&#8220;][vc_row_inner][vc_column_inner][vc_column_text] .&#13; Wann: Montag, 29. Juli 2024Kassen\u00f6ffnung und Zuschauersammlung: 20:00Beginn der Show: 21:30Wo:&#8230;<\/p>\n","protected":false},"author":3,"featured_media":21870,"comment_status":"closed","ping_status":"open","sticky":false,"template":"","format":"standard","meta":{"loftloader_page_shortcode":""},"categories":[821,824],"tags":[823,848,832,949,827,950,951],"_links":{"self":[{"href":"https:\/\/www.visitsoglianoalrubicone.it\/de\/wp-json\/wp\/v2\/posts\/21868"}],"collection":[{"href":"https:\/\/www.visitsoglianoalrubicone.it\/de\/wp-json\/wp\/v2\/posts"}],"about":[{"href":"https:\/\/www.visitsoglianoalrubicone.it\/de\/wp-json\/wp\/v2\/types\/post"}],"author":[{"embeddable":true,"href":"https:\/\/www.visitsoglianoalrubicone.it\/de\/wp-json\/wp\/v2\/users\/3"}],"replies":[{"embeddable":true,"href":"https:\/\/www.visitsoglianoalrubicone.it\/de\/wp-json\/wp\/v2\/comments?post=21868"}],"version-history":[{"count":2,"href":"https:\/\/www.visitsoglianoalrubicone.it\/de\/wp-json\/wp\/v2\/posts\/21868\/revisions"}],"predecessor-version":[{"id":21911,"href":"https:\/\/www.visitsoglianoalrubicone.it\/de\/wp-json\/wp\/v2\/posts\/21868\/revisions\/21911"}],"wp:featuredmedia":[{"embeddable":true,"href":"https:\/\/www.visitsoglianoalrubicone.it\/de\/wp-json\/wp\/v2\/media\/21870"}],"wp:attachment":[{"href":"https:\/\/www.visitsoglianoalrubicone.it\/de\/wp-json\/wp\/v2\/media?parent=21868"}],"wp:term":[{"taxonomy":"category","embeddable":true,"href":"https:\/\/www.visitsoglianoalrubicone.it\/de\/wp-json\/wp\/v2\/categories?post=21868"},{"taxonomy":"post_tag","embeddable":true,"href":"https:\/\/www.visitsoglianoalrubicone.it\/de\/wp-json\/wp\/v2\/tags?post=21868"}],"curies":[{"name":"wp","href":"https:\/\/api.w.org\/{rel}","templated":true}]}}