{"id":22125,"date":"2023-04-21T08:11:14","date_gmt":"2023-04-21T08:11:14","guid":{"rendered":"https:\/\/www.visitsoglianoalrubicone.it\/kunst-aromen-entdecken-kostenlose-fuehrungen\/"},"modified":"2024-12-06T10:16:56","modified_gmt":"2024-12-06T10:16:56","slug":"kunst-aromen-entdecken-kostenlose-fuehrungen","status":"publish","type":"post","link":"https:\/\/www.visitsoglianoalrubicone.it\/de\/kunst-aromen-entdecken-kostenlose-fuehrungen\/","title":{"rendered":"Kunst &amp; Aromen entdecken &#8211; Kostenlose F\u00fchrungen"},"content":{"rendered":"<p>[vc_row full_width=&#8220;stretch_row_content_no_spaces&#8220;][vc_column][vc_single_image image=&#8220;7948&#8243; img_size=&#8220;1920 x 450&#8243; alignment=&#8220;center&#8220; el_class=&#8220;infotronik_banner_pagina&#8220;]\n\t\t\t<section class=\"do-normal-page-title-section infotronik_page_title_section_little\">\n\t\t\t\t<div class=\"container\">\n\t\t\t\t\t<div class=\"row uppercase\">\n\t\t\t\n\t\t\t\t\t\t<div class=\"do-page-title-wrapper\">\n\t\t\t\t\t\t\t<div class=\"do-default-page-title col-md-7 col-sm-7 col-xs-12\">\n\t\t\t\t\t\t\t\t<h2 info=52 class=\"infotronik_page_title_little\">Kunst &amp; Aromen entdecken - Kostenlose F\u00fchrungen<\/h2>\n\t\t\t\t\t\t\t\t<p><\/p>\n\t\t\t\t\t\t\t<\/div>\n\t\t\t\n\t\t\t\t\t\t\t<div class=\"do-breadcumb\"><ul><\/ul><\/div>\n\t\t\t\t\t\t<\/div>\n\t\t\t\n\t\t\t\t\t<\/div>\n\t\t\t\t<\/div>\n\t\t\t<\/section>\n\t\t[vc_empty_space height=&#8220;20px&#8220;][vc_row_inner][vc_column_inner][vc_column_text]<\/p>\n<p>.<\/p>\n<p>\n<strong>Periodo:<\/strong> domenica 19-26 novembre e 3 dicembre 2023<br\/><strong>Orario Partenze Visite:<\/strong> 10:00 e 14:30<br\/><strong>Luogo partenza: <\/strong>Uff. Turistico, Piazza della Repubblica 35 (Centro Storico)<strong><br\/><\/strong><strong>Accesso: <\/strong>gratuito &#8211; <strong>Posti limitati<\/strong> &#8211; prenotazione obbligatoria (apertura prenotazioni 2 novembre)<br\/><strong>Durata:<\/strong> 1h 30m circa<strong><br\/>Prenotazioni ed Informazioni al pubblico:<\/strong> 0541-817340 (Luned\u00ec, mercoled\u00ec, gioved\u00ec, venerd\u00ec dalle 08:30 alle 14:30 \u2013\u00a0 sabato e domenica dalla 10:00-13:00) * Previa disponibilit\u00e0 sar\u00e0 possibile prenotare direttamente in loco durante le giornate della Fiera&#13;\n<p><strong>Veranstalter:<\/strong> Pro Loco Sogliano al Rubicone in Zusammenarbeit mit der Gemeinde Sogliano al Rubicone, Amt f\u00fcr Kultur und Tourismus.  <\/p>&#13;\n<p>Anl\u00e4sslich der 48. K\u00e4semesse der g.U. Fossa  <em><strong>haben Sie die M\u00f6glichkeit, an einer kostenlosen F\u00fchrung durch das historische Zentrum von Sogliano al Rubicone teilzunehmen. Ein qualifizierter Fremdenf\u00fchrer zeigt Ihnen eine Route durch Kunst, Geschmack, Geschichte, Gastronomie, Denkm\u00e4ler und Wahrzeichen. <\/strong><\/em><\/p>&#13;\n<p>[\/vc_column_text][vc_single_image image=&#8220;20991&#8243; img_size=&#8220;full&#8220; alignment=&#8220;center&#8220; onclick=&#8220;link_image&#8220;][vc_empty_space height=&#8220;50px&#8220;][\/vc_column_inner][\/vc_row_inner][\/vc_column][\/vc_row]<\/p>","protected":false},"excerpt":{"rendered":"<p>[vc_row full_width=&#8220;stretch_row_content_no_spaces&#8220;][vc_column][vc_single_image image=&#8220;7948&#8243; img_size=&#8220;1920 x 450&#8243; alignment=&#8220;center&#8220; el_class=&#8220;infotronik_banner_pagina&#8220;][vc_empty_space height=&#8220;20px&#8220;][vc_row_inner][vc_column_inner][vc_column_text] . Periodo: domenica 19-26 novembre e 3 dicembre 2023Orario Partenze Visite: 10:00&#8230;<\/p>\n","protected":false},"author":3,"featured_media":22128,"comment_status":"closed","ping_status":"open","sticky":false,"template":"","format":"standard","meta":{"loftloader_page_shortcode":""},"categories":[821],"tags":[1071,823,984,982,983,827,1185],"_links":{"self":[{"href":"https:\/\/www.visitsoglianoalrubicone.it\/de\/wp-json\/wp\/v2\/posts\/22125"}],"collection":[{"href":"https:\/\/www.visitsoglianoalrubicone.it\/de\/wp-json\/wp\/v2\/posts"}],"about":[{"href":"https:\/\/www.visitsoglianoalrubicone.it\/de\/wp-json\/wp\/v2\/types\/post"}],"author":[{"embeddable":true,"href":"https:\/\/www.visitsoglianoalrubicone.it\/de\/wp-json\/wp\/v2\/users\/3"}],"replies":[{"embeddable":true,"href":"https:\/\/www.visitsoglianoalrubicone.it\/de\/wp-json\/wp\/v2\/comments?post=22125"}],"version-history":[{"count":2,"href":"https:\/\/www.visitsoglianoalrubicone.it\/de\/wp-json\/wp\/v2\/posts\/22125\/revisions"}],"predecessor-version":[{"id":22150,"href":"https:\/\/www.visitsoglianoalrubicone.it\/de\/wp-json\/wp\/v2\/posts\/22125\/revisions\/22150"}],"wp:featuredmedia":[{"embeddable":true,"href":"https:\/\/www.visitsoglianoalrubicone.it\/de\/wp-json\/wp\/v2\/media\/22128"}],"wp:attachment":[{"href":"https:\/\/www.visitsoglianoalrubicone.it\/de\/wp-json\/wp\/v2\/media?parent=22125"}],"wp:term":[{"taxonomy":"category","embeddable":true,"href":"https:\/\/www.visitsoglianoalrubicone.it\/de\/wp-json\/wp\/v2\/categories?post=22125"},{"taxonomy":"post_tag","embeddable":true,"href":"https:\/\/www.visitsoglianoalrubicone.it\/de\/wp-json\/wp\/v2\/tags?post=22125"}],"curies":[{"name":"wp","href":"https:\/\/api.w.org\/{rel}","templated":true}]}}