{"id":22643,"date":"2024-04-04T11:32:19","date_gmt":"2024-04-04T11:32:19","guid":{"rendered":"https:\/\/www.visitsoglianoalrubicone.it\/die-poesie-der-orte-kostenlose-fuehrungen\/"},"modified":"2024-12-24T14:16:15","modified_gmt":"2024-12-24T14:16:15","slug":"die-poesie-der-orte-kostenlose-fuehrungen","status":"publish","type":"post","link":"https:\/\/www.visitsoglianoalrubicone.it\/de\/die-poesie-der-orte-kostenlose-fuehrungen\/","title":{"rendered":"Die Poesie der Orte &#8211; Kostenlose F\u00fchrungen"},"content":{"rendered":"<p>[vc_row full_width=&#8220;stretch_row_content_no_spaces&#8220;][vc_column][vc_single_image image=&#8220;22651&#8243; img_size=&#8220;1920 x 450&#8243; alignment=&#8220;center&#8220; el_class=&#8220;infotronik_banner_pagina&#8220;]\n\t\t\t<section class=\"do-normal-page-title-section infotronik_page_title_section_little\">\n\t\t\t\t<div class=\"container\">\n\t\t\t\t\t<div class=\"row uppercase\">\n\t\t\t\n\t\t\t\t\t\t<div class=\"do-page-title-wrapper\">\n\t\t\t\t\t\t\t<div class=\"do-default-page-title col-md-7 col-sm-7 col-xs-12\">\n\t\t\t\t\t\t\t\t<h2 info=46 class=\"infotronik_page_title_little\">La poesia dei luoghi - Visite guidate gratuite<\/h2>\n\t\t\t\t\t\t\t\t<p><\/p>\n\t\t\t\t\t\t\t<\/div>\n\t\t\t\n\t\t\t\t\t\t\t<div class=\"do-breadcumb\"><ul><\/ul><\/div>\n\t\t\t\t\t\t<\/div>\n\t\t\t\n\t\t\t\t\t<\/div>\n\t\t\t\t<\/div>\n\t\t\t<\/section>\n\t\t[vc_empty_space height=&#8220;20px&#8220;][vc_row_inner][vc_column_inner][vc_column_text]<\/p>\n<p>.<\/p>\n<p>\n<strong>Periodo:<\/strong> domenica 17-24 novembre e 1 dicembre 2024<br\/><strong>Orario Partenze Visite:<\/strong> 09:30 e 15:00<br\/><strong>Luogo partenza: <\/strong>Uff. Turistico, Piazza della Repubblica 35 (Centro Storico)<strong><br\/><\/strong><strong>Accesso: <\/strong>gratuito &#8211; <strong>Posti limitati<\/strong> &#8211; prenotazione obbligatoria (apertura prenotazioni 4 novembre)<br\/><strong>Durata:<\/strong> 1h circa<strong><br\/>Prenotazioni ed Informazioni al pubblico:<\/strong> 0541-817340 (Luned\u00ec, mercoled\u00ec, gioved\u00ec, venerd\u00ec dalle 09:00 alle 13:00 \u2013\u00a0 sabato e domenica dalla 09:30-12:30) * Previa disponibilit\u00e0 sar\u00e0 possibile prenotare direttamente in loco durante le giornate della Fiera&#13;\n<p><strong>Veranstalter:<\/strong> Pro Loco Sogliano al Rubicone in Zusammenarbeit mit der Gemeinde Sogliano al Rubicone, Amt f\u00fcr Kultur und Tourismus.  <\/p>&#13;\n<p>&#8218;Die Poesie der Orte&#8216;  <br\/>Die 49. K\u00e4semesse von Sogliano Fossa wird durch eine Reihe von kostenlosen F\u00fchrungen bereichert, die sich mit der Beziehung zwischen Territorium und Poesie befassen, und zwar durch ber\u00fchmte Pers\u00f6nlichkeiten wie Giovanni Pascoli, Tonino Guerra, Ilario Fioravanti und Agostino Venanzio Reali.<\/p>&#13;\n<p>[\/vc_column_text][vc_single_image image=&#8220;22652&#8243; img_size=&#8220;full&#8220; alignment=&#8220;center&#8220; onclick=&#8220;link_image&#8220;][vc_empty_space height=&#8220;50px&#8220;][\/vc_column_inner][\/vc_row_inner][\/vc_column][\/vc_row]<\/p>","protected":false},"excerpt":{"rendered":"<p>[vc_row full_width=&#8220;stretch_row_content_no_spaces&#8220;][vc_column][vc_single_image image=&#8220;22651&#8243; img_size=&#8220;1920 x 450&#8243; alignment=&#8220;center&#8220; el_class=&#8220;infotronik_banner_pagina&#8220;][vc_empty_space height=&#8220;20px&#8220;][vc_row_inner][vc_column_inner][vc_column_text] . Periodo: domenica 17-24 novembre e 1 dicembre 2024Orario Partenze Visite: 09:30&#8230;<\/p>\n","protected":false},"author":3,"featured_media":22650,"comment_status":"closed","ping_status":"open","sticky":false,"template":"","format":"standard","meta":{"loftloader_page_shortcode":""},"categories":[821,824],"tags":[1071,823,984,982,983,827,1185],"_links":{"self":[{"href":"https:\/\/www.visitsoglianoalrubicone.it\/de\/wp-json\/wp\/v2\/posts\/22643"}],"collection":[{"href":"https:\/\/www.visitsoglianoalrubicone.it\/de\/wp-json\/wp\/v2\/posts"}],"about":[{"href":"https:\/\/www.visitsoglianoalrubicone.it\/de\/wp-json\/wp\/v2\/types\/post"}],"author":[{"embeddable":true,"href":"https:\/\/www.visitsoglianoalrubicone.it\/de\/wp-json\/wp\/v2\/users\/3"}],"replies":[{"embeddable":true,"href":"https:\/\/www.visitsoglianoalrubicone.it\/de\/wp-json\/wp\/v2\/comments?post=22643"}],"version-history":[{"count":4,"href":"https:\/\/www.visitsoglianoalrubicone.it\/de\/wp-json\/wp\/v2\/posts\/22643\/revisions"}],"predecessor-version":[{"id":25925,"href":"https:\/\/www.visitsoglianoalrubicone.it\/de\/wp-json\/wp\/v2\/posts\/22643\/revisions\/25925"}],"wp:featuredmedia":[{"embeddable":true,"href":"https:\/\/www.visitsoglianoalrubicone.it\/de\/wp-json\/wp\/v2\/media\/22650"}],"wp:attachment":[{"href":"https:\/\/www.visitsoglianoalrubicone.it\/de\/wp-json\/wp\/v2\/media?parent=22643"}],"wp:term":[{"taxonomy":"category","embeddable":true,"href":"https:\/\/www.visitsoglianoalrubicone.it\/de\/wp-json\/wp\/v2\/categories?post=22643"},{"taxonomy":"post_tag","embeddable":true,"href":"https:\/\/www.visitsoglianoalrubicone.it\/de\/wp-json\/wp\/v2\/tags?post=22643"}],"curies":[{"name":"wp","href":"https:\/\/api.w.org\/{rel}","templated":true}]}}