{"id":23417,"date":"2024-02-29T12:29:08","date_gmt":"2024-02-29T12:29:08","guid":{"rendered":"https:\/\/www.visitsoglianoalrubicone.it\/xavier-rudd-soglianosonica\/"},"modified":"2024-12-06T10:21:22","modified_gmt":"2024-12-06T10:21:22","slug":"xavier-rudd-soglianosonica","status":"publish","type":"post","link":"https:\/\/www.visitsoglianoalrubicone.it\/de\/xavier-rudd-soglianosonica\/","title":{"rendered":"Xavier Rudd &#8211; SoglianoSonica"},"content":{"rendered":"<p>[vc_row full_width=&#8220;stretch_row_content_no_spaces&#8220;][vc_column][vc_single_image image=&#8220;23420&#8243; img_size=&#8220;1920 x 450&#8243; alignment=&#8220;center&#8220; el_class=&#8220;infotronik_banner_pagina&#8220;]\n\t\t\t<section class=\"do-normal-page-title-section\">\n\t\t\t\t<div class=\"container\">\n\t\t\t\t\t<div class=\"row uppercase\">\n\t\t\t\n\t\t\t\t\t\t<div class=\"do-page-title-wrapper\">\n\t\t\t\t\t\t\t<div class=\"do-default-page-title col-md-7 col-sm-7 col-xs-12\">\n\t\t\t\t\t\t\t\t<h2 info=28 class=\"infotronik_page_title_big\">Xavier Rudd - SoglianoSonica<\/h2>\n\t\t\t\t\t\t\t\t<p><\/p>\n\t\t\t\t\t\t\t<\/div>\n\t\t\t\n\t\t\t\t\t\t\t<div class=\"do-breadcumb\"><ul><\/ul><\/div>\n\t\t\t\t\t\t<\/div>\n\t\t\t\n\t\t\t\t\t<\/div>\n\t\t\t\t<\/div>\n\t\t\t<\/section>\n\t\t[vc_empty_space height=&#8220;20px&#8220;][vc_row_inner][vc_column_inner][vc_column_text]<\/p>\n<p>\n<strong>Quando:<\/strong> mercoled\u00ec 07 agosto 2024<br\/><strong>Ora inizio:<\/strong> Apertura porte ore 19.00 \u2013 Inizio Concerto h 21:00<br\/><strong>Costo: <\/strong>Biglietto Unico in piedi : 31,05\u00a0 \u20ac<br\/><strong>Luogo: <\/strong>Piazza Matteotti, Sogliano al Rubicone &#8211; ore 21,00<br\/><strong>Organizzatore<\/strong>: Ass. Culturale RetroPop Live <strong><br\/><\/strong><strong>Info:<\/strong> +39 339 214 0806 &#8211; <a href=\"mailto:retropoplive@gmail.com\" target=\"_blank\" rel=\"noopener\">retropoplive@gmail.com<\/a><br\/><strong>Prevendite online<\/strong>: <a href=\"https:\/\/www.ticketone.it\/event\/xavier-rudd-piazza-matteotti-18349823\/\" target=\"_blank\" rel=\"noopener\">https:\/\/www.ticketone.it\/event\/xavier-rudd-piazza-matteotti-18349823\/<\/a><br\/><strong>Punti vendita autorizzati:<\/strong> <a href=\"https:\/\/www.ticketone.it\/help\/outlets\/https:\/\/www.ticketone.it\/help\/outlets\/\" target=\"_blank\" rel=\"noopener\">https:\/\/www.ticketone.it\/help\/outlets\/https:\/\/www.ticketone.it\/help\/outlets\/\u00a0<\/a>&#13;\n<p>Xavier Rudd hat k\u00fcrzlich die Ver\u00f6ffentlichung der Freedom Sessions EP angek\u00fcndigt, die f\u00fcr den 29. M\u00e4rz geplant ist. Dem neuen Werk geht die Ver\u00f6ffentlichung der ersten zweiteiligen Single &#8222;World Order&#8220; voraus. <\/p>&#13;\n<p>[\/vc_column_text][vc_single_image image=&#8220;23421&#8243; img_size=&#8220;full&#8220; alignment=&#8220;center&#8220; onclick=&#8220;link_image&#8220;][vc_empty_space height=&#8220;50px&#8220;][\/vc_column_inner][\/vc_row_inner][\/vc_column][\/vc_row]<\/p>","protected":false},"excerpt":{"rendered":"<p>[vc_row full_width=&#8220;stretch_row_content_no_spaces&#8220;][vc_column][vc_single_image image=&#8220;23420&#8243; img_size=&#8220;1920 x 450&#8243; alignment=&#8220;center&#8220; el_class=&#8220;infotronik_banner_pagina&#8220;][vc_empty_space height=&#8220;20px&#8220;][vc_row_inner][vc_column_inner][vc_column_text] Quando: mercoled\u00ec 07 agosto 2024Ora inizio: Apertura porte ore 19.00 \u2013 Inizio&#8230;<\/p>\n","protected":false},"author":3,"featured_media":23419,"comment_status":"closed","ping_status":"open","sticky":false,"template":"","format":"standard","meta":{"loftloader_page_shortcode":""},"categories":[821,824],"tags":[888,890,827,889,1319],"_links":{"self":[{"href":"https:\/\/www.visitsoglianoalrubicone.it\/de\/wp-json\/wp\/v2\/posts\/23417"}],"collection":[{"href":"https:\/\/www.visitsoglianoalrubicone.it\/de\/wp-json\/wp\/v2\/posts"}],"about":[{"href":"https:\/\/www.visitsoglianoalrubicone.it\/de\/wp-json\/wp\/v2\/types\/post"}],"author":[{"embeddable":true,"href":"https:\/\/www.visitsoglianoalrubicone.it\/de\/wp-json\/wp\/v2\/users\/3"}],"replies":[{"embeddable":true,"href":"https:\/\/www.visitsoglianoalrubicone.it\/de\/wp-json\/wp\/v2\/comments?post=23417"}],"version-history":[{"count":2,"href":"https:\/\/www.visitsoglianoalrubicone.it\/de\/wp-json\/wp\/v2\/posts\/23417\/revisions"}],"predecessor-version":[{"id":23433,"href":"https:\/\/www.visitsoglianoalrubicone.it\/de\/wp-json\/wp\/v2\/posts\/23417\/revisions\/23433"}],"wp:featuredmedia":[{"embeddable":true,"href":"https:\/\/www.visitsoglianoalrubicone.it\/de\/wp-json\/wp\/v2\/media\/23419"}],"wp:attachment":[{"href":"https:\/\/www.visitsoglianoalrubicone.it\/de\/wp-json\/wp\/v2\/media?parent=23417"}],"wp:term":[{"taxonomy":"category","embeddable":true,"href":"https:\/\/www.visitsoglianoalrubicone.it\/de\/wp-json\/wp\/v2\/categories?post=23417"},{"taxonomy":"post_tag","embeddable":true,"href":"https:\/\/www.visitsoglianoalrubicone.it\/de\/wp-json\/wp\/v2\/tags?post=23417"}],"curies":[{"name":"wp","href":"https:\/\/api.w.org\/{rel}","templated":true}]}}