{"id":26462,"date":"2025-01-13T08:31:52","date_gmt":"2025-01-13T08:31:52","guid":{"rendered":"https:\/\/www.visitsoglianoalrubicone.it\/?p=26462"},"modified":"2025-12-12T08:37:48","modified_gmt":"2025-12-12T08:37:48","slug":"auditions-marchen-zum-lachen-und-atem-anhalten-2","status":"publish","type":"post","link":"https:\/\/www.visitsoglianoalrubicone.it\/de\/auditions-marchen-zum-lachen-und-atem-anhalten-2\/","title":{"rendered":"Die Falten des Ged\u00e4chtnisses \u2013 Theaterwerkstatt"},"content":{"rendered":"<p>[vc_row full_width=&#8220;stretch_row_content_no_spaces&#8220;][vc_column][vc_single_image image=&#8220;18259&#8243; img_size=&#8220;1920 x 450&#8243; alignment=&#8220;center&#8220; el_class=&#8220;infotronik_banner_pagina&#8220;]\n\t\t\t<section class=\"do-normal-page-title-section infotronik_page_title_section_little\">\n\t\t\t\t<div class=\"container\">\n\t\t\t\t\t<div class=\"row uppercase\">\n\t\t\t\n\t\t\t\t\t\t<div class=\"do-page-title-wrapper\">\n\t\t\t\t\t\t\t<div class=\"do-default-page-title col-md-7 col-sm-7 col-xs-12\">\n\t\t\t\t\t\t\t\t<h2 info=46 class=\"infotronik_page_title_little\">Le pieghe della Memoria - Laboratorio Teatrale<\/h2>\n\t\t\t\t\t\t\t\t<p><\/p>\n\t\t\t\t\t\t\t<\/div>\n\t\t\t\n\t\t\t\t\t\t\t<div class=\"do-breadcumb\"><ul><\/ul><\/div>\n\t\t\t\t\t\t<\/div>\n\t\t\t\n\t\t\t\t\t<\/div>\n\t\t\t\t<\/div>\n\t\t\t<\/section>\n\t\t[vc_empty_space height=&#8220;20px&#8220;][vc_row_inner][vc_column_inner][vc_column_text]<strong>.<\/strong><\/p>\n<p><strong>Erster Termin:<\/strong> Montag, 27. Januar<br \/>\n<strong>Ort:<\/strong> Ehemalige Pascoli Schule, Piazza Matteotti<br \/>\n<strong>Informationen und Anmeldung:<\/strong> 3355478155 (Giovanni)<\/p>\n<p><strong>THEATERWERKSTATT IN SOGLIANO <\/strong><br \/>\nEine aufregende Reise ins kollektive Ged\u00e4chtnis.<br \/>\nHast du jemals dar\u00fcber nachgedacht, wie Theater denen eine Stimme geben kann, die es nicht mehr erz\u00e4hlen k\u00f6nnen? Dieser Theaterworkshop l\u00e4dt Sie ein, Geschichte zu erkunden und in eine Reise voller Emotionen und Reflexionen einzutauchen. Mit Marco Brambini und Giovanni Tomassini.  <\/p>\n<p><em><strong>Dr\u00fcck dich aus.<\/strong><\/em><br \/>\nEntdecke die transformative Kraft des Theaters: Lege deine Sch\u00fcchternheit beiseite und stelle dich deinen \u00c4ngsten, hab Spa\u00df und gib dich heraus!<\/p>\n<p><strong><em>Es schafft Bindungen.<\/em><\/strong><br \/>\nEr arbeitet mit Menschen jeden Alters zusammen und schafft eine einzigartige Darbietung, die Talent und Leidenschaft verbindet.<\/p>\n<p><em><strong>F\u00fcr wen ist es?<\/strong><\/em><br \/>\nDer Workshop steht sowohl Erwachsenen als auch Erwachsenen offen. Es ist keine Theatererfahrung erforderlich, nur der Wunsch zu spielen und mitzumachen! <\/p>\n<p><em><strong>Fazit in Stil.<\/strong><\/em><br \/>\nDie Reise gipfelt in einer \u00f6ffentlichen Theaterauff\u00fchrung, einer besonderen Gelegenheit, die Fr\u00fcchte unserer Arbeit mit der Gemeinschaft zu teilen und gemeinsam \u00fcber den Wert der Erinnerung nachzudenken.[\/vc_column_text][vc_empty_space height=&#8220;50px&#8220;][vc_single_image image=&#8220;26470&#8243; img_size=&#8220;full&#8220; alignment=&#8220;center&#8220; onclick=&#8220;link_image&#8220;][\/vc_column_inner][\/vc_row_inner][\/vc_column][\/vc_row]<\/p>\n","protected":false},"excerpt":{"rendered":"<p>[vc_row full_width=&#8220;stretch_row_content_no_spaces&#8220;][vc_column][vc_single_image image=&#8220;18259&#8243; img_size=&#8220;1920 x 450&#8243; alignment=&#8220;center&#8220; el_class=&#8220;infotronik_banner_pagina&#8220;][vc_empty_space height=&#8220;20px&#8220;][vc_row_inner][vc_column_inner][vc_column_text]. Erster Termin: Montag, 27. Januar Ort: Ehemalige Pascoli Schule, Piazza Matteotti Informationen&#8230;<\/p>\n","protected":false},"author":3,"featured_media":22391,"comment_status":"closed","ping_status":"open","sticky":false,"template":"","format":"standard","meta":{"loftloader_page_shortcode":""},"categories":[821],"tags":[823,853,827,1106],"_links":{"self":[{"href":"https:\/\/www.visitsoglianoalrubicone.it\/de\/wp-json\/wp\/v2\/posts\/26462"}],"collection":[{"href":"https:\/\/www.visitsoglianoalrubicone.it\/de\/wp-json\/wp\/v2\/posts"}],"about":[{"href":"https:\/\/www.visitsoglianoalrubicone.it\/de\/wp-json\/wp\/v2\/types\/post"}],"author":[{"embeddable":true,"href":"https:\/\/www.visitsoglianoalrubicone.it\/de\/wp-json\/wp\/v2\/users\/3"}],"replies":[{"embeddable":true,"href":"https:\/\/www.visitsoglianoalrubicone.it\/de\/wp-json\/wp\/v2\/comments?post=26462"}],"version-history":[{"count":5,"href":"https:\/\/www.visitsoglianoalrubicone.it\/de\/wp-json\/wp\/v2\/posts\/26462\/revisions"}],"predecessor-version":[{"id":32945,"href":"https:\/\/www.visitsoglianoalrubicone.it\/de\/wp-json\/wp\/v2\/posts\/26462\/revisions\/32945"}],"wp:featuredmedia":[{"embeddable":true,"href":"https:\/\/www.visitsoglianoalrubicone.it\/de\/wp-json\/wp\/v2\/media\/22391"}],"wp:attachment":[{"href":"https:\/\/www.visitsoglianoalrubicone.it\/de\/wp-json\/wp\/v2\/media?parent=26462"}],"wp:term":[{"taxonomy":"category","embeddable":true,"href":"https:\/\/www.visitsoglianoalrubicone.it\/de\/wp-json\/wp\/v2\/categories?post=26462"},{"taxonomy":"post_tag","embeddable":true,"href":"https:\/\/www.visitsoglianoalrubicone.it\/de\/wp-json\/wp\/v2\/tags?post=26462"}],"curies":[{"name":"wp","href":"https:\/\/api.w.org\/{rel}","templated":true}]}}