{"id":26983,"date":"2024-11-04T11:02:31","date_gmt":"2024-11-04T11:02:31","guid":{"rendered":"https:\/\/www.visitsoglianoalrubicone.it\/?p=26983"},"modified":"2025-12-12T08:39:02","modified_gmt":"2025-12-12T08:39:02","slug":"ein-nachmittag-mit-dem-autor-die-unvollendete-geschichte-eines-einsamen-reisenden-3","status":"publish","type":"post","link":"https:\/\/www.visitsoglianoalrubicone.it\/de\/ein-nachmittag-mit-dem-autor-die-unvollendete-geschichte-eines-einsamen-reisenden-3\/","title":{"rendered":"L\u00f2m a Merz &#8211; Le Teglie di Montetiffi"},"content":{"rendered":"<p>[vc_row full_width=&#8220;stretch_row_content_no_spaces&#8220;][vc_column][vc_single_image image=&#8220;18259&#8243; img_size=&#8220;1920 x 450&#8243; alignment=&#8220;center&#8220; el_class=&#8220;infotronik_banner_pagina&#8220;]\n\t\t\t<section class=\"do-normal-page-title-section\">\n\t\t\t\t<div class=\"container\">\n\t\t\t\t\t<div class=\"row uppercase\">\n\t\t\t\n\t\t\t\t\t\t<div class=\"do-page-title-wrapper\">\n\t\t\t\t\t\t\t<div class=\"do-default-page-title col-md-7 col-sm-7 col-xs-12\">\n\t\t\t\t\t\t\t\t<h2 info=11 class=\"infotronik_page_title_big\">L\u00f2m a Merz<\/h2>\n\t\t\t\t\t\t\t\t<p><\/p>\n\t\t\t\t\t\t\t<\/div>\n\t\t\t\n\t\t\t\t\t\t\t<div class=\"do-breadcumb\"><ul><\/ul><\/div>\n\t\t\t\t\t\t<\/div>\n\t\t\t\n\t\t\t\t\t<\/div>\n\t\t\t\t<\/div>\n\t\t\t<\/section>\n\t\t[vc_empty_space height=&#8220;20px&#8220;][vc_row_inner][vc_column_inner][vc_column_text].<\/p>\n<p><strong>Wann: <\/strong>Montag, 3. M\u00e4rz 2025<br \/>\n<strong>Ort:<\/strong> Le Teglie di Montetiffi, via Ville Montetiffi 79, Sogliano al Rubicone<br \/>\n<strong>Startzeit: <\/strong>17:00 Uhr<strong><br \/>\n<\/strong><strong>Eingang:<\/strong> Kostenlos<br \/>\n<strong>Info:<\/strong> 0541940708 &#8211; 3292674296<\/p>\n<p>Im Produktionslabor der antiken Montetiffi-Pfannen wurden seit 1527 f\u00fcr das Kochen von Piada, auch Teggia oder Testo genannt, dokumentiert, einzigartig in ihrer Art<\/p>\n<p>Programm:<br \/>\n 17:00 Uhr<br \/>\n \u2022 Gregorio Carlini: Wanderung auf der Suche nach Landschulen, geeignet f\u00fcr Jung und Alt, Treffen in Le teglie di Montetiffi<\/p>\n<p>Ab 18<br \/>\n Uhr\u2022 Feuerentz\u00fcndung und M\u00f6glichkeit eines Abendessens f\u00fcr alle<br \/>\n\u2022 Gru\u00df der B\u00fcrgermeisterin von Sogliano al Rubicone, Tania Bocchini.<br \/>\n\u2022 Kleine l\u00e4ndliche Schulen gestern und heute mit Fabio Molari, das Beispiel des Ecoinstitute of Appropriate Technologies von Gian Franco Zavalloni.<br \/>\n\u2022 Didaktik und Bioregionalit\u00e4t mit Elena Campacci, Outdoor-Trainerin und P\u00e4dagogin, Lernen durch Kontakt und Realit\u00e4t.<br \/>\n\u2022 Fotoausstellung zu lokalen Aktivit\u00e4ten von Simone Pari.<br \/>\n\u2022 Soziale Teggia: Wir machen die Piada und kochen sie dann auf den Tabletts von Montetiffi, ein f\u00fcr alle zug\u00e4nglicher Kurs-Workshop, kuratiert von Andrea Marini und Manuel Zani<br \/>\n. \u2022 Ethnische Volksmusik, Musik und T\u00e4nze der Traditionen.<\/p>\n<p>Gastgeberte Unternehmen:<br \/>\n \u2022 Az. Agr. Il fornaccio di Rovelli Giorgia Holzgebranntes Brot und Backprodukte<x id=\"gid_1\"><\/x>Via Ville Montetiffi 77, Sogliano al Rubicone (Fc), Zelle 366 3193033, ilfornaccio.agr@gmail.com<br \/>\n\u2022 Terra terra di Marco e Aruka Handgefertigte Keramik &amp; artigianato giapponese<br \/>\nSogliano al Rubicone (Fc), Zelle 333 5998216<br \/>\n\u2022 Adriano Bizzocchi und Alberta Albertini Objekte, die ausschlie\u00dflich aus recyceltem Material hergestellt wurden Rontagnano &#8211; Sogliano al Rubicone (Fc)<br \/>\n\u2022 Al meni von Elena und Cristian Cestai f\u00fcr Leidenschaft: Weben, Natur und Territorium<br \/>\n, praktische Demonstration von Korbflechterei und gewebten Artefakten.<br \/>\n\u2022 Az. Agr. La Vischia von Mariaelena Maroncelli<br \/>\nSchafzucht, Brombeere aus der Romagna, Niedrighof- und Pferdetraining, K\u00e4seproduktion. Loc. Pietra dell&#8217;Uso \u2013 Sogliano al Rubicone (Fc)<br \/>\n\u2022 Egidio Miserocchi Druck auf Stoffen; bringen Sie eine Leinwand von maximal 60&#215;40 mit und wir drucken sie zusammen. Via Palavese 12, San Zaccaria di Ravenna, Zelle. 333 7415022<br \/>\n\u2022 Saporiti Schwert di Roberto Saporiti Produktion historischer Waffen Via Ponte Uso 1, Sogliano al Rubicone (Fc)<br \/>\n\u2022 Stefano Pransani von Molino Pransani Srl Seit 1921: Mehle aus biologischen Urgetreide.<br \/>\nVia Bivio Montegelli 4, Sogliano al Rubicone (FC)[\/vc_column_text][vc_empty_space height=&#8220;50px&#8220;][vc_single_image image=&#8220;27002&#8243; img_size=&#8220;full&#8220; alignment=&#8220;center&#8220; onclick=&#8220;link_image&#8220;][\/vc_column_inner][\/vc_row_inner][\/vc_column][\/vc_row]<\/p>\n","protected":false},"excerpt":{"rendered":"<p>[vc_row full_width=&#8220;stretch_row_content_no_spaces&#8220;][vc_column][vc_single_image image=&#8220;18259&#8243; img_size=&#8220;1920 x 450&#8243; alignment=&#8220;center&#8220; el_class=&#8220;infotronik_banner_pagina&#8220;][vc_empty_space height=&#8220;20px&#8220;][vc_row_inner][vc_column_inner][vc_column_text]. Wann: Montag, 3. M\u00e4rz 2025 Ort: Le Teglie di Montetiffi, via Ville&#8230;<\/p>\n","protected":false},"author":3,"featured_media":26994,"comment_status":"closed","ping_status":"open","sticky":false,"template":"","format":"standard","meta":{"loftloader_page_shortcode":""},"categories":[821,824],"tags":[823,1669,827,1421,879],"_links":{"self":[{"href":"https:\/\/www.visitsoglianoalrubicone.it\/de\/wp-json\/wp\/v2\/posts\/26983"}],"collection":[{"href":"https:\/\/www.visitsoglianoalrubicone.it\/de\/wp-json\/wp\/v2\/posts"}],"about":[{"href":"https:\/\/www.visitsoglianoalrubicone.it\/de\/wp-json\/wp\/v2\/types\/post"}],"author":[{"embeddable":true,"href":"https:\/\/www.visitsoglianoalrubicone.it\/de\/wp-json\/wp\/v2\/users\/3"}],"replies":[{"embeddable":true,"href":"https:\/\/www.visitsoglianoalrubicone.it\/de\/wp-json\/wp\/v2\/comments?post=26983"}],"version-history":[{"count":6,"href":"https:\/\/www.visitsoglianoalrubicone.it\/de\/wp-json\/wp\/v2\/posts\/26983\/revisions"}],"predecessor-version":[{"id":33030,"href":"https:\/\/www.visitsoglianoalrubicone.it\/de\/wp-json\/wp\/v2\/posts\/26983\/revisions\/33030"}],"wp:featuredmedia":[{"embeddable":true,"href":"https:\/\/www.visitsoglianoalrubicone.it\/de\/wp-json\/wp\/v2\/media\/26994"}],"wp:attachment":[{"href":"https:\/\/www.visitsoglianoalrubicone.it\/de\/wp-json\/wp\/v2\/media?parent=26983"}],"wp:term":[{"taxonomy":"category","embeddable":true,"href":"https:\/\/www.visitsoglianoalrubicone.it\/de\/wp-json\/wp\/v2\/categories?post=26983"},{"taxonomy":"post_tag","embeddable":true,"href":"https:\/\/www.visitsoglianoalrubicone.it\/de\/wp-json\/wp\/v2\/tags?post=26983"}],"curies":[{"name":"wp","href":"https:\/\/api.w.org\/{rel}","templated":true}]}}