{"id":28753,"date":"2024-09-14T18:20:17","date_gmt":"2024-09-14T18:20:17","guid":{"rendered":"https:\/\/www.visitsoglianoalrubicone.it\/?p=28753"},"modified":"2025-12-12T08:56:12","modified_gmt":"2025-12-12T08:56:12","slug":"max-angioni-soglianosonica-3","status":"publish","type":"post","link":"https:\/\/www.visitsoglianoalrubicone.it\/de\/max-angioni-soglianosonica-3\/","title":{"rendered":"Fantastischer Negrito \u2013 Sogliano Sonica"},"content":{"rendered":"<p>[vc_row full_width=&#8220;stretch_row_content_no_spaces&#8220;][vc_column][vc_single_image image=&#8220;28804&#8243; img_size=&#8220;1920 x 450&#8243; alignment=&#8220;center&#8220; el_class=&#8220;infotronik_banner_pagina&#8220;]\n\t\t\t<section class=\"do-normal-page-title-section infotronik_page_title_section_little\">\n\t\t\t\t<div class=\"container\">\n\t\t\t\t\t<div class=\"row uppercase\">\n\t\t\t\n\t\t\t\t\t\t<div class=\"do-page-title-wrapper\">\n\t\t\t\t\t\t\t<div class=\"do-default-page-title col-md-7 col-sm-7 col-xs-12\">\n\t\t\t\t\t\t\t\t<h2 info=41 class=\"infotronik_page_title_little\">Fantastischer Negrito \u2013 Sogliano Sonica<\/h2>\n\t\t\t\t\t\t\t\t<p><\/p>\n\t\t\t\t\t\t\t<\/div>\n\t\t\t\n\t\t\t\t\t\t\t<div class=\"do-breadcumb\"><ul><\/ul><\/div>\n\t\t\t\t\t\t<\/div>\n\t\t\t\n\t\t\t\t\t<\/div>\n\t\t\t\t<\/div>\n\t\t\t<\/section>\n\t\t[vc_empty_space height=&#8220;20px&#8220;][vc_row_inner][vc_column_inner][vc_column_text]<\/p>\n<p>\n<strong>Quando:<\/strong> sabato 9 agosto 2025<br\/><strong>Ora inizio:<\/strong> Apertura porte ore 19.00 \u2013 Inizio h 21:00<br\/><strong>Costo:<br\/><\/strong>Posto Unico: \u20ac 28,75 + comm.<br\/><strong>Luogo: <\/strong>Piazza Matteotti, Sogliano al Rubicone &#8211; ore 21,00<br\/><strong>Organizzatore<\/strong>: Ass. Culturale RetroPop Live <strong><br\/><\/strong><strong>Info:<\/strong> +39 339 214 0806 &#8211; <a href=\"mailto:retropoplive@gmail.com\" target=\"_blank\" rel=\"noopener\">retropoplive@gmail.com<\/a><br\/><strong>Prevendite online<\/strong>: <a href=\"https:\/\/www.ticketone.it\/event\/fantastic-negrito-piazza-matteotti-19610685\/\" target=\"_blank\" rel=\"noopener\">https:\/\/www.ticketone.it\/event\/fantastic-negrito-piazza-matteotti-19610685\/<\/a><br\/><strong>Punti vendita autorizzati:<\/strong> <a href=\"https:\/\/www.ticketone.it\/help\/outlets\/https:\/\/www.ticketone.it\/help\/outlets\/\" target=\"_blank\" rel=\"noopener\">https:\/\/www.ticketone.it\/help\/outlets\/https:\/\/www.ticketone.it\/help\/outlets\/\u00a0<\/a>\n<p>Unter den K\u00fcnstlern, die vom italienischen Publikum, das gute Musik liebt, am meisten gesch\u00e4tzt werden, wird Fantastic Negrito n\u00e4chsten Sommer wieder in unser Land zur\u00fcckkehren, um live Son of a Broken Man zu pr\u00e4sentieren, das letzten Oktober auf seinem Label Storefront Records ver\u00f6ffentlicht wurde.<\/p>\n<p><b>EMPFOHLENES PARKEN:<br\/><\/b>Via Aldo Moro \u2013 Via Vignola \u2013 Via della Resistenza \u2013 Via Ugo la Malfa<br\/><b>Parkpl\u00e4tze f\u00fcr Menschen mit Behinderung:<\/b> Via XX Settembre (schreiben Sie an <a href=\"mailto:retropoplive@gmail.com\">retropoplive@gmail.com<\/a> )<\/p>\n<p>[\/vc_column_text][vc_single_image image=&#8220;30079&#8243; img_size=&#8220;full&#8220; alignment=&#8220;center&#8220; onclick=&#8220;link_image&#8220;][vc_single_image image=&#8220;28744&#8243; img_size=&#8220;full&#8220; alignment=&#8220;center&#8220; onclick=&#8220;link_image&#8220;][vc_empty_space height=&#8220;50px&#8220;][\/vc_column_inner][\/vc_row_inner][\/vc_column][\/vc_row]<\/p>","protected":false},"excerpt":{"rendered":"<p>[vc_row full_width=&#8220;stretch_row_content_no_spaces&#8220;][vc_column][vc_single_image image=&#8220;28804&#8243; img_size=&#8220;1920 x 450&#8243; alignment=&#8220;center&#8220; el_class=&#8220;infotronik_banner_pagina&#8220;][vc_empty_space height=&#8220;20px&#8220;][vc_row_inner][vc_column_inner][vc_column_text] Quando: sabato 9 agosto 2025Ora inizio: Apertura porte ore 19.00 \u2013 Inizio&#8230;<\/p>\n","protected":false},"author":3,"featured_media":28736,"comment_status":"closed","ping_status":"open","sticky":false,"template":"","format":"standard","meta":{"loftloader_page_shortcode":""},"categories":[821,824],"tags":[888,1779,890,827,889],"_links":{"self":[{"href":"https:\/\/www.visitsoglianoalrubicone.it\/de\/wp-json\/wp\/v2\/posts\/28753"}],"collection":[{"href":"https:\/\/www.visitsoglianoalrubicone.it\/de\/wp-json\/wp\/v2\/posts"}],"about":[{"href":"https:\/\/www.visitsoglianoalrubicone.it\/de\/wp-json\/wp\/v2\/types\/post"}],"author":[{"embeddable":true,"href":"https:\/\/www.visitsoglianoalrubicone.it\/de\/wp-json\/wp\/v2\/users\/3"}],"replies":[{"embeddable":true,"href":"https:\/\/www.visitsoglianoalrubicone.it\/de\/wp-json\/wp\/v2\/comments?post=28753"}],"version-history":[{"count":5,"href":"https:\/\/www.visitsoglianoalrubicone.it\/de\/wp-json\/wp\/v2\/posts\/28753\/revisions"}],"predecessor-version":[{"id":34054,"href":"https:\/\/www.visitsoglianoalrubicone.it\/de\/wp-json\/wp\/v2\/posts\/28753\/revisions\/34054"}],"wp:featuredmedia":[{"embeddable":true,"href":"https:\/\/www.visitsoglianoalrubicone.it\/de\/wp-json\/wp\/v2\/media\/28736"}],"wp:attachment":[{"href":"https:\/\/www.visitsoglianoalrubicone.it\/de\/wp-json\/wp\/v2\/media?parent=28753"}],"wp:term":[{"taxonomy":"category","embeddable":true,"href":"https:\/\/www.visitsoglianoalrubicone.it\/de\/wp-json\/wp\/v2\/categories?post=28753"},{"taxonomy":"post_tag","embeddable":true,"href":"https:\/\/www.visitsoglianoalrubicone.it\/de\/wp-json\/wp\/v2\/tags?post=28753"}],"curies":[{"name":"wp","href":"https:\/\/api.w.org\/{rel}","templated":true}]}}