{"id":29068,"date":"2024-09-28T20:25:47","date_gmt":"2024-09-28T20:25:47","guid":{"rendered":"https:\/\/www.visitsoglianoalrubicone.it\/?p=29068"},"modified":"2025-12-12T08:52:22","modified_gmt":"2025-12-12T08:52:22","slug":"nove-colli-running-2023-24-ausgabe-4","status":"publish","type":"post","link":"https:\/\/www.visitsoglianoalrubicone.it\/de\/nove-colli-running-2023-24-ausgabe-4\/","title":{"rendered":"Strigara zur Feier&#8230; 2025!"},"content":{"rendered":"<p>[vc_row full_width=&#8220;stretch_row_content_no_spaces&#8220;][vc_column][vc_single_image image=&#8220;18259&#8243; img_size=&#8220;1920 x 450&#8243; alignment=&#8220;center&#8220; el_class=&#8220;infotronik_banner_pagina&#8220;]\n\t\t\t<section class=\"do-normal-page-title-section\">\n\t\t\t\t<div class=\"container\">\n\t\t\t\t\t<div class=\"row uppercase\">\n\t\t\t\n\t\t\t\t\t\t<div class=\"do-page-title-wrapper\">\n\t\t\t\t\t\t\t<div class=\"do-default-page-title col-md-7 col-sm-7 col-xs-12\">\n\t\t\t\t\t\t\t\t<h2 info=27 class=\"infotronik_page_title_big\">Strigara zur Feier... 2025!<\/h2>\n\t\t\t\t\t\t\t\t<p><\/p>\n\t\t\t\t\t\t\t<\/div>\n\t\t\t\n\t\t\t\t\t\t\t<div class=\"do-breadcumb\"><ul><\/ul><\/div>\n\t\t\t\t\t\t<\/div>\n\t\t\t\n\t\t\t\t\t<\/div>\n\t\t\t\t<\/div>\n\t\t\t<\/section>\n\t\t[vc_empty_space height=&#8220;20px&#8220;][vc_row_inner][vc_column_inner][vc_column_text]<\/p>\n<p>\n<strong>.<\/strong>\n<p><strong>Zeitraum:<\/strong> 12.11.13. Juli 2025<br\/><strong>Ort: <\/strong>Via Strigara Castello, Strigara (Dorf Sogliano al Rubicone)<br\/><strong>Organisator:<\/strong> Pro Loco Strigara-Rubicone<\/p>\n<p>\u00a0<\/p>\n<p>Freitag, 11. Juli<br\/>21:15 Uhr \u2013 Theaterst\u00fcck &#8222;Verboten f\u00fcr \u00fcber 18 Jahre&#8220; von der Firma &#8222;La Cumpa&#8220; in Zusammenarbeit mit ass. Musikdiffusion. <\/p>\n<p>Samstag, 12. Juli<br\/>19:30 Uhr: Tanzauff\u00fchrung der &#8222;Sogliano Dance&#8220;-Schule<br\/>21:30 Uhr: Konzert von Drunken Lullabies<\/p>\n<p>Sonntag, 13. Juli<br\/>16:00 Uhr: Heilige Messe und Prozession zu Ehren der S.S. Madonna del Carmine<br\/>17:30 Uhr: Musikalische Unterhaltung und Karaoke<\/p>\n<p>[\/vc_column_text][vc_single_image image=&#8220;29080&#8243; img_size=&#8220;full&#8220; alignment=&#8220;center&#8220; onclick=&#8220;link_image&#8220;][\/vc_column_inner][\/vc_row_inner][\/vc_column][\/vc_row]<\/p>","protected":false},"excerpt":{"rendered":"<p>[vc_row full_width=&#8220;stretch_row_content_no_spaces&#8220;][vc_column][vc_single_image image=&#8220;18259&#8243; img_size=&#8220;1920 x 450&#8243; alignment=&#8220;center&#8220; el_class=&#8220;infotronik_banner_pagina&#8220;][vc_empty_space height=&#8220;20px&#8220;][vc_row_inner][vc_column_inner][vc_column_text] . Zeitraum: 12.11.13. Juli 2025Ort: Via Strigara Castello, Strigara (Dorf Sogliano al&#8230;<\/p>\n","protected":false},"author":3,"featured_media":29084,"comment_status":"closed","ping_status":"open","sticky":false,"template":"","format":"standard","meta":{"loftloader_page_shortcode":""},"categories":[821,824],"tags":[1710,823,1735,827,1389],"_links":{"self":[{"href":"https:\/\/www.visitsoglianoalrubicone.it\/de\/wp-json\/wp\/v2\/posts\/29068"}],"collection":[{"href":"https:\/\/www.visitsoglianoalrubicone.it\/de\/wp-json\/wp\/v2\/posts"}],"about":[{"href":"https:\/\/www.visitsoglianoalrubicone.it\/de\/wp-json\/wp\/v2\/types\/post"}],"author":[{"embeddable":true,"href":"https:\/\/www.visitsoglianoalrubicone.it\/de\/wp-json\/wp\/v2\/users\/3"}],"replies":[{"embeddable":true,"href":"https:\/\/www.visitsoglianoalrubicone.it\/de\/wp-json\/wp\/v2\/comments?post=29068"}],"version-history":[{"count":5,"href":"https:\/\/www.visitsoglianoalrubicone.it\/de\/wp-json\/wp\/v2\/posts\/29068\/revisions"}],"predecessor-version":[{"id":33701,"href":"https:\/\/www.visitsoglianoalrubicone.it\/de\/wp-json\/wp\/v2\/posts\/29068\/revisions\/33701"}],"wp:featuredmedia":[{"embeddable":true,"href":"https:\/\/www.visitsoglianoalrubicone.it\/de\/wp-json\/wp\/v2\/media\/29084"}],"wp:attachment":[{"href":"https:\/\/www.visitsoglianoalrubicone.it\/de\/wp-json\/wp\/v2\/media?parent=29068"}],"wp:term":[{"taxonomy":"category","embeddable":true,"href":"https:\/\/www.visitsoglianoalrubicone.it\/de\/wp-json\/wp\/v2\/categories?post=29068"},{"taxonomy":"post_tag","embeddable":true,"href":"https:\/\/www.visitsoglianoalrubicone.it\/de\/wp-json\/wp\/v2\/tags?post=29068"}],"curies":[{"name":"wp","href":"https:\/\/api.w.org\/{rel}","templated":true}]}}