{"id":31503,"date":"2026-03-27T10:00:08","date_gmt":"2026-03-27T10:00:08","guid":{"rendered":"https:\/\/www.visitsoglianoalrubicone.it\/?p=31503"},"modified":"2026-03-29T20:35:16","modified_gmt":"2026-03-29T20:35:16","slug":"roberto-mercadini-die-schonheit-der-worte-schauspielerprobe-xxvi-6","status":"publish","type":"post","link":"https:\/\/www.visitsoglianoalrubicone.it\/de\/roberto-mercadini-die-schonheit-der-worte-schauspielerprobe-xxvi-6\/","title":{"rendered":"Elio \u2013 Die Neubewertung der Traurigkeit \u2013 Schauspielertest 25\/26"},"content":{"rendered":"<p>[vc_row full_width=&#8220;stretch_row_content_no_spaces&#8220;][vc_column][vc_single_image image=&#8220;18259&#8243; img_size=&#8220;1920 x 450&#8243; alignment=&#8220;center&#8220; el_class=&#8220;infotronik_banner_pagina&#8220;]\n\t\t\t<section class=\"do-normal-page-title-section infotronik_page_title_section_little\">\n\t\t\t\t<div class=\"container\">\n\t\t\t\t\t<div class=\"row uppercase\">\n\t\t\t\n\t\t\t\t\t\t<div class=\"do-page-title-wrapper\">\n\t\t\t\t\t\t\t<div class=\"do-default-page-title col-md-7 col-sm-7 col-xs-12\">\n\t\t\t\t\t\t\t\t<h2 info=62 class=\"infotronik_page_title_little\">Elio - La rivalutazione della tristezza - Prova d'Attore 25\/26<\/h2>\n\t\t\t\t\t\t\t\t<p><\/p>\n\t\t\t\t\t\t\t<\/div>\n\t\t\t\n\t\t\t\t\t\t\t<div class=\"do-breadcumb\"><ul><\/ul><\/div>\n\t\t\t\t\t\t<\/div>\n\t\t\t\n\t\t\t\t\t<\/div>\n\t\t\t\t<\/div>\n\t\t\t<\/section>\n\t\t[vc_empty_space height=&#8220;20px&#8220;][vc_row_inner][vc_column_inner][vc_column_text]<strong>.<\/strong><\/p>\n<p><strong>Wann: Freitag,<\/strong> 27. M\u00e4rz 2026<strong><br \/>\n<\/strong><strong>Wobei:<\/strong> Elisabetta Turroni Stadttheater<br \/>\nDie <strong>Show beginnt: <\/strong>21:00<strong><br \/>\nUhr Eintritt:<\/strong> Volle \u20ac 18 &#8211; Reduziert \u20ac 15 \u20ac (\u00fcber 65, junge Menschen bis 24 Jahre)<br \/>\n<strong>Veranstalter: <\/strong>Sillaba Societ\u00e0 Cooperativa<br \/>\n<strong>Abonnement:<\/strong> Volle 90 \u20ac \u2013 reduzierte 80 \u20ac<br \/>\n<strong>Saisonkartenkampagne: <\/strong>Abonnementverl\u00e4ngerung vom 20. bis 27. November durch Best\u00e4tigung Ihres Sillaba-Abonnements \u2013 Neue Abonnements vom 28. November bis 5. Dezember durch Schreiben an 370.3685093 \/ spettatore@sillaba.org<br \/>\n<strong>Kartenkasse: <\/strong>370.3685093 (WhatsApp 16\u201319 Uhr von Montag bis Freitag und am Tag der Vorstellung) \u2013 spettatore@sillaba.org<br \/>\nTickets f\u00fcr einzelne Shows sind ab dem 10. Dezember mit telefonischer Reservierung erh\u00e4ltlich.<br \/>\nDie Kinokasse ist an Vorstellungsabenden ab 20:00 Uhr ge\u00f6ffnet<\/p>\n<p><strong>ELIO Die Neubewertung von Traurigkeit. <\/strong><br \/>\nmit Alberto Tafuri am Klavier<br \/>\n&#8222;Mach nicht den Fehler, Traurigkeit herabzuw\u00fcrdigen! &#8222;Elio e le Storie Tese Elio, begleitet vom Maestro Alberto Tafuri am Klavier, begibt sich auf eine musikalische Reise, um Traurigkeit wiederzuentdecken \u2013 ein Gef\u00fchl, das sich durch die Geschichte der Kunst und jeder Form menschlichen Ausdrucks zieht \u2013 von Catull bis Virginia Woolf, von Munch bis Donald Duck \u2013 und das dennoch heute oft gef\u00fcrchtet und entfernt wird. Das Ziel ist es, Adel und Notwendigkeit durch die Worte und Noten einiger gro\u00dfer K\u00fcnstler der italienischen und internationalen Musiktradition in Traurigkeit zur\u00fcckzuf\u00fchren. Traurigkeit ist im Grunde nicht schlecht, aber wie Graserbsen und Safran sollte man sie in kleinen Dosen einnehmen und wenn man es \u00fcbertreibt, braucht man ein Gegenmittel. Aus diesem Grund enth\u00e4lt die Show auch passende Eins\u00e4tze fr\u00f6hlicher Lieder.<br \/>\n<strong>N\u00c4CHSTE ERNENNUNGEN PROVA D&#8217;ATTORE 25\/26 &#8211; Ausgabe XXVII:<br \/>\n<\/strong><\/p>\n<p>Samstag, 11. April<br \/>\n<strong>FRANCESCO PICCOLO \u2013 Der Leopard. Eine unglaubliche Geschichte <\/strong><\/p>\n<p>Abschluss:<br \/>\n Sonntag, 29. M\u00e4rz<br \/>\n<strong>FRANCESCA CESARETTI im Konzert \u2013 Le Temps Suspendu<\/strong><br \/>\nRezitalkonzert zur Pr\u00e4sentation des Albums des Pianisten[\/vc_column_text][vc_empty_space height=&#8220;50px&#8220;][vc_single_image image=&#8220;31512&#8243; img_size=&#8220;full&#8220; alignment=&#8220;center&#8220; onclick=&#8220;link_image&#8220;][vc_single_image image=&#8220;31407&#8243; img_size=&#8220;full&#8220; alignment=&#8220;center&#8220; onclick=&#8220;link_image&#8220;][\/vc_column_inner][\/vc_row_inner][\/vc_column][\/vc_row]<\/p>\n","protected":false},"excerpt":{"rendered":"<p>[vc_row full_width=&#8220;stretch_row_content_no_spaces&#8220;][vc_column][vc_single_image image=&#8220;18259&#8243; img_size=&#8220;1920 x 450&#8243; alignment=&#8220;center&#8220; el_class=&#8220;infotronik_banner_pagina&#8220;][vc_empty_space height=&#8220;20px&#8220;][vc_row_inner][vc_column_inner][vc_column_text]. Wann: Freitag, 27. M\u00e4rz 2026 Wobei: Elisabetta Turroni Stadttheater Die Show beginnt:&#8230;<\/p>\n","protected":false},"author":3,"featured_media":31554,"comment_status":"closed","ping_status":"open","sticky":false,"template":"","format":"standard","meta":{"loftloader_page_shortcode":""},"categories":[821],"tags":[1644,1645,823,827,1106],"_links":{"self":[{"href":"https:\/\/www.visitsoglianoalrubicone.it\/de\/wp-json\/wp\/v2\/posts\/31503"}],"collection":[{"href":"https:\/\/www.visitsoglianoalrubicone.it\/de\/wp-json\/wp\/v2\/posts"}],"about":[{"href":"https:\/\/www.visitsoglianoalrubicone.it\/de\/wp-json\/wp\/v2\/types\/post"}],"author":[{"embeddable":true,"href":"https:\/\/www.visitsoglianoalrubicone.it\/de\/wp-json\/wp\/v2\/users\/3"}],"replies":[{"embeddable":true,"href":"https:\/\/www.visitsoglianoalrubicone.it\/de\/wp-json\/wp\/v2\/comments?post=31503"}],"version-history":[{"count":36,"href":"https:\/\/www.visitsoglianoalrubicone.it\/de\/wp-json\/wp\/v2\/posts\/31503\/revisions"}],"predecessor-version":[{"id":38940,"href":"https:\/\/www.visitsoglianoalrubicone.it\/de\/wp-json\/wp\/v2\/posts\/31503\/revisions\/38940"}],"wp:featuredmedia":[{"embeddable":true,"href":"https:\/\/www.visitsoglianoalrubicone.it\/de\/wp-json\/wp\/v2\/media\/31554"}],"wp:attachment":[{"href":"https:\/\/www.visitsoglianoalrubicone.it\/de\/wp-json\/wp\/v2\/media?parent=31503"}],"wp:term":[{"taxonomy":"category","embeddable":true,"href":"https:\/\/www.visitsoglianoalrubicone.it\/de\/wp-json\/wp\/v2\/categories?post=31503"},{"taxonomy":"post_tag","embeddable":true,"href":"https:\/\/www.visitsoglianoalrubicone.it\/de\/wp-json\/wp\/v2\/tags?post=31503"}],"curies":[{"name":"wp","href":"https:\/\/api.w.org\/{rel}","templated":true}]}}