{"id":20807,"date":"2023-06-08T11:09:05","date_gmt":"2023-06-08T11:09:05","guid":{"rendered":"https:\/\/www.visitsoglianoalrubicone.it\/cinzia-spano-notturni-nel-bosco\/"},"modified":"2024-12-06T10:13:24","modified_gmt":"2024-12-06T10:13:24","slug":"cinzia-spano-notturni-nel-bosco","status":"publish","type":"post","link":"https:\/\/www.visitsoglianoalrubicone.it\/fr\/cinzia-spano-notturni-nel-bosco\/","title":{"rendered":"Cinzia Span\u00f2 \/\/ Notturni Nel Bosco"},"content":{"rendered":"<p>[vc_row full_width=\u00a0\u00bbstretch_row_content_no_spaces\u00a0\u00bb][vc_column][vc_single_image image=\u00a0\u00bb8661&Prime; img_size=\u00a0\u00bb1920 x 450&Prime; alignment=\u00a0\u00bbcenter\u00a0\u00bb el_class=\u00a0\u00bbinfotronik_banner_pagina\u00a0\u00bb]\n\t\t\t<section class=\"do-normal-page-title-section infotronik_page_title_section\">\n\t\t\t\t<div class=\"container\">\n\t\t\t\t\t<div class=\"row uppercase\">\n\t\t\t\n\t\t\t\t\t\t<div class=\"do-page-title-wrapper\">\n\t\t\t\t\t\t\t<div class=\"do-default-page-title col-md-7 col-sm-7 col-xs-12\">\n\t\t\t\t\t\t\t\t<h2 info=35 class=\"infotronik_page_title\">Cinzia Span\u00f2 \/\/ Notturni Nel Bosco<\/h2>\n\t\t\t\t\t\t\t\t<p><\/p>\n\t\t\t\t\t\t\t<\/div>\n\t\t\t\n\t\t\t\t\t\t\t<div class=\"do-breadcumb\"><ul><\/ul><\/div>\n\t\t\t\t\t\t<\/div>\n\t\t\t\n\t\t\t\t\t<\/div>\n\t\t\t\t<\/div>\n\t\t\t<\/section>\n\t\t[vc_empty_space height=\u00a0\u00bb20px\u00a0\u00bb][vc_row_inner][vc_column_inner][vc_column_text]<\/p>\n<p><strong>Cinzia Span\u00f2 &#8211; Lire Lolita \u00e0 T\u00e9h\u00e9ran<\/strong><\/p>\n<p><span style=\"font-family: Tahoma, serif;\"><i>lecture<\/i><\/span><i> <\/i><span style=\"font-family: Tahoma, serif;\"><i>a<\/i><\/span><i> <\/i><span style=\"font-family: Tahoma, serif;\"><i>soins<\/i><\/span><i> <\/i><span style=\"font-family: Tahoma, serif;\"><i>par<\/i><\/span><i> <\/i><span style=\"font-family: Tahoma, serif;\"><i>Cinzia<\/i><\/span><i> <\/i><span style=\"font-family: Tahoma, serif;\"><i>Span\u00f2<br \/><\/i><\/span><span style=\"font-family: Tahoma, serif;\"><i>musique<\/i><\/span><i> <\/i><span style=\"font-family: Tahoma, serif;\"><i>de<\/i><\/span><i> <\/i><span style=\"font-family: Tahoma, serif;\"><i>vivre<\/i><\/span><i> <\/i><span style=\"font-family: Tahoma, serif;\"><i>par<\/i><\/span><i> <\/i><span style=\"font-family: Tahoma, serif;\"><i>Marta<\/i><\/span><i> <\/i><span style=\"font-family: Tahoma, serif;\"><i>Pistocchi<\/i><\/span><i> <\/i><span style=\"font-family: Tahoma, serif;\"><i>(violon)<br \/><\/i><\/span><span style=\"font-family: Tahoma, serif;\"><i>de<\/i><\/span><i> <\/i><span style=\"font-family: Tahoma, serif;\"><i>roman<\/i><\/span><i> <\/i><span style=\"font-family: Tahoma, serif;\"><i>par<\/i><\/span><i> <\/i><span style=\"font-family: Tahoma, serif;\"><i>Azar<\/i><\/span><i> <\/i><span style=\"font-family: Tahoma, serif;\"><i>Nafisi<\/i><\/span><i> <\/i><span style=\"font-family: Tahoma, serif;\"><i>\u00e9dit\u00e9<\/i><\/span><i> <\/i><span style=\"font-family: Tahoma, serif;\"><i>de<\/i><\/span><i> <\/i><span style=\"font-family: Tahoma, serif;\"><i>Adelphi<br \/><\/i><\/span><span style=\"font-family: Tahoma, serif;\"><i>sous le patronage d&rsquo;Amnesty International<br \/><\/i><\/span><span style=\"font-family: Tahoma, serif;\"><i>images<\/i><\/span><i> <\/i><span style=\"font-family: Tahoma, serif;\"><i>itin\u00e9raires<\/i><\/span><i> <\/i><span style=\"font-family: Tahoma, serif;\"><i>de<\/i><\/span><i> <\/i><span style=\"font-family: Tahoma, serif;\"><i>projet<\/i><\/span><i> <\/i><span style=\"font-family: Tahoma, serif;\"><i>photographique<\/i><\/span><i> <\/i><span style=\"font-family: Tahoma, serif;\"><i>Mon<\/i><\/span><i> <\/i><span style=\"font-family: Tahoma, serif;\"><i>Furtif<\/i><\/span><i> <\/i><span style=\"font-family: Tahoma, serif;\"><i>Libert\u00e9<\/i><\/span><i> <\/i><span style=\"font-family: Tahoma, serif;\"><i>L&rsquo;Iran<\/i><\/span><i> <\/i><span style=\"font-family: Tahoma, serif;\"><i>par<\/i><\/span><i> <\/i><span style=\"font-family: Tahoma, serif;\"><i>Marinka<\/i><\/span><i> <\/i><span style=\"font-family: Tahoma, serif;\"><i>Masseus<\/i><\/span><\/p>\n<p>\n<strong>Quando:<\/strong> Luned\u00ec 07 agosto 2023<br\/><strong>Apertura Biglietteria e ritrovo spettatori<\/strong>: ore 20:30<br\/><strong>Inizio spettacolo<\/strong>: ore 21:30<br\/><strong>Dove:<\/strong> Parco San Donato &amp; Concavit\u00e0 di Leonardo &#8211; Loc. Vignola (Sogliano al Rubicone)<br\/><strong>Biglietti:<\/strong> \u20ac 5,00<span style=\"font-size: 1rem;\"><br\/><\/span><strong>Prevendita: <\/strong><a href=\"https:\/\/www.liveticket.it\/ricerca_eventi.aspx?Id=8444&amp;Testo=notturni%20nel%20bosco\" target=\"_blank\" rel=\"noopener\">https:\/\/www.liveticket.it\/ricerca_eventi.aspx?Id=8444&amp;Testo=notturni%20nel%20bosco<\/a>&#13;\n<p><strong>Info :<\/strong> Sillaba\/Prova d&rsquo;attore &#8211; Cell. 370 3685093 (h. 14-18 lun-ven et jour de la repr\u00e9sentation) <\/p>&#13;\n<p>\u00ab\u00a0\u00c0 l&rsquo;automne 1995, apr\u00e8s avoir d\u00e9missionn\u00e9 de mon dernier poste universitaire, j&rsquo;ai d\u00e9cid\u00e9 de me faire un cadeau et de r\u00e9aliser un r\u00eave. J&rsquo;ai demand\u00e9 aux sept meilleures \u00e9tudiantes que j&rsquo;avais de venir chez moi le jeudi matin pour parler de litt\u00e9rature\u00a0\u00bb. N\u00e9e de la volont\u00e9 de soutenir les manifestations qui ont \u00e9clat\u00e9 en Iran en septembre 2022 \u00e0 la suite de la mort de Mahsa Amini, arr\u00eat\u00e9e par la police morale pour ne pas avoir port\u00e9 correctement son voile, la lecture, qui a b\u00e9n\u00e9fici\u00e9 du patronage d&rsquo;Amnesty International, a \u00e9t\u00e9 pr\u00e9sent\u00e9e en premi\u00e8re nationale le 25 novembre 2022, sur RaiRadio, dans l&rsquo;\u00e9mission \u00ab\u00a0Il Teatro di Radio 3\u00a0\u00bb de Laura Palmieri, \u00e0 l&rsquo;occasion de la Journ\u00e9e internationale pour l&rsquo;\u00e9limination de la violence \u00e0 l&rsquo;\u00e9gard des femmes. \u00ab\u00a0Reading Lolita in Tehran\u00a0\u00bb, le best-seller d&rsquo;Azar Nafisi traduit en 32 langues et rest\u00e9 pas moins de 117 semaines sur la liste des best-sellers du New York Times, raconte l&rsquo;histoire vraie de l&rsquo;auteur, contrainte de quitter l&rsquo;universit\u00e9 o\u00f9 elle enseignait en raison des pressions constantes exerc\u00e9es par la R\u00e9publique islamique sur le contenu des cours et sur la vie priv\u00e9e des gens, en particulier des femmes. R\u00e9unissant quelques-uns de ses \u00e9tudiants dans le salon de sa maison pour continuer ses cours, elle transforme ce lieu en un espace de libert\u00e9 absolue o\u00f9 la litt\u00e9rature, les mots et l&rsquo;imagination deviennent des instruments de lutte et de r\u00e9sistance. La lecture se veut la suite id\u00e9ale de ces rencontres, elle se veut un hommage au courage et \u00e0 la force des femmes iraniennes et se veut id\u00e9alement un lien avec les femmes qui luttent actuellement dans le monde pour leur autod\u00e9termination et leur libert\u00e9 et contre toutes les formes d&rsquo;oppression et de violence. Cinzia Span\u00f2 est une actrice de th\u00e9\u00e2tre dipl\u00f4m\u00e9e de l&rsquo;Accademia dei Filodrammatici de Milan en 1996. Depuis, elle a travaill\u00e9 au th\u00e9\u00e2tre avec d&rsquo;importants metteurs en sc\u00e8ne, notamment Antonio Latella, Massimo Castri, Damiano Michieletto, Francesco Frongia, Ferdinando Bruni, Jacopo Gassmann, Carmelo Rifici&#8230; Elle a remport\u00e9 le prix Imola, le prix Hystrio, le prix Anteprima et a \u00e9t\u00e9 finaliste des prix Ubu pour le th\u00e9\u00e2tre. En mai 2019, elle pr\u00e9sente son texte \u00ab\u00a0Tutto quello quello che volevo\u00a0\u00bb, consacr\u00e9 \u00e0 la juge Paola di Nicola et \u00e0 sa sentence concernant une c\u00e9l\u00e8bre affaire de prostitution enfantine dans le quartier de Parioli \u00e0 Rome. En 2020, avec d&rsquo;autres coll\u00e8gues f\u00e9minines, elle fonde Amleta, contre l&rsquo;in\u00e9galit\u00e9 et la discrimination des femmes dans le show-business. En 2020, le Corriere della Sera la classe parmi les 110 femmes de l&rsquo;ann\u00e9e.         <\/p>&#13;\n<p><strong>Avec Notturni nel Bosco (Nocturnes dans les bois <\/strong>), l&rsquo;activit\u00e9 th\u00e9\u00e2trale de Sogliano se d\u00e9place le soir dans des lieux bois\u00e9s, le long de sentiers naturels. Une activit\u00e9 qui entend combiner th\u00e9\u00e2tre et paysage naturel dans des lieux extemporan\u00e9s et fascinants, o\u00f9 le spectacle est immerg\u00e9 dans la nature, cr\u00e9ant une forte suggestion : artistes et spectateurs immerg\u00e9s dans la nature et dans le silence de la for\u00eat. Des spectacles de narration th\u00e9\u00e2trale ou en musique, pour un public h\u00e9t\u00e9rog\u00e8ne, avec un pr\u00e9lude rituel : les spectateurs sont invit\u00e9s \u00e0 se retrouver \u00e0 un point de rencontre \u00e9tabli, d&rsquo;o\u00f9 ils partent ensuite, \u00e0 la tomb\u00e9e de la nuit, pour une courte promenade \u00e0 travers les sentiers naturels du paysage de Sogliano afin de rejoindre le lieu du spectacle. Au fil des ans, nous avons appris \u00e0 \u00ab\u00a0digresser avec pr\u00e9caution\u00a0\u00bb autour du th\u00e8me de la narration th\u00e9\u00e2trale : pour nous, le th\u00e9\u00e2tre est ce qui se passe dans le lieu o\u00f9 artistes et spectateurs se rencontrent. Nous avons construit et consolid\u00e9 l&rsquo;activit\u00e9 th\u00e9\u00e2trale dans son lieu traditionnel : le th\u00e9\u00e2tre E. Turroni. Mais au fil des ans, nous avons \u00e9galement promu et amen\u00e9 le th\u00e9\u00e2tre dans des lieux plus informels : Sogliano et son paysage naturel en tant que th\u00e9\u00e2tre diffus. Notre proposition vise \u00e0 promouvoir le th\u00e9\u00e2tre vivant dans les lieux du paysage naturel de la r\u00e9gion de Sogliano. Le contexte g\u00e9n\u00e9ral est rural et v\u00e9g\u00e9tal, \u00e0 la fois pour la courte promenade (avec l&rsquo;aide des guides de GAE si n\u00e9cessaire) et pour le lieu de repr\u00e9sentation.       <\/p>&#13;\n<p>[\/vc_column_text][vc_empty_space height=\u00a0\u00bb50px\u00a0\u00bb][vc_single_image image=\u00a0\u00bb8662&Prime; img_size=\u00a0\u00bbfull\u00a0\u00bb alignment=\u00a0\u00bbcenter\u00a0\u00bb onclick=\u00a0\u00bblink_image\u00a0\u00bb][\/vc_column_inner][\/vc_row_inner][\/vc_column][\/vc_row]<\/p>","protected":false},"excerpt":{"rendered":"<p>[vc_row full_width=\u00a0\u00bbstretch_row_content_no_spaces\u00a0\u00bb][vc_column][vc_single_image image=\u00a0\u00bb8661&Prime; img_size=\u00a0\u00bb1920 x 450&Prime; alignment=\u00a0\u00bbcenter\u00a0\u00bb el_class=\u00a0\u00bbinfotronik_banner_pagina\u00a0\u00bb][vc_empty_space height=\u00a0\u00bb20px\u00a0\u00bb][vc_row_inner][vc_column_inner][vc_column_text] Cinzia Span\u00f2 &#8211; Lire Lolita \u00e0 T\u00e9h\u00e9ran lecture a soins par Cinzia&#8230;<\/p>\n","protected":false},"author":3,"featured_media":20813,"comment_status":"closed","ping_status":"open","sticky":false,"template":"","format":"standard","meta":{"loftloader_page_shortcode":""},"categories":[826,822],"tags":[948,825,840,830,945,829,946,947],"_links":{"self":[{"href":"https:\/\/www.visitsoglianoalrubicone.it\/fr\/wp-json\/wp\/v2\/posts\/20807"}],"collection":[{"href":"https:\/\/www.visitsoglianoalrubicone.it\/fr\/wp-json\/wp\/v2\/posts"}],"about":[{"href":"https:\/\/www.visitsoglianoalrubicone.it\/fr\/wp-json\/wp\/v2\/types\/post"}],"author":[{"embeddable":true,"href":"https:\/\/www.visitsoglianoalrubicone.it\/fr\/wp-json\/wp\/v2\/users\/3"}],"replies":[{"embeddable":true,"href":"https:\/\/www.visitsoglianoalrubicone.it\/fr\/wp-json\/wp\/v2\/comments?post=20807"}],"version-history":[{"count":1,"href":"https:\/\/www.visitsoglianoalrubicone.it\/fr\/wp-json\/wp\/v2\/posts\/20807\/revisions"}],"predecessor-version":[{"id":20817,"href":"https:\/\/www.visitsoglianoalrubicone.it\/fr\/wp-json\/wp\/v2\/posts\/20807\/revisions\/20817"}],"wp:featuredmedia":[{"embeddable":true,"href":"https:\/\/www.visitsoglianoalrubicone.it\/fr\/wp-json\/wp\/v2\/media\/20813"}],"wp:attachment":[{"href":"https:\/\/www.visitsoglianoalrubicone.it\/fr\/wp-json\/wp\/v2\/media?parent=20807"}],"wp:term":[{"taxonomy":"category","embeddable":true,"href":"https:\/\/www.visitsoglianoalrubicone.it\/fr\/wp-json\/wp\/v2\/categories?post=20807"},{"taxonomy":"post_tag","embeddable":true,"href":"https:\/\/www.visitsoglianoalrubicone.it\/fr\/wp-json\/wp\/v2\/tags?post=20807"}],"curies":[{"name":"wp","href":"https:\/\/api.w.org\/{rel}","templated":true}]}}