{"id":20884,"date":"2023-05-05T11:09:06","date_gmt":"2023-05-05T11:09:06","guid":{"rendered":"https:\/\/www.visitsoglianoalrubicone.it\/les-chemins-de-la-musique-3e-chemin-allegro-adagio-allegro\/"},"modified":"2024-12-06T10:13:38","modified_gmt":"2024-12-06T10:13:38","slug":"les-chemins-de-la-musique-3e-chemin-allegro-adagio-allegro","status":"publish","type":"post","link":"https:\/\/www.visitsoglianoalrubicone.it\/fr\/les-chemins-de-la-musique-3e-chemin-allegro-adagio-allegro\/","title":{"rendered":"Les chemins de la musique 3e chemin &#8211; Allegro, adagio, allegro"},"content":{"rendered":"<p>[vc_row full_width=\u00a0\u00bbstretch_row_content_no_spaces\u00a0\u00bb][vc_column][vc_single_image image=\u00a0\u00bb4604&Prime; img_size=\u00a0\u00bb1920 x 450&Prime; alignment=\u00a0\u00bbcenter\u00a0\u00bb el_class=\u00a0\u00bbinfotronik_banner_pagina\u00a0\u00bb]\n\t\t\t<section class=\"do-normal-page-title-section infotronik_page_title_section_little\">\n\t\t\t\t<div class=\"container\">\n\t\t\t\t\t<div class=\"row uppercase\">\n\t\t\t\n\t\t\t\t\t\t<div class=\"do-page-title-wrapper\">\n\t\t\t\t\t\t\t<div class=\"do-default-page-title col-md-7 col-sm-7 col-xs-12\">\n\t\t\t\t\t\t\t\t<h2 info=62 class=\"infotronik_page_title_little\">Les chemins de la musique 3e chemin - Allegro, adagio, allegro<\/h2>\n\t\t\t\t\t\t\t\t<p><\/p>\n\t\t\t\t\t\t\t<\/div>\n\t\t\t\n\t\t\t\t\t\t\t<div class=\"do-breadcumb\"><ul><\/ul><\/div>\n\t\t\t\t\t\t<\/div>\n\t\t\t\n\t\t\t\t\t<\/div>\n\t\t\t\t<\/div>\n\t\t\t<\/section>\n\t\t[vc_empty_space height=\u00a0\u00bb20px\u00a0\u00bb][vc_row_inner][vc_column_inner][vc_column_text]<\/p>\n<p>\n.&#13;\n<p><strong>Quand :<\/strong> Dimanche 27 ao\u00fbt 2023<br\/><strong>O\u00f9 :<\/strong> Borgopetra Country House &#8211; Loc. Montepetra Bassa di Sogliano al Rubicone <br\/><strong><br\/>R<\/strong> <strong>encontre : <\/strong>16h30<strong>D\u00e9part :<\/strong> 17h00<br\/><br\/>C<strong>o\u00fbt : <\/strong>\u20ac 20 pour les adultes &#8211; \u20ac 12 pour les enfants jusqu&rsquo;\u00e0 12 ans y compris -Ev\u00e9nement limit\u00e9 (maximum 200 places) &#8211; pr\u00e9-inscription obligatoire<br\/><em><strong>Le billet donne droit \u00e0 l&rsquo;excursion, au concert et au d\u00eener buffet.<\/strong><\/em><br\/><strong>Pr\u00e9ventes en ligne :<\/strong> <a href=\"https:\/\/www.icron.it\/newgo\/#\/evento\/20232903\" target=\"_blank\" rel=\"noopener\">https:\/\/www.icron.it\/newgo\/#\/evento\/20232903<\/a><br\/><strong>Informations et r\u00e9servations :<\/strong> +39 3405364969 &#8211; (\u00e0 partir du jeudi pr\u00e9c\u00e9dant l&rsquo;\u00e9v\u00e9nement h 9-13)<br\/><strong>lien<\/strong> <a href=\"https:\/\/www.facebook.com\/sentieriinmusica\/\" target=\"_blank\" rel=\"noopener\">: https:\/\/www.facebook.com\/sentieriinmusica\/<\/a><\/p>&#13;\n<p><em><strong>Sentieri in Musica est une initiative au nombre limit\u00e9 (200 personnes), c&rsquo;est pourquoi nous vous recommandons d&rsquo;acheter les billets \u00e0 l&rsquo;avance ou de r\u00e9server au num\u00e9ro indiqu\u00e9 dans l&rsquo;info.<\/strong><\/em><\/p>&#13;\n<p><strong>Dimanche 27 ao\u00fbt 2023 3\u00e8me COURS &#8211; Allegro, adagio, allegro<\/strong><\/p>&#13;\n<p>Sentieri in Musica 2023 se termine par une belle randonn\u00e9e d&rsquo;environ 7 km qui commence \u00e0 17 heures au charmant agritourisme Borgopetra \u00e0 Montepetra Bassa. Cette agr\u00e9able localit\u00e9 offre de belles vues, ainsi que le charme des anciens Saxons, contenant des coquillages fossiles datant de millions d&rsquo;ann\u00e9es. Au sommet du promontoire, le village conserve quelques vestiges du ch\u00e2teau m\u00e9di\u00e9val. L&rsquo;\u00e9glise de San Lorenzo, construite au XVe si\u00e8cle, conserve de pr\u00e9cieuses \u0153uvres d&rsquo;art de la Renaissance. Le concert du soir est d&rsquo;une grande valeur artistique : le Rossini Cello Orchestra propose un voyage musical entre musique cultiv\u00e9e et musique pop, en interpr\u00e9tant des arrangements originaux pour un orchestre de violoncelles.    <\/p>&#13;\n<p>Les itin\u00e9raires ne sont pas d&rsquo;une grande difficult\u00e9, mais il est n\u00e9anmoins n\u00e9cessaire de porter des chaussures de randonn\u00e9e et de disposer d&rsquo;un \u00e9quipement de marche adapt\u00e9 (sac \u00e0 dos, gourde, couvre-chef, b\u00e2tons de trekking).<\/p>&#13;\n<p>Les Sentieri in Musica se d\u00e9roulent sur le territoire de Sogliano al Rubicone, sur les sentiers des \u00ab\u00a0I Sentieri dell&rsquo;Alto Rubicone\u00a0\u00bb, un r\u00e9seau de 16 itin\u00e9raires en boucle d&rsquo;une longueur totale de 155 km.<\/p>&#13;\n<p>[\/vc_column_text][vc_single_image image=\u00a0\u00bb20886&Prime; img_size=\u00a0\u00bbfull\u00a0\u00bb alignment=\u00a0\u00bbcenter\u00a0\u00bb onclick=\u00a0\u00bblink_image\u00a0\u00bb][vc_empty_space height=\u00a0\u00bb50px\u00a0\u00bb][vc_single_image image=\u00a0\u00bb8595&Prime; img_size=\u00a0\u00bbfull\u00a0\u00bb alignment=\u00a0\u00bbcenter\u00a0\u00bb onclick=\u00a0\u00bblink_image\u00a0\u00bb][vc_single_image image=\u00a0\u00bb8596&Prime; img_size=\u00a0\u00bbfull\u00a0\u00bb alignment=\u00a0\u00bbcenter\u00a0\u00bb onclick=\u00a0\u00bblink_image\u00a0\u00bb][\/vc_column_inner][\/vc_row_inner][\/vc_column][\/vc_row]<\/p>","protected":false},"excerpt":{"rendered":"<p>[vc_row full_width=\u00a0\u00bbstretch_row_content_no_spaces\u00a0\u00bb][vc_column][vc_single_image image=\u00a0\u00bb4604&Prime; img_size=\u00a0\u00bb1920 x 450&Prime; alignment=\u00a0\u00bbcenter\u00a0\u00bb el_class=\u00a0\u00bbinfotronik_banner_pagina\u00a0\u00bb][vc_empty_space height=\u00a0\u00bb20px\u00a0\u00bb][vc_row_inner][vc_column_inner][vc_column_text] .&#13; Quand : Dimanche 27 ao\u00fbt 2023O\u00f9 : Borgopetra Country House &#8211;&#8230;<\/p>\n","protected":false},"author":3,"featured_media":20885,"comment_status":"closed","ping_status":"open","sticky":false,"template":"","format":"standard","meta":{"loftloader_page_shortcode":""},"categories":[822,835,836],"tags":[833,837,825,955,838,829,839,918],"_links":{"self":[{"href":"https:\/\/www.visitsoglianoalrubicone.it\/fr\/wp-json\/wp\/v2\/posts\/20884"}],"collection":[{"href":"https:\/\/www.visitsoglianoalrubicone.it\/fr\/wp-json\/wp\/v2\/posts"}],"about":[{"href":"https:\/\/www.visitsoglianoalrubicone.it\/fr\/wp-json\/wp\/v2\/types\/post"}],"author":[{"embeddable":true,"href":"https:\/\/www.visitsoglianoalrubicone.it\/fr\/wp-json\/wp\/v2\/users\/3"}],"replies":[{"embeddable":true,"href":"https:\/\/www.visitsoglianoalrubicone.it\/fr\/wp-json\/wp\/v2\/comments?post=20884"}],"version-history":[{"count":2,"href":"https:\/\/www.visitsoglianoalrubicone.it\/fr\/wp-json\/wp\/v2\/posts\/20884\/revisions"}],"predecessor-version":[{"id":20923,"href":"https:\/\/www.visitsoglianoalrubicone.it\/fr\/wp-json\/wp\/v2\/posts\/20884\/revisions\/20923"}],"wp:featuredmedia":[{"embeddable":true,"href":"https:\/\/www.visitsoglianoalrubicone.it\/fr\/wp-json\/wp\/v2\/media\/20885"}],"wp:attachment":[{"href":"https:\/\/www.visitsoglianoalrubicone.it\/fr\/wp-json\/wp\/v2\/media?parent=20884"}],"wp:term":[{"taxonomy":"category","embeddable":true,"href":"https:\/\/www.visitsoglianoalrubicone.it\/fr\/wp-json\/wp\/v2\/categories?post=20884"},{"taxonomy":"post_tag","embeddable":true,"href":"https:\/\/www.visitsoglianoalrubicone.it\/fr\/wp-json\/wp\/v2\/tags?post=20884"}],"curies":[{"name":"wp","href":"https:\/\/api.w.org\/{rel}","templated":true}]}}