{"id":20889,"date":"2023-06-03T10:18:32","date_gmt":"2023-06-03T10:18:32","guid":{"rendered":"https:\/\/www.visitsoglianoalrubicone.it\/alessandro-bergonzoni-notturni-nel-bosco\/"},"modified":"2024-12-06T10:13:36","modified_gmt":"2024-12-06T10:13:36","slug":"alessandro-bergonzoni-notturni-nel-bosco","status":"publish","type":"post","link":"https:\/\/www.visitsoglianoalrubicone.it\/fr\/alessandro-bergonzoni-notturni-nel-bosco\/","title":{"rendered":"Alessandro Bergonzoni \/\/ Notturni nel Bosco"},"content":{"rendered":"<p>[vc_row full_width=\u00a0\u00bbstretch_row_content_no_spaces\u00a0\u00bb][vc_column][vc_single_image image=\u00a0\u00bb20891&Prime; img_size=\u00a0\u00bb1920 x 450&Prime; alignment=\u00a0\u00bbcenter\u00a0\u00bb el_class=\u00a0\u00bbinfotronik_banner_pagina\u00a0\u00bb]\n\t\t\t<section class=\"do-normal-page-title-section infotronik_page_title_section_little\">\n\t\t\t\t<div class=\"container\">\n\t\t\t\t\t<div class=\"row uppercase\">\n\t\t\t\n\t\t\t\t\t\t<div class=\"do-page-title-wrapper\">\n\t\t\t\t\t\t\t<div class=\"do-default-page-title col-md-7 col-sm-7 col-xs-12\">\n\t\t\t\t\t\t\t\t<h2 info=43 class=\"infotronik_page_title_little\">Alessandro Bergonzoni \/\/ Notturni nel Bosco<\/h2>\n\t\t\t\t\t\t\t\t<p><\/p>\n\t\t\t\t\t\t\t<\/div>\n\t\t\t\n\t\t\t\t\t\t\t<div class=\"do-breadcumb\"><ul><\/ul><\/div>\n\t\t\t\t\t\t<\/div>\n\t\t\t\n\t\t\t\t\t<\/div>\n\t\t\t\t<\/div>\n\t\t\t<\/section>\n\t\t[vc_empty_space height=\u00a0\u00bb20px\u00a0\u00bb][vc_row_inner][vc_column_inner][vc_column_text]<\/p>\n<p><span style=\"font-family: Tahoma, serif;\"><b>Alessandro Bergonzoni. Aprimi <\/b><\/span><b> <\/b><span style=\"font-family: Tahoma, serif;\"><b>ciel : <\/b><\/span><span style=\"font-family: Tahoma, serif;\"><b>nature<\/b><\/span><b> <\/b><span style=\"font-family: Tahoma, serif;\"><b>e<\/b><\/span><b> <\/b><span style=\"font-family: Tahoma, serif;\"><b>paysage.<\/b><\/span><\/p>\n<p>\n<strong>Quando:<\/strong> Marted\u00ec 27 giugno 2023<br\/><strong>Apertura Biglietteria e ritrovo spettatori<\/strong>: ore 20:30<br\/><strong>Inizio spettacolo<\/strong>: ore 21:30<br\/><strong>Dove:<\/strong> Aia Bella &#8211; Localit\u00e0 &#8211; Savignano di Rigo (Sogliano al Rubicone)<br\/><strong>Biglietti:<\/strong> \u20ac 5,00<span style=\"font-size: 1rem;\"><br\/><\/span><strong>Prevendita: <\/strong><a href=\"https:\/\/www.liveticket.it\/ricerca_eventi.aspx?Id=8444&amp;Testo=notturni%20nel%20bosco\" target=\"_blank\" rel=\"noopener\">https:\/\/www.liveticket.it\/ricerca_eventi.aspx?Id=8444&amp;Testo=notturni%20nel%20bosco<\/a>&#13;\n<p><strong>Info :<\/strong> Sillaba\/Prova d&rsquo;attore &#8211; Cell. 370 3685093 (h. 14-18 lun-ven et jour de la repr\u00e9sentation) <\/p>&#13;\n<p>La conf\u00e9rence-performance, inspir\u00e9e de sa derni\u00e8re publication, met en lumi\u00e8re plus de dix ans de recherches d&rsquo;Alessandro Bergonzoni dans les pages de \u00ab\u00a0Venerd\u00ec di Repubblica\u00a0\u00bb : des id\u00e9es, des questions, des d\u00e9j\u00e0-vus, des listes bab\u00e9liques, des r\u00e9it\u00e9rations qui englobent et transcendent l&rsquo;actualit\u00e9 et nous permettent de d\u00e9couvrir les univers &#8211; comique, loufoque, intime, politique et social &#8211; de l&rsquo;auteur. Avec son style inimitable qui ne laisse ni r\u00e9pit ni repos au spectateur, sans cesse mis au d\u00e9fi d&rsquo;explorer les potentialit\u00e9s infinies de l&rsquo;esprit, Bergonzoni aborde de mani\u00e8re dialectique ce que nous avons trop souvent tendance \u00e0 ignorer, \u00e0 \u00e9carter et \u00e0 ne pas vouloir savoir. Le r\u00e9sultat est une collection anthologique capable de varier les registres et les tons, pour nous faire voyager \u00e0 travers les mille \u00e2mes, souvent inconnues, de cet artiste aux multiples facettes. Alessandro Bergonzoni (Bologne 1958) est un artiste de th\u00e9\u00e2tre, auteur et acteur. Il a \u00e9crit et jou\u00e9 plusieurs pi\u00e8ces, avec lesquelles il a remport\u00e9 d&rsquo;importants prix italiens. Au cin\u00e9ma, il a particip\u00e9 \u00e0 Pinocchio de Roberto Benigni et \u00e0 Quijote de Mimmo Paladino. Il a collabor\u00e9 avec Radio2 et Radio3 Rai et avec de grands journaux. Il \u00e9crit actuellement pour \u00ab\u00a0il Venerd\u00ec di Repubblica\u00a0\u00bb et \u00ab\u00a0Robinson\u00a0\u00bb. Depuis 2005, il expose sa production artistique dans des galeries et des mus\u00e9es italiens et cr\u00e9e \u00e9galement des performances sp\u00e9cifiques. Parmi ses livres, citons : Le Balene restino sedute (Palme d&rsquo;Or 1990 \u00e0 Bordighera), Il grande fermo e i suoi piccoli andirivieni, Silences, Opplero &#8211; Storia di un salto, Non ardo dal desiderio di diventare uomo finch\u00e9 posso essere anche donna bambino animale o cosa, Bastasse grondare, Nel, L&rsquo;amorte.         <\/p>&#13;\n<p><strong>Avec Notturni nel Bosco (Nocturnes dans les bois <\/strong>), l&rsquo;activit\u00e9 th\u00e9\u00e2trale de Sogliano se d\u00e9place le soir dans des lieux bois\u00e9s, le long de sentiers naturels. Une activit\u00e9 qui entend combiner th\u00e9\u00e2tre et paysage naturel dans des lieux extemporan\u00e9s et fascinants, o\u00f9 le spectacle est immerg\u00e9 dans la nature, cr\u00e9ant une forte suggestion : artistes et spectateurs immerg\u00e9s dans la nature et dans le silence de la for\u00eat. Des spectacles de narration th\u00e9\u00e2trale ou en musique, pour un public h\u00e9t\u00e9rog\u00e8ne, avec un pr\u00e9lude rituel : les spectateurs sont invit\u00e9s \u00e0 se retrouver \u00e0 un point de rencontre \u00e9tabli, d&rsquo;o\u00f9 ils partent ensuite, \u00e0 la tomb\u00e9e de la nuit, pour une courte promenade \u00e0 travers les sentiers naturels du paysage de Sogliano afin de rejoindre le lieu du spectacle. Au fil des ans, nous avons appris \u00e0 \u00ab\u00a0digresser avec pr\u00e9caution\u00a0\u00bb autour du th\u00e8me de la narration th\u00e9\u00e2trale : pour nous, le th\u00e9\u00e2tre est ce qui se passe dans le lieu o\u00f9 artistes et spectateurs se rencontrent. Nous avons construit et consolid\u00e9 l&rsquo;activit\u00e9 th\u00e9\u00e2trale dans son lieu traditionnel : le th\u00e9\u00e2tre E. Turroni. Mais au fil des ans, nous avons \u00e9galement promu et amen\u00e9 le th\u00e9\u00e2tre dans des lieux plus informels : Sogliano et son paysage naturel en tant que th\u00e9\u00e2tre diffus. Notre proposition vise \u00e0 promouvoir le th\u00e9\u00e2tre vivant dans les lieux du paysage naturel de la r\u00e9gion de Sogliano. Le contexte g\u00e9n\u00e9ral est rural et v\u00e9g\u00e9tal, \u00e0 la fois pour la courte promenade (avec l&rsquo;aide des guides de GAE si n\u00e9cessaire) et pour le lieu de repr\u00e9sentation.       <\/p>&#13;\n<p>[\/vc_column_text][vc_empty_space height=\u00a0\u00bb50px\u00a0\u00bb][vc_single_image image=\u00a0\u00bb20892&Prime; img_size=\u00a0\u00bbfull\u00a0\u00bb alignment=\u00a0\u00bbcenter\u00a0\u00bb onclick=\u00a0\u00bblink_image\u00a0\u00bb][\/vc_column_inner][\/vc_row_inner][\/vc_column][\/vc_row]<\/p>","protected":false},"excerpt":{"rendered":"<p>[vc_row full_width=\u00a0\u00bbstretch_row_content_no_spaces\u00a0\u00bb][vc_column][vc_single_image image=\u00a0\u00bb20891&Prime; img_size=\u00a0\u00bb1920 x 450&Prime; alignment=\u00a0\u00bbcenter\u00a0\u00bb el_class=\u00a0\u00bbinfotronik_banner_pagina\u00a0\u00bb][vc_empty_space height=\u00a0\u00bb20px\u00a0\u00bb][vc_row_inner][vc_column_inner][vc_column_text] Alessandro Bergonzoni. Aprimi ciel : nature e paysage. Quando: Marted\u00ec 27 giugno&#8230;<\/p>\n","protected":false},"author":3,"featured_media":20813,"comment_status":"closed","ping_status":"open","sticky":false,"template":"","format":"standard","meta":{"loftloader_page_shortcode":""},"categories":[826,822],"tags":[956,825,840,830,945,829,946],"_links":{"self":[{"href":"https:\/\/www.visitsoglianoalrubicone.it\/fr\/wp-json\/wp\/v2\/posts\/20889"}],"collection":[{"href":"https:\/\/www.visitsoglianoalrubicone.it\/fr\/wp-json\/wp\/v2\/posts"}],"about":[{"href":"https:\/\/www.visitsoglianoalrubicone.it\/fr\/wp-json\/wp\/v2\/types\/post"}],"author":[{"embeddable":true,"href":"https:\/\/www.visitsoglianoalrubicone.it\/fr\/wp-json\/wp\/v2\/users\/3"}],"replies":[{"embeddable":true,"href":"https:\/\/www.visitsoglianoalrubicone.it\/fr\/wp-json\/wp\/v2\/comments?post=20889"}],"version-history":[{"count":2,"href":"https:\/\/www.visitsoglianoalrubicone.it\/fr\/wp-json\/wp\/v2\/posts\/20889\/revisions"}],"predecessor-version":[{"id":20916,"href":"https:\/\/www.visitsoglianoalrubicone.it\/fr\/wp-json\/wp\/v2\/posts\/20889\/revisions\/20916"}],"wp:featuredmedia":[{"embeddable":true,"href":"https:\/\/www.visitsoglianoalrubicone.it\/fr\/wp-json\/wp\/v2\/media\/20813"}],"wp:attachment":[{"href":"https:\/\/www.visitsoglianoalrubicone.it\/fr\/wp-json\/wp\/v2\/media?parent=20889"}],"wp:term":[{"taxonomy":"category","embeddable":true,"href":"https:\/\/www.visitsoglianoalrubicone.it\/fr\/wp-json\/wp\/v2\/categories?post=20889"},{"taxonomy":"post_tag","embeddable":true,"href":"https:\/\/www.visitsoglianoalrubicone.it\/fr\/wp-json\/wp\/v2\/tags?post=20889"}],"curies":[{"name":"wp","href":"https:\/\/api.w.org\/{rel}","templated":true}]}}