{"id":21181,"date":"2022-11-03T10:41:30","date_gmt":"2022-11-03T10:41:30","guid":{"rendered":"https:\/\/www.visitsoglianoalrubicone.it\/47e-foire-aux-fromages-de-fosse-de-laop-sogliano\/"},"modified":"2024-12-06T10:14:30","modified_gmt":"2024-12-06T10:14:30","slug":"47e-foire-aux-fromages-de-fosse-de-laop-sogliano","status":"publish","type":"post","link":"https:\/\/www.visitsoglianoalrubicone.it\/fr\/47e-foire-aux-fromages-de-fosse-de-laop-sogliano\/","title":{"rendered":"47e foire aux fromages de fosse de l&rsquo;AOP Sogliano"},"content":{"rendered":"<p>[vc_row full_width=\u00a0\u00bbstretch_row_content_no_spaces\u00a0\u00bb][vc_column][vc_single_image image=\u00a0\u00bb21182&Prime; img_size=\u00a0\u00bb1920 x 450&Prime; alignment=\u00a0\u00bbcenter\u00a0\u00bb el_class=\u00a0\u00bbinfotronik_banner_pagina\u00a0\u00bb]\n\t\t\t<section class=\"do-normal-page-title-section infotronik_page_title_section_little\">\n\t\t\t\t<div class=\"container\">\n\t\t\t\t\t<div class=\"row uppercase\">\n\t\t\t\n\t\t\t\t\t\t<div class=\"do-page-title-wrapper\">\n\t\t\t\t\t\t\t<div class=\"do-default-page-title col-md-7 col-sm-7 col-xs-12\">\n\t\t\t\t\t\t\t\t<h2 info=49 class=\"infotronik_page_title_little\">47e foire aux fromages de fosse de l'AOP Sogliano<\/h2>\n\t\t\t\t\t\t\t\t<p><\/p>\n\t\t\t\t\t\t\t<\/div>\n\t\t\t\n\t\t\t\t\t\t\t<div class=\"do-breadcumb\"><ul><\/ul><\/div>\n\t\t\t\t\t\t<\/div>\n\t\t\t\n\t\t\t\t\t<\/div>\n\t\t\t\t<\/div>\n\t\t\t<\/section>\n\t\t[vc_empty_space height=\u00a0\u00bb20px\u00a0\u00bb][vc_row_inner][vc_column_inner][vc_column_text]<\/p>\n<p>\n<strong>Quando:<\/strong> domenica 20-27 novembre e 4 dicembre 2022<br\/><strong>Orari manifestazione:<\/strong> 9:00 &#8211; 22:00<br\/><strong>ingresso: <\/strong>gratuito &#8211; Servizio Navette Gratuito<br\/><strong>Luogo: <\/strong>Centro Storico Sogliano al Rubicone<br\/><strong>Informazioni al pubblico:<\/strong> 0541-817340 (luned\u00ec, mercoled\u00ec, giovedi e venerd\u00ec dalle 08:30 alle 14:30 \u2013\u00a0 sabato e domenica dalle 10:00-13:00 ) <a href=\"mailto:ufficioturistico@comune.sogliano.fc.it\" target=\"_blank\" rel=\"noopener\">ufficioturistico@comune.sogliano.fc.it<\/a> &#8211; <a href=\"mailto:segreteria@prolocosogliano.eu\" target=\"_blank\" rel=\"noopener\">segreteria@prolocosogliano.eu<\/a><br\/><strong>Contatti prenotazione stand\/info tecniche:\u00a0 <\/strong><a href=\"mailto:segreteria@prolocosogliano.eu\" target=\"_blank\" rel=\"noopener\">segreteria@prolocosogliano.eu<\/a><strong><br\/><\/strong><strong>Organizzatore:<\/strong> Proloco Sogliano al Rubicone con il Patrocinio del Comune di Sogliano al Rubicone&#13;\n<p><strong>lien<\/strong> <a href=\"https:\/\/www.visitsoglianoalrubicone.it\/fr\/47e-foire-aux-fromages-de-fosse-de-laop-sogliano\/\" target=\"_blank\" rel=\"noopener\">: https:\/\/www.visitsoglianoalrubicone.it\/47-fiera-del-formaggio-di-fossa-di-sogliano-dop\/<\/a><\/p>&#13;\n<p>Sogliano al Rubicone est pr\u00eate \u00e0 accueillir les voyageurs, les \u0153notouristes et les simples gourmets pour la <strong>47e Foire aux fromages de fosse AOP de Sogliano<\/strong>. La Foire &#8211; qui animera les places et les ruelles du centre historique les dimanches <strong>20 et 27 novembre et le 4 d\u00e9cembre 2022<\/strong> &#8211; est devenue un \u00e9v\u00e9nement de renomm\u00e9e nationale car elle a su, au fil du temps, promouvoir et renouveler l&rsquo;histoire fascinante du fromage Fossa. <\/p>&#13;\n<p>Outre le c\u00e9l\u00e8bre fromage, consid\u00e9r\u00e9 comme un petit tr\u00e9sor depuis le XVIIIe si\u00e8cle, la foire sera <strong>l&rsquo;occasion id\u00e9ale de d\u00e9guster et d&rsquo;acheter d&rsquo;autres produits typiques de Sogliano<\/strong>, tels que le Sav\u00f2r, le Saba, les po\u00eales en terre cuite de Montetiffi (id\u00e9ales pour la cuisson de la piadina), le miel, la charcuterie, etc. Mais il y aura aussi d&rsquo;autres excellences gastronomiques, comme des vins et des fromages, provenant de diff\u00e9rentes r\u00e9gions d&rsquo;Italie. <\/p>&#13;\n<h3><em><strong>Da non perdere le due grandi novit\u00e0 del 2022:<\/strong><\/em><\/h3>&#13;\n<ul>&#13;\n<li><strong>\u201c5 Ristoranti in Piazza\u201d: cinque ristoratori soglianesi propongono 5 men\u00f9 a base di Formaggio di Fossa <\/strong>(e non solo), da assaporare in un&rsquo;ampia area riscaldata e al coperto. Cucineranno per voi:<br\/>&#8211;<em><strong> Agriturismo \u00ab\u00a0Ca&rsquo; Poggio\u00a0\u00bb<\/strong><\/em> &#8211; Vignola<br\/>&#8211; <em><strong>Agriturismo \u00ab\u00a0La Rocca\u00a0\u00bb<\/strong><\/em> &#8211; Pietra dell&rsquo;Uso<br\/><em><strong>&#8211; Bar Trattoria \u00ab\u00a0dalla Naty\u00a0\u00bb<\/strong><\/em> &#8211; Rontagnano<br\/>&#8211; <em><strong>Ristorante \u00ab\u00a0Il Parco\u00a0\u00bb<\/strong><\/em> &#8211; Bagnolo<br\/>&#8211; <em><strong>FossaBlues<\/strong> <\/em>&#8211; Strigara<\/li>&#13;\n<\/ul>&#13;\n<ul>&#13;\n<li><strong>\u201cE Zir dal Fosi\u201d: Percorso di degustazione a base di formaggio di fossa ed Albana D.O.C.G. Passito presso le 6 Fosse<\/strong> <strong>presenti in centro storico di Sogliano al Rubicone, <\/strong>in collaborazione con il \u201cConsorzio dei Vini di Romagna\u201d.<strong>\u20ac 20,00 comprende:<\/strong>\u00a0 &#8211; calice di vetro\/tasca portacalice &#8211; 6 assaggi abbinati di Formaggi di Fossa di Sogliano e Albana DOCG Passito<\/li>&#13;\n<\/ul>&#13;\n<p>Comme d&rsquo;habitude, le traditionnel d\u00e9jeuner\/restauration aura lieu dans les locaux du <strong>Pro Loco di Sogliano <\/strong>. De nombreux<strong> \u00e9v\u00e9nements annexes<\/strong> entoureront le contenu gastronomique de la foire : spectacles th\u00e9\u00e2traux, musicaux et r\u00e9cr\u00e9atifs, conf\u00e9rences, concerts, ateliers, ainsi qu&rsquo;un espace d\u00e9di\u00e9 aux enfants et aux divertissements avec des animations et des jeux anciens.<\/p>&#13;\n<p>Nous vous recommandons les <strong><a href=\"https:\/\/www.visitsoglianoalrubicone.it\/alla-scoperta-di-sogliano-al-rubicone-tra-luoghi-e-sapori-visite-guidate-gratuite\/\" target=\"_blank\" rel=\"noopener\">Visites guid\u00e9es gratuites D\u00c9COUVRIR SOGLIANO, <\/a><\/strong>une visite du centre historique de Sogliano al Rubicone avec la guide touristique Sabrina Reali, qui vous emm\u00e8nera dans un <strong>voyage qui touche \u00e0 l&rsquo;histoire, aux monuments et aux lieux symboliques, mais aussi aux go\u00fbts et \u00e0 la gastronomie<\/strong>. <strong>D\u00e9parts<\/strong> de l&rsquo;office du tourisme<strong> \u00e0 10h30 et 15h30<\/strong>, peu de places disponibles, <strong>r\u00e9servation<\/strong> conseill\u00e9e au 0541 817340 \u00e0 partir du 7 novembre, aux jours et heures suivants : lun\/mer\/mer\/vendredi 8h30-14h30, sam\/dim 10h00-13h00. Il sera \u00e9galement possible de r\u00e9server sur place les dimanches de la foire, dans la limite des places disponibles.<\/p>&#13;\n<p><strong>Ne manquez pas les expositions et les mus\u00e9es dont l&rsquo;entr\u00e9e est gratuite :<\/strong> le Museo del Disco d&rsquo;Epoca, la Collection Arte Povera, le Mus\u00e9e Linea Christa, le Mus\u00e9e Leonardo da Vinci et Romagna, la Collection Veggiani, le Mus\u00e9e du fromage de la Fossa et le Mus\u00e9e de la mine. Pendant les heures d&rsquo;ouverture de la foire, les expositions et les activit\u00e9s resteront ouvertes et l&rsquo;entr\u00e9e sera gratuite. Un<strong> service<\/strong> efficace<strong> de navettes gratuites<\/strong> sera \u00e9galement mis en place pour faciliter le stationnement.  <\/p>&#13;\n<p>\u00a0<\/p>&#13;\n<h2 style=\"text-align: center;\"><a href=\"https:\/\/www.visitsoglianoalrubicone.it\/wp-content\/uploads\/2022\/11\/Opuscolo-FFFossa.pdf\" target=\"_blank\" rel=\"noopener\"><strong>  &gt;&gt;&gt;  CLIQUEZ ICI POUR T\u00c9L\u00c9CHARGER LE PROGRAMME COMPLET ET LES \u00c9V\u00c9NEMENTS PARALL\u00c8LES  &lt;&lt;<\/strong><\/a><\/h2>&#13;\n<p><strong><br\/>SAMEDI 19 NOVEMBRE 10h30<\/strong> &#8211; Th\u00e9\u00e2tre E. Turroni :<strong> Pr\u00e9sentation de la 47\u00e8me foire aux fromages Sogliano Dop Pit<\/strong> et du projet <strong>\u00ab\u00a0Sogliano al Rubicone ~ Terra di Piadina\u00a0\u00bb<\/strong>.<\/p>&#13;\n<p><strong style=\"font-size: 1rem;\"><br\/><\/strong><strong>DIMANCHE 20 NOVEMBRE<\/strong><br\/><strong>9 h &#8211; 19 h :<\/strong> Stands gastronomiques proposant le fromage Fossa di Sogliano DOP et des produits typiques.<br\/><strong>9 h &#8211; 19 h<\/strong>: Via Piave :<strong> jeux d&rsquo;autrefois et maquillage pour enfants.<\/strong><br\/><strong><br\/>9<\/strong> <strong>h &#8211; 19 h<\/strong>: Via XX Settembre :<strong> ateliers d&rsquo;artisanat local ouverts \u00e0 tous. 9 h &#8211; 19 h :<\/strong> musique itin\u00e9rante avec <strong>Pasquarul dla Piopa<\/strong>.<br\/> <strong><br\/><\/strong><strong><br\/>9 h <\/strong><strong>&#8211; 19<\/strong> h : Piazza della Repubblica : <strong>Exposition<\/strong> <strong>ornithologique du mineur<\/strong><strong>. <\/strong> <strong><strong>9 h &#8211; 19 <\/strong>h : Piazza della Repubblica : <strong>Exposition picturale de Franco Carghini. 10 h &#8211; 17 h :<\/strong> <strong>E&rsquo; Zir dal Fosi :<\/strong> <strong>itin\u00e9raire de d\u00e9gustation du fromage Fossa et du Passito Albana Docg<\/strong> dans les six puits de la vieille ville.<\/strong><br\/><b>10:00 &#8211; 18:00 <\/b><span style=\"font-weight: 400;\">&#8211; Th\u00e9\u00e2tre Turroni : <\/span><b>Territoires num\u00e9riques<\/b><span style=\"font-weight: 400;\">Projection en avant-premi\u00e8re de 4 courts-m\u00e9trages d&rsquo;inspiration th\u00e9\u00e2trale consacr\u00e9s \u00e0 Sogliano al Rubicone : \u00ab\u00a0La Gastronomia\u00a0\u00bb &#8211; \u00ab\u00a0I Sentieri dell&rsquo;Alto Rubicone\u00a0\u00bb &#8211; \u00ab\u00a0I Musei di Sogliano\u00a0\u00bb &#8211; \u00ab\u00a0I Malatesta\u00a0\u00bb. Racont\u00e9 par   <\/span><b><br\/><\/b><br\/>R<b>oberto Mercadini<\/b><strong style=\"font-size: 1rem;\">.<\/strong><b><strong style=\"font-size: 1rem;\">10h30<\/strong><span style=\"font-weight: 400;\">: D\u00e9couverte de Sogliano : <\/span><b style=\"font-size: 1rem;\">Visite guid\u00e9e gratuite du<\/b><span style=\"font-weight: 400;\"> centre historique.<\/span><span style=\"font-weight: 400;\"><strong>11h00 &#8211; 15h30<\/strong>: Piazza Matteotti : D\u00e9jeuner-restaurant dans les locaux de <strong>Pro Loco.<\/strong><\/span><\/b><br\/><strong>11 h &#8211; 22 h<\/strong>: Piazza Matteotti<strong>:<\/strong> 5 restaurants<strong> sur la Piazza :<\/strong> cinq restaurants Soglianesi proposent des menus \u00e0 base de fromage Fossa et autres, \u00e0 d\u00e9guster dans un espace int\u00e9rieur chauff\u00e9.<br\/><strong>15.30 heures<\/strong><span style=\"font-weight: 400;\">D\u00e9couverte de Sogliano<strong>:<\/strong> <\/span><b>Visite guid\u00e9e gratuite<\/b><span style=\"font-weight: 400;\"> dans le centre historique.<\/span><br\/><strong><br\/>1<\/strong> <strong>6 heures<\/strong>: Piazza della Repubblica : Remise des prix du <strong>1er Championnat des Canaries de Fossa. 16 heures &#8211; 21 heures<\/strong>: Jardin du Palais de la Culture : <strong>Jardin de Fossa, concerts gastronomiques avec Bad Bed and Grocery Store.<\/strong><\/p>&#13;\n<p><strong><br\/>DIMANCHE 27 NOVEMBRE<\/strong><br\/><strong>9 h &#8211; 19 h :<\/strong> Stands gastronomiques proposant le fromage Fossa di Sogliano DOP et des produits typiques.<br\/><strong>9 h &#8211; 19 h<\/strong>: Via Piave : <strong>jeux d&rsquo;autrefois et maquillage pour enfants.<\/strong><br\/><strong><br\/>9<\/strong> <strong>h &#8211; 19 h<\/strong>: Via XX Settembre :<strong> ateliers d&rsquo;artisanat local ouverts \u00e0 tous. 9 h &#8211; 19 h :<\/strong> musique itin\u00e9rante avec<strong> Funktrop<\/strong>.<br\/><strong>9 h &#8211; 19 h <\/strong>: Piazza della Repubblica : <strong>exposition de peinture de Franco Carghini<\/strong>.<br\/><strong>10 h &#8211; 17<\/strong> h <strong>: E&rsquo; Zir dal Fosi : itin\u00e9raire de d\u00e9gustation du fromage Fossa et du Passito Albana Docg<\/strong> dans les six fosses du centre historique.<br\/><b>10:00 &#8211; 18:00 <\/b><span style=\"font-weight: 400;\">&#8211; Th\u00e9\u00e2tre Turroni : <\/span><b>Territoires num\u00e9riques<\/b><span style=\"font-weight: 400;\">Projection en avant-premi\u00e8re de 4 courts-m\u00e9trages d&rsquo;inspiration th\u00e9\u00e2trale consacr\u00e9s \u00e0 Sogliano al Rubicone : \u00ab\u00a0La Gastronomia\u00a0\u00bb &#8211; \u00ab\u00a0I Sentieri dell&rsquo;Alto Rubicone\u00a0\u00bb &#8211; \u00ab\u00a0I Musei di Sogliano\u00a0\u00bb &#8211; \u00ab\u00a0I Malatesta\u00a0\u00bb. Racont\u00e9 par   <\/span><b>Roberto Mercadini.<\/b><br\/><strong>10.30 heures<\/strong><span style=\"font-weight: 400;\">D\u00e9couverte de Sogliano<strong>:<\/strong> <\/span><b>Visite guid\u00e9e gratuite<\/b><span style=\"font-weight: 400;\"> dans le centre historique.<\/span><br\/><strong>11 h &#8211; 15 h 30<\/strong>: Piazza Matteotti : d\u00e9jeuner-restaurant dans les locaux de <strong>Pro Loco<\/strong>.<br\/><strong>11 h &#8211; 22 h<\/strong>: Piazza Matteotti<strong>:<\/strong> 5 restaurants<strong> sur la Piazza :<\/strong> cinq restaurants Soglianesi proposent des menus \u00e0 base de fromage Fossa et autres, \u00e0 d\u00e9guster dans un espace int\u00e9rieur chauff\u00e9.<br\/><strong>15.30 heures<\/strong><span style=\"font-weight: 400;\">D\u00e9couverte de Sogliano<strong>:<\/strong> <\/span><b>Visite guid\u00e9e gratuite<\/b><span style=\"font-weight: 400;\"> dans le centre historique.<\/span><br\/><strong>16 h &#8211; 21 h<\/strong>: Jardin du Palais de la culture :<strong> Fossa Garden, concerts gastronomiques avec l&rsquo;Onda et Les Belmondo<\/strong><strong>.<\/strong> <\/p>&#13;\n<p><strong><br\/><\/strong><br\/><br\/>S<strong>AMEDI 3 D\u00c9CEMBRE<\/strong><strong>15h00 &#8211; 19h00<\/strong>: Piazza Matteotti : <strong>Stones from the Cosmos,<\/strong> exposition de m\u00e9t\u00e9orites du monde entier.<strong>21h15 :<\/strong> Teatro E. Turroni : <strong>Conf\u00e9rence Stones from the Cosmos<\/strong>.<\/p>&#13;\n<p><strong><br\/><br\/>DIMANCHE 4 D\u00c9CEMBRE 9h00 &#8211; 19h00 :<\/strong> Stands gastronomiques avec le fromage DOP Fossa di Sogliano et des produits typiques.<br\/><strong>9 h &#8211; 19 h<\/strong>: Via Piave :<strong> jeux d&rsquo;autrefois et maquillage pour enfants.<\/strong><br\/><strong>9 h &#8211; 19 h<\/strong>: Via XX Settembre : <strong>ateliers d&rsquo;artisanat local ouverts \u00e0 tous<\/strong>.<br\/><strong>9 h &#8211; 19 h :<\/strong> musique itin\u00e9rante avec le <strong>Pasquarul dla Piopa<\/strong>.<br\/><strong>9 h &#8211; 19 h <\/strong>: Piazza della Repubblica : <strong>exposition de peinture de Franco Carghini<\/strong>.<br\/><strong>9 h &#8211; 12 h et 14 h &#8211; 18<\/strong> h : Piazza Matteotti : <strong>Pierres du cosmos<\/strong>, exposition de m\u00e9t\u00e9orites du monde entier.<br\/><strong>10 h &#8211; 17<\/strong> h <strong>: E&rsquo; Zir dal Fosi :<\/strong> <strong>itin\u00e9raire de d\u00e9gustation du fromage Fossa et du Passito Albana Docg<\/strong> dans les six fosses du centre historique.<br\/><b>10:00 &#8211; 18:00 <\/b><span style=\"font-weight: 400;\">&#8211; Th\u00e9\u00e2tre Turroni : <\/span><b>Territoires num\u00e9riques<\/b><span style=\"font-weight: 400;\">Projection en avant-premi\u00e8re de 4 courts-m\u00e9trages d&rsquo;inspiration th\u00e9\u00e2trale consacr\u00e9s \u00e0 Sogliano al Rubicone : \u00ab\u00a0La Gastronomia\u00a0\u00bb &#8211; \u00ab\u00a0I Sentieri dell&rsquo;Alto Rubicone\u00a0\u00bb &#8211; \u00ab\u00a0I Musei di Sogliano\u00a0\u00bb &#8211; \u00ab\u00a0I Malatesta\u00a0\u00bb. Racont\u00e9 par   <\/span><b>Roberto Mercadini.<\/b><br\/><strong>10.30 heures<\/strong><span style=\"font-weight: 400;\">D\u00e9couverte de Sogliano<strong>:<\/strong> <\/span><b>Visite guid\u00e9e gratuite<\/b><span style=\"font-weight: 400;\"> dans le centre historique.<\/span><br\/><strong>11 h &#8211; 15 h 30<\/strong>: Piazza Matteotti : d\u00e9jeuner-restaurant dans les locaux de <strong>Pro Loco<\/strong>.<br\/><strong>11 h &#8211; 22 h<\/strong>: Piazza Matteotti <strong>:<\/strong> 5 restaurants <strong>sur la Piazza :<\/strong> cinq restaurants Soglianesi proposent des menus \u00e0 base de fromage Fossa et autres, \u00e0 d\u00e9guster dans un espace int\u00e9rieur chauff\u00e9.<br\/><strong>15.30 heures<\/strong><span style=\"font-weight: 400;\">D\u00e9couverte de Sogliano<strong>:<\/strong> <\/span><b>Visite guid\u00e9e gratuite<\/b><span style=\"font-weight: 400;\"> dans le centre historique.<\/span><\/p>&#13;\n<p><strong><br\/><\/strong><br\/><br\/><br\/><br\/>M<strong>US\u00c9ES ET EXPOSITIONS<\/strong> &#8211; Museo del Disco d&rsquo;Epoca &#8211; Palazzo della Cultura, entr\u00e9e par Piazzetta Garibaldi &#8211; Museo di Arte Povera &#8211; Palazzo della Cultura, entr\u00e9e par Piazzetta Garibaldi &#8211; Collezione Veggiani &#8211; Palazzo della Cultura, entr\u00e9e par Piazzetta Garibaldi &#8211; Museo Leonardo da Vinci e Romagna &#8211; entr\u00e9e par Via XX Settembre &#8211; Museo del Formaggio di Fossa &#8211; entr\u00e9e par Via XX Settembre &#8211; Museo Leonardo da Vinci e la Romagna &#8211; entr\u00e9e par Via XX Settembre &#8211; Museo del Formaggio di Fossa &#8211; entr\u00e9e par Via XX Settembre<br\/><br\/><br\/><br\/>Mus\u00e9e de la Linea Christa &#8211; entr\u00e9e par Via XX Settembre &#8211; Museo Leonardo da Vinci e la Romagna &#8211; entr\u00e9e par Via XX Settembre &#8211; Museo del Formaggio di Fossa &#8211; Via Le Greppe, 14 &#8211; Museo Minerario &#8211; Piazzetta Garibaldi, 14. Pendant les heures d&rsquo;ouverture de la foire, les expositions restent ouvertes.<\/p>&#13;\n<p><br\/>D<strong>\u00c9COUVERTE DE SOGLIANO :<\/strong> Il sera possible de r\u00e9server des<strong>visites guid\u00e9es gratuites<\/strong> (d\u00e9parts \u00e0 10h30 et 15h30) du centre historique de Sogliano al Rubicone, gr\u00e2ce au professionnalisme de la guide touristique Sabrina Reali, qui vous fera d\u00e9couvrir une visite passionnante de la ville, avec ses saveurs, son histoire, sa gastronomie, ses monuments et ses points d&rsquo;int\u00e9r\u00eat. Nombre de places limit\u00e9,<strong> r\u00e9servation conseill\u00e9e <\/strong>au 0541 817340 aux jours et heures suivants : lun\/mer\/jeu\/ven 8h30-14h30 sam\/dim 10h00-13h00. Il sera \u00e9galement possible de r\u00e9server sur place les dimanches de la foire, dans la limite des places disponibles. <\/p>&#13;\n<h2 style=\"text-align: center;\"><a href=\"https:\/\/www.visitsoglianoalrubicone.it\/wp-content\/uploads\/2022\/11\/Opuscolo-FFFossa.pdf\" target=\"_blank\" rel=\"noopener\"><strong>  &gt;&gt;&gt;  CLIQUEZ ICI POUR T\u00c9L\u00c9CHARGER LE PROGRAMME COMPLET ET LES \u00c9V\u00c9NEMENTS PARALL\u00c8LES  &lt;&lt;<\/strong><\/a><\/h2>&#13;\n<p>[\/vc_column_text][vc_single_image image=\u00a0\u00bb21184&Prime; img_size=\u00a0\u00bbfull\u00a0\u00bb alignment=\u00a0\u00bbcenter\u00a0\u00bb onclick=\u00a0\u00bblink_image\u00a0\u00bb][vc_empty_space height=\u00a0\u00bb20px\u00a0\u00bb][vc_single_image image=\u00a0\u00bb21186&Prime; img_size=\u00a0\u00bbfull\u00a0\u00bb alignment=\u00a0\u00bbcenter\u00a0\u00bb onclick=\u00a0\u00bblink_image\u00a0\u00bb][vc_empty_space height=\u00a0\u00bb20px\u00a0\u00bb][vc_single_image image=\u00a0\u00bb21187&Prime; img_size=\u00a0\u00bbfull\u00a0\u00bb alignment=\u00a0\u00bbcenter\u00a0\u00bb onclick=\u00a0\u00bblink_image\u00a0\u00bb][vc_text_separator title=\u00a0\u00bbEn savoir plus\u00a0\u00bb title_align=\u00a0\u00bbseparator_align_left\u00a0\u00bb align=\u00a0\u00bbalign_left\u00a0\u00bb color=\u00a0\u00bbcustom\u00a0\u00bb accent_color=\u00a0\u00bb#fc7f0c\u00a0\u00bb][vc_empty_space height=\u00a0\u00bb20px\u00a0\u00bb][vc_column_text]<\/p>&#13;\n<div class=\"pt-cv-wrapper\"><div class=\"pt-cv-view pt-cv-grid pt-cv-colsys\" id=\"pt-cv-view-8add580t59\"><div data-id=\"pt-cv-page-1\" class=\"pt-cv-page\" data-cvc=\"2\"><div class=\"col-md-6 col-sm-6 col-xs-12 pt-cv-content-item pt-cv-1-col\" ><div class='pt-cv-ifield'><a href=\"https:\/\/www.visitsoglianoalrubicone.it\/fr\/gout\/gastronomie-et-produits-typiques\/fromage-fossa-de-sogliano-aop\/les-fosses\/\" class=\"_self pt-cv-href-thumbnail pt-cv-thumb-default\" target=\"_self\" ><img width=\"1024\" height=\"768\" src=\"https:\/\/www.visitsoglianoalrubicone.it\/wp-content\/uploads\/2021\/07\/Visit-Sogliano-Gusta-Prodotti-Tipici-Formaggio-di-Fossa-Infossatori-Banner-Resized.jpg\" class=\"pt-cv-thumbnail\" alt=\"\" loading=\"lazy\" srcset=\"https:\/\/www.visitsoglianoalrubicone.it\/wp-content\/uploads\/2021\/07\/Visit-Sogliano-Gusta-Prodotti-Tipici-Formaggio-di-Fossa-Infossatori-Banner-Resized.jpg 1024w, https:\/\/www.visitsoglianoalrubicone.it\/wp-content\/uploads\/2021\/07\/Visit-Sogliano-Gusta-Prodotti-Tipici-Formaggio-di-Fossa-Infossatori-Banner-Resized-300x225.jpg 300w, https:\/\/www.visitsoglianoalrubicone.it\/wp-content\/uploads\/2021\/07\/Visit-Sogliano-Gusta-Prodotti-Tipici-Formaggio-di-Fossa-Infossatori-Banner-Resized-768x576.jpg 768w\" sizes=\"(max-width: 1024px) 100vw, 1024px\" \/><\/a>\n<h6 class=\"pt-cv-title\"><a href=\"https:\/\/www.visitsoglianoalrubicone.it\/fr\/gout\/gastronomie-et-produits-typiques\/fromage-fossa-de-sogliano-aop\/les-fosses\/\" class=\"_self\" target=\"_self\" >Les fosses<\/a><\/h6><\/div><\/div>\n<div class=\"col-md-6 col-sm-6 col-xs-12 pt-cv-content-item pt-cv-1-col\" ><div class='pt-cv-ifield'><a href=\"https:\/\/www.visitsoglianoalrubicone.it\/fr\/gout\/gastronomie-et-produits-typiques\/fromage-fossa-de-sogliano-aop\/\" class=\"_self pt-cv-href-thumbnail pt-cv-thumb-default\" target=\"_self\" ><img width=\"1024\" height=\"768\" src=\"https:\/\/www.visitsoglianoalrubicone.it\/wp-content\/uploads\/2021\/07\/visit-sogliano-al-rubicone-gusta-fiere-sagre-e-mercati-fiera-del-formaggio-di-fossa-di-sogliano-dop-banner-2.jpg\" class=\"pt-cv-thumbnail\" alt=\"\" loading=\"lazy\" srcset=\"https:\/\/www.visitsoglianoalrubicone.it\/wp-content\/uploads\/2021\/07\/visit-sogliano-al-rubicone-gusta-fiere-sagre-e-mercati-fiera-del-formaggio-di-fossa-di-sogliano-dop-banner-2.jpg 1024w, https:\/\/www.visitsoglianoalrubicone.it\/wp-content\/uploads\/2021\/07\/visit-sogliano-al-rubicone-gusta-fiere-sagre-e-mercati-fiera-del-formaggio-di-fossa-di-sogliano-dop-banner-2-300x225.jpg 300w, https:\/\/www.visitsoglianoalrubicone.it\/wp-content\/uploads\/2021\/07\/visit-sogliano-al-rubicone-gusta-fiere-sagre-e-mercati-fiera-del-formaggio-di-fossa-di-sogliano-dop-banner-2-768x576.jpg 768w\" sizes=\"(max-width: 1024px) 100vw, 1024px\" \/><\/a>\n<h6 class=\"pt-cv-title\"><a href=\"https:\/\/www.visitsoglianoalrubicone.it\/fr\/gout\/gastronomie-et-produits-typiques\/fromage-fossa-de-sogliano-aop\/\" class=\"_self\" target=\"_self\" >Fromage Fossa de Sogliano AOP<\/a><\/h6><\/div><\/div><\/div><\/div><\/div>&#13;\n<p>[\/vc_column_text][vc_empty_space height=\u00a0\u00bb20px\u00a0\u00bb][vc_text_separator title=\u00a0\u00bbGalerie de photos\u00a0\u00bb title_align=\u00a0\u00bbseparator_align_left\u00a0\u00bb align=\u00a0\u00bbalign_left\u00a0\u00bb color=\u00a0\u00bbcustom\u00a0\u00bb accent_color=\u00a0\u00bb#fc7f0c\u00a0\u00bb][vc_empty_space height=\u00a0\u00bb20px\u00a0\u00bb][vc_column_text]<\/p>&#13;\n<style>#jtg-1615 .modula-item .jtg-social a, .lightbox-socials.jtg-social a{ color: #ffffff }#jtg-1615 .modula-item .jtg-social svg, .lightbox-socials.jtg-social svg { height: 16px; width: 16px }#jtg-1615 .modula-item .jtg-social a:not(:last-child), .lightbox-socials.jtg-social a:not(:last-child) { margin-right: 10px }#jtg-1615 .modula-item .figc {color:#ffffff;}#jtg-1615 .modula-item .modula-item-content { transform: scale(1) }#jtg-1615 { width:100%;}#jtg-1615 .modula-items .figc p.description { font-size:14px; }#jtg-1615 .modula-items .figc p.description { color:#ffffff;}#jtg-1615.modula-gallery .modula-item > a, #jtg-1615.modula-gallery .modula-item, #jtg-1615.modula-gallery .modula-item-content > a { cursor:zoom-in; } @media screen and (max-width:480px){#jtg-1615 .modula-item .figc .jtg-title {  font-size: 12px; }#jtg-1615 .modula-items .figc p.description { color:#ffffff;font-size:10px; }}<\/style>\n<!-- Gallery Container -->\n<div  id=\"jtg-1615\" class=\"modula modula-gallery modula-columns\" data-config=\"{&quot;enableTwitter&quot;:false,&quot;enableWhatsapp&quot;:false,&quot;enableFacebook&quot;:false,&quot;enablePinterest&quot;:false,&quot;enableLinkedin&quot;:false,&quot;enableEmail&quot;:false,&quot;randomFactor&quot;:0.5,&quot;type&quot;:&quot;grid&quot;,&quot;columns&quot;:12,&quot;gutter&quot;:10,&quot;mobileGutter&quot;:10,&quot;tabletGutter&quot;:10,&quot;desktopGutter&quot;:10,&quot;enableResponsive&quot;:&quot;0&quot;,&quot;tabletColumns&quot;:&quot;2&quot;,&quot;mobileColumns&quot;:&quot;1&quot;,&quot;lazyLoad&quot;:&quot;0&quot;,&quot;lightboxOpts&quot;:{&quot;loop&quot;:false,&quot;arrows&quot;:true,&quot;toolbar&quot;:true,&quot;keyboard&quot;:false,&quot;wheel&quot;:false,&quot;buttons&quot;:[&quot;close&quot;],&quot;hash&quot;:false,&quot;lang&quot;:&quot;en&quot;,&quot;touch&quot;:false,&quot;protect&quot;:false,&quot;i18n&quot;:{&quot;en&quot;:{&quot;CLOSE&quot;:&quot;Close&quot;,&quot;NEXT&quot;:&quot;Next&quot;,&quot;PREV&quot;:&quot;Previous&quot;,&quot;Error&quot;:&quot;The requested content cannot be loaded. Please try again later.&quot;,&quot;PLAY_START&quot;:&quot;Start slideshow&quot;,&quot;PLAY_STOP&quot;:&quot;Pause slideshow&quot;,&quot;FULL_SCREEN&quot;:&quot;Full screen&quot;,&quot;THUMBS&quot;:&quot;Thumbnails&quot;,&quot;DOWNLOAD&quot;:&quot;Download&quot;,&quot;SHARE&quot;:&quot;Share&quot;,&quot;ZOOM&quot;:&quot;Zoom&quot;}},&quot;clickSlide&quot;:false,&quot;clickOutside&quot;:false,&quot;dblclickContent&quot;:false,&quot;dblclickSlide&quot;:false,&quot;dblclickOutside&quot;:false,&quot;clickContent&quot;:false,&quot;baseTpl&quot;:&quot;&lt;div class=\\&quot;modula-fancybox-container modula-lightbox-jtg-1615\\&quot; role=\\&quot;dialog\\&quot; tabindex=\\&quot;-1\\&quot;&gt;&lt;div class=\\&quot;modula-fancybox-bg\\&quot;&gt;&lt;\\\/div&gt;&lt;div class=\\&quot;modula-fancybox-inner\\&quot;&gt;&lt;div class=\\&quot;modula-fancybox-infobar\\&quot;&gt;&lt;span data-fancybox-index&gt;&lt;\\\/span&gt;&nbsp;\\\/&nbsp;&lt;span data-fancybox-count&gt;&lt;\\\/span&gt;&lt;\\\/div&gt;&lt;div class=\\&quot;modula-fancybox-toolbar\\&quot;&gt;{{buttons}}&lt;\\\/div&gt;&lt;div class=\\&quot;modula-fancybox-navigation\\&quot;&gt;{{arrows}}&lt;\\\/div&gt;&lt;div class=\\&quot;modula-fancybox-stage\\&quot;&gt;&lt;\\\/div&gt;&lt;div class=\\&quot;modula-fancybox-caption\\&quot;&gt;&lt;div class=\\&quot;modula-fancybox-caption__body\\&quot;&gt;&lt;\\\/div&gt;&lt;\\\/div&gt;&lt;\\\/div&gt;&lt;\\\/div&gt;&quot;},&quot;inView&quot;:false,&quot;email_subject&quot;:&quot;Check out this awesome image !!&quot;,&quot;email_message&quot;:&quot;Here is the link to the image : %%image_link%% and this is the link to the gallery : %%gallery_link%%&quot;,&quot;grid_type&quot;:&quot;automatic&quot;,&quot;rowHeight&quot;:150,&quot;lastRow&quot;:&quot;justify&quot;,&quot;lightbox&quot;:&quot;fancybox&quot;}\">\n\n\t\n\t<!-- Items Container -->\n\t<div  class=\"modula-items grid-gallery\">\n\t\t<div class=\"modula-item effect-pufrobo\" >\n\t<div class=\"modula-item-overlay\"><\/div>\n\n\t<div class=\"modula-item-content\">\n\n\t\t\t\t\n\t\t\t\t\t<a data-image-id=\"29615\" href=\"https:\/\/www.visitsoglianoalrubicone.it\/wp-content\/uploads\/2025\/07\/Pro-Loco-Sogliano-E-Zir-dal-Fosi_GAL2127-scaled.jpg\" rel=\"jtg-1615\" data-caption=\"Sogliano (FC); 17\/11\/2024: Pro Loco Sogliano, sagra E Zir dal F\u00f2si.\r\r\u00a9Riccardo Gallini \/GRPhoto\" class=\"tile-inner modula-item-link\"><\/a>\n\t\t\n\t\t<img class=\"pic\"  data-valign=\"middle\" data-halign=\"center\" alt=\"\" data-full=\"https:\/\/www.visitsoglianoalrubicone.it\/wp-content\/uploads\/2025\/07\/Pro-Loco-Sogliano-E-Zir-dal-Fosi_GAL2127.jpg\" title=\"Pro Loco Sogliano E Zir dal F\u00f2si_GAL2127\" width=\"1024\" height=\"644\" src=\"https:\/\/www.visitsoglianoalrubicone.it\/wp-content\/uploads\/2025\/07\/Pro-Loco-Sogliano-E-Zir-dal-Fosi_GAL2127-1024x644.jpg\" data-src=\"https:\/\/www.visitsoglianoalrubicone.it\/wp-content\/uploads\/2025\/07\/Pro-Loco-Sogliano-E-Zir-dal-Fosi_GAL2127-1024x644.jpg\" data-caption=\"Sogliano (FC); 17\/11\/2024: Pro Loco Sogliano, sagra E Zir dal F\u00f2si.\r\r\u00a9Riccardo Gallini \/GRPhoto\"srcset=\"https:\/\/www.visitsoglianoalrubicone.it\/wp-content\/uploads\/2025\/07\/Pro-Loco-Sogliano-E-Zir-dal-Fosi_GAL2127-scaled-1024x644.jpg 1024w, https:\/\/www.visitsoglianoalrubicone.it\/wp-content\/uploads\/2025\/07\/Pro-Loco-Sogliano-E-Zir-dal-Fosi_GAL2127-300x189.jpg 300w, https:\/\/www.visitsoglianoalrubicone.it\/wp-content\/uploads\/2025\/07\/Pro-Loco-Sogliano-E-Zir-dal-Fosi_GAL2127-768x483.jpg 768w, https:\/\/www.visitsoglianoalrubicone.it\/wp-content\/uploads\/2025\/07\/Pro-Loco-Sogliano-E-Zir-dal-Fosi_GAL2127-1536x966.jpg 1536w, https:\/\/www.visitsoglianoalrubicone.it\/wp-content\/uploads\/2025\/07\/Pro-Loco-Sogliano-E-Zir-dal-Fosi_GAL2127-2048x1288.jpg 2048w\" sizes=\"(max-width: 1024px) 100vw, 1024px\"\" \/>\n\t\t<div class=\"figc\">\n\t\t\t<div class=\"figc-inner\">\n\t\t\t\t\t\t\t\t\t\t\t\t\t\t\t<\/div>\n\t\t<\/div>\n\n\t<\/div>\n\n<\/div><div class=\"modula-item effect-pufrobo\" >\n\t<div class=\"modula-item-overlay\"><\/div>\n\n\t<div class=\"modula-item-content\">\n\n\t\t\t\t\n\t\t\t\t\t<a data-image-id=\"29619\" href=\"https:\/\/www.visitsoglianoalrubicone.it\/wp-content\/uploads\/2025\/07\/Pro-Loco-Sogliano-E-Zir-dal-Fosi_GAL1879-scaled.jpg\" rel=\"jtg-1615\" data-caption=\"Sogliano (FC); 17\/11\/2024: Pro Loco Sogliano, sagra E Zir dal F\u00f2si.\r\r\u00a9Riccardo Gallini \/GRPhoto\" class=\"tile-inner modula-item-link\"><\/a>\n\t\t\n\t\t<img class=\"pic\"  data-valign=\"middle\" data-halign=\"center\" alt=\"\" data-full=\"https:\/\/www.visitsoglianoalrubicone.it\/wp-content\/uploads\/2025\/07\/Pro-Loco-Sogliano-E-Zir-dal-Fosi_GAL1879.jpg\" title=\"Pro Loco Sogliano E Zir dal F\u00f2si_GAL1879\" width=\"1024\" height=\"774\" src=\"https:\/\/www.visitsoglianoalrubicone.it\/wp-content\/uploads\/2025\/07\/Pro-Loco-Sogliano-E-Zir-dal-Fosi_GAL1879-1024x774.jpg\" data-src=\"https:\/\/www.visitsoglianoalrubicone.it\/wp-content\/uploads\/2025\/07\/Pro-Loco-Sogliano-E-Zir-dal-Fosi_GAL1879-1024x774.jpg\" data-caption=\"Sogliano (FC); 17\/11\/2024: Pro Loco Sogliano, sagra E Zir dal F\u00f2si.\r\r\u00a9Riccardo Gallini \/GRPhoto\"srcset=\"https:\/\/www.visitsoglianoalrubicone.it\/wp-content\/uploads\/2025\/07\/Pro-Loco-Sogliano-E-Zir-dal-Fosi_GAL1879-scaled-1024x774.jpg 1024w, https:\/\/www.visitsoglianoalrubicone.it\/wp-content\/uploads\/2025\/07\/Pro-Loco-Sogliano-E-Zir-dal-Fosi_GAL1879-300x227.jpg 300w, https:\/\/www.visitsoglianoalrubicone.it\/wp-content\/uploads\/2025\/07\/Pro-Loco-Sogliano-E-Zir-dal-Fosi_GAL1879-768x581.jpg 768w, https:\/\/www.visitsoglianoalrubicone.it\/wp-content\/uploads\/2025\/07\/Pro-Loco-Sogliano-E-Zir-dal-Fosi_GAL1879-1536x1161.jpg 1536w, https:\/\/www.visitsoglianoalrubicone.it\/wp-content\/uploads\/2025\/07\/Pro-Loco-Sogliano-E-Zir-dal-Fosi_GAL1879-2048x1548.jpg 2048w\" sizes=\"(max-width: 1024px) 100vw, 1024px\"\" \/>\n\t\t<div class=\"figc\">\n\t\t\t<div class=\"figc-inner\">\n\t\t\t\t\t\t\t\t\t\t\t\t\t\t\t<\/div>\n\t\t<\/div>\n\n\t<\/div>\n\n<\/div><div class=\"modula-item effect-pufrobo\" >\n\t<div class=\"modula-item-overlay\"><\/div>\n\n\t<div class=\"modula-item-content\">\n\n\t\t\t\t\n\t\t\t\t\t<a data-image-id=\"29639\" href=\"https:\/\/www.visitsoglianoalrubicone.it\/wp-content\/uploads\/2025\/07\/Pro-Loco-Sogliano-E-Zir-dal-Fosi_GAL1836-scaled.jpg\" rel=\"jtg-1615\" data-caption=\"Sogliano (FC); 17\/11\/2024: Pro Loco Sogliano, sagra E Zir dal F\u00f2si.\r\r\u00a9Riccardo Gallini \/GRPhoto\" class=\"tile-inner modula-item-link\"><\/a>\n\t\t\n\t\t<img class=\"pic\"  data-valign=\"middle\" data-halign=\"center\" alt=\"\" data-full=\"https:\/\/www.visitsoglianoalrubicone.it\/wp-content\/uploads\/2025\/07\/Pro-Loco-Sogliano-E-Zir-dal-Fosi_GAL1836.jpg\" title=\"Pro Loco Sogliano E Zir dal F\u00f2si_GAL1836\" width=\"1024\" height=\"682\" src=\"https:\/\/www.visitsoglianoalrubicone.it\/wp-content\/uploads\/2025\/07\/Pro-Loco-Sogliano-E-Zir-dal-Fosi_GAL1836-1024x682.jpg\" data-src=\"https:\/\/www.visitsoglianoalrubicone.it\/wp-content\/uploads\/2025\/07\/Pro-Loco-Sogliano-E-Zir-dal-Fosi_GAL1836-1024x682.jpg\" data-caption=\"Sogliano (FC); 17\/11\/2024: Pro Loco Sogliano, sagra E Zir dal F\u00f2si.\r\r\u00a9Riccardo Gallini \/GRPhoto\"srcset=\"https:\/\/www.visitsoglianoalrubicone.it\/wp-content\/uploads\/2025\/07\/Pro-Loco-Sogliano-E-Zir-dal-Fosi_GAL1836-scaled-1024x682.jpg 1024w, https:\/\/www.visitsoglianoalrubicone.it\/wp-content\/uploads\/2025\/07\/Pro-Loco-Sogliano-E-Zir-dal-Fosi_GAL1836-300x200.jpg 300w, https:\/\/www.visitsoglianoalrubicone.it\/wp-content\/uploads\/2025\/07\/Pro-Loco-Sogliano-E-Zir-dal-Fosi_GAL1836-768x512.jpg 768w, https:\/\/www.visitsoglianoalrubicone.it\/wp-content\/uploads\/2025\/07\/Pro-Loco-Sogliano-E-Zir-dal-Fosi_GAL1836-1536x1024.jpg 1536w, https:\/\/www.visitsoglianoalrubicone.it\/wp-content\/uploads\/2025\/07\/Pro-Loco-Sogliano-E-Zir-dal-Fosi_GAL1836-2048x1365.jpg 2048w\" sizes=\"(max-width: 1024px) 100vw, 1024px\"\" \/>\n\t\t<div class=\"figc\">\n\t\t\t<div class=\"figc-inner\">\n\t\t\t\t\t\t\t\t\t\t\t\t\t\t\t<\/div>\n\t\t<\/div>\n\n\t<\/div>\n\n<\/div><div class=\"modula-item effect-pufrobo\" >\n\t<div class=\"modula-item-overlay\"><\/div>\n\n\t<div class=\"modula-item-content\">\n\n\t\t\t\t\n\t\t\t\t\t<a data-image-id=\"29627\" href=\"https:\/\/www.visitsoglianoalrubicone.it\/wp-content\/uploads\/2025\/07\/Pro-Loco-Sogliano-E-Zir-dal-Fosi_GAL1677-scaled.jpg\" rel=\"jtg-1615\" data-caption=\"Sogliano (FC); 17\/11\/2024: Pro Loco Sogliano, sagra E Zir dal F\u00f2si.\r\r\u00a9Riccardo Gallini \/GRPhoto\" class=\"tile-inner modula-item-link\"><\/a>\n\t\t\n\t\t<img class=\"pic\"  data-valign=\"middle\" data-halign=\"center\" alt=\"\" data-full=\"https:\/\/www.visitsoglianoalrubicone.it\/wp-content\/uploads\/2025\/07\/Pro-Loco-Sogliano-E-Zir-dal-Fosi_GAL1677.jpg\" title=\"Pro Loco Sogliano E Zir dal F\u00f2si_GAL1677\" width=\"1024\" height=\"744\" src=\"https:\/\/www.visitsoglianoalrubicone.it\/wp-content\/uploads\/2025\/07\/Pro-Loco-Sogliano-E-Zir-dal-Fosi_GAL1677-1024x744.jpg\" data-src=\"https:\/\/www.visitsoglianoalrubicone.it\/wp-content\/uploads\/2025\/07\/Pro-Loco-Sogliano-E-Zir-dal-Fosi_GAL1677-1024x744.jpg\" data-caption=\"Sogliano (FC); 17\/11\/2024: Pro Loco Sogliano, sagra E Zir dal F\u00f2si.\r\r\u00a9Riccardo Gallini \/GRPhoto\"srcset=\"https:\/\/www.visitsoglianoalrubicone.it\/wp-content\/uploads\/2025\/07\/Pro-Loco-Sogliano-E-Zir-dal-Fosi_GAL1677-scaled-1024x744.jpg 1024w, https:\/\/www.visitsoglianoalrubicone.it\/wp-content\/uploads\/2025\/07\/Pro-Loco-Sogliano-E-Zir-dal-Fosi_GAL1677-300x218.jpg 300w, https:\/\/www.visitsoglianoalrubicone.it\/wp-content\/uploads\/2025\/07\/Pro-Loco-Sogliano-E-Zir-dal-Fosi_GAL1677-768x558.jpg 768w, https:\/\/www.visitsoglianoalrubicone.it\/wp-content\/uploads\/2025\/07\/Pro-Loco-Sogliano-E-Zir-dal-Fosi_GAL1677-1536x1116.jpg 1536w, https:\/\/www.visitsoglianoalrubicone.it\/wp-content\/uploads\/2025\/07\/Pro-Loco-Sogliano-E-Zir-dal-Fosi_GAL1677-2048x1488.jpg 2048w\" sizes=\"(max-width: 1024px) 100vw, 1024px\"\" \/>\n\t\t<div class=\"figc\">\n\t\t\t<div class=\"figc-inner\">\n\t\t\t\t\t\t\t\t\t\t\t\t\t\t\t<\/div>\n\t\t<\/div>\n\n\t<\/div>\n\n<\/div><div class=\"modula-item effect-pufrobo\" >\n\t<div class=\"modula-item-overlay\"><\/div>\n\n\t<div class=\"modula-item-content\">\n\n\t\t\t\t\n\t\t\t\t\t<a data-image-id=\"29631\" href=\"https:\/\/www.visitsoglianoalrubicone.it\/wp-content\/uploads\/2025\/07\/Pro-Loco-Sogliano-E-Zir-dal-Fosi_GAL1691-scaled.jpg\" rel=\"jtg-1615\" data-caption=\"Sogliano (FC); 17\/11\/2024: Pro Loco Sogliano, sagra E Zir dal F\u00f2si.\r\r\u00a9Riccardo Gallini \/GRPhoto\" class=\"tile-inner modula-item-link\"><\/a>\n\t\t\n\t\t<img class=\"pic\"  data-valign=\"middle\" data-halign=\"center\" alt=\"\" data-full=\"https:\/\/www.visitsoglianoalrubicone.it\/wp-content\/uploads\/2025\/07\/Pro-Loco-Sogliano-E-Zir-dal-Fosi_GAL1691.jpg\" title=\"Pro Loco Sogliano E Zir dal F\u00f2si_GAL1691\" width=\"1024\" height=\"739\" src=\"https:\/\/www.visitsoglianoalrubicone.it\/wp-content\/uploads\/2025\/07\/Pro-Loco-Sogliano-E-Zir-dal-Fosi_GAL1691-1024x739.jpg\" data-src=\"https:\/\/www.visitsoglianoalrubicone.it\/wp-content\/uploads\/2025\/07\/Pro-Loco-Sogliano-E-Zir-dal-Fosi_GAL1691-1024x739.jpg\" data-caption=\"Sogliano (FC); 17\/11\/2024: Pro Loco Sogliano, sagra E Zir dal F\u00f2si.\r\r\u00a9Riccardo Gallini \/GRPhoto\"srcset=\"https:\/\/www.visitsoglianoalrubicone.it\/wp-content\/uploads\/2025\/07\/Pro-Loco-Sogliano-E-Zir-dal-Fosi_GAL1691-scaled-1024x739.jpg 1024w, https:\/\/www.visitsoglianoalrubicone.it\/wp-content\/uploads\/2025\/07\/Pro-Loco-Sogliano-E-Zir-dal-Fosi_GAL1691-300x216.jpg 300w, https:\/\/www.visitsoglianoalrubicone.it\/wp-content\/uploads\/2025\/07\/Pro-Loco-Sogliano-E-Zir-dal-Fosi_GAL1691-768x554.jpg 768w, https:\/\/www.visitsoglianoalrubicone.it\/wp-content\/uploads\/2025\/07\/Pro-Loco-Sogliano-E-Zir-dal-Fosi_GAL1691-1536x1108.jpg 1536w, https:\/\/www.visitsoglianoalrubicone.it\/wp-content\/uploads\/2025\/07\/Pro-Loco-Sogliano-E-Zir-dal-Fosi_GAL1691-2048x1477.jpg 2048w\" sizes=\"(max-width: 1024px) 100vw, 1024px\"\" \/>\n\t\t<div class=\"figc\">\n\t\t\t<div class=\"figc-inner\">\n\t\t\t\t\t\t\t\t\t\t\t\t\t\t\t<\/div>\n\t\t<\/div>\n\n\t<\/div>\n\n<\/div><div class=\"modula-item effect-pufrobo\" >\n\t<div class=\"modula-item-overlay\"><\/div>\n\n\t<div class=\"modula-item-content\">\n\n\t\t\t\t\n\t\t\t\t\t<a data-image-id=\"29635\" href=\"https:\/\/www.visitsoglianoalrubicone.it\/wp-content\/uploads\/2025\/07\/Pro-Loco-Sogliano-E-Zir-dal-Fosi_RIC9596-scaled.jpg\" rel=\"jtg-1615\" data-caption=\"Sogliano (FC); 17\/11\/2024: Pro Loco Sogliano, sagra E Zir dal F\u00f2si.\r\r\u00a9Riccardo Gallini \/GRPhoto\" class=\"tile-inner modula-item-link\"><\/a>\n\t\t\n\t\t<img class=\"pic\"  data-valign=\"middle\" data-halign=\"center\" alt=\"\" data-full=\"https:\/\/www.visitsoglianoalrubicone.it\/wp-content\/uploads\/2025\/07\/Pro-Loco-Sogliano-E-Zir-dal-Fosi_RIC9596.jpg\" title=\"Pro Loco Sogliano E Zir dal F\u00f2si_RIC9596\" width=\"1024\" height=\"868\" src=\"https:\/\/www.visitsoglianoalrubicone.it\/wp-content\/uploads\/2025\/07\/Pro-Loco-Sogliano-E-Zir-dal-Fosi_RIC9596-1024x868.jpg\" data-src=\"https:\/\/www.visitsoglianoalrubicone.it\/wp-content\/uploads\/2025\/07\/Pro-Loco-Sogliano-E-Zir-dal-Fosi_RIC9596-1024x868.jpg\" data-caption=\"Sogliano (FC); 17\/11\/2024: Pro Loco Sogliano, sagra E Zir dal F\u00f2si.\r\r\u00a9Riccardo Gallini \/GRPhoto\"srcset=\"https:\/\/www.visitsoglianoalrubicone.it\/wp-content\/uploads\/2025\/07\/Pro-Loco-Sogliano-E-Zir-dal-Fosi_RIC9596-scaled-1024x868.jpg 1024w, https:\/\/www.visitsoglianoalrubicone.it\/wp-content\/uploads\/2025\/07\/Pro-Loco-Sogliano-E-Zir-dal-Fosi_RIC9596-300x254.jpg 300w, https:\/\/www.visitsoglianoalrubicone.it\/wp-content\/uploads\/2025\/07\/Pro-Loco-Sogliano-E-Zir-dal-Fosi_RIC9596-768x651.jpg 768w, https:\/\/www.visitsoglianoalrubicone.it\/wp-content\/uploads\/2025\/07\/Pro-Loco-Sogliano-E-Zir-dal-Fosi_RIC9596-1536x1302.jpg 1536w, https:\/\/www.visitsoglianoalrubicone.it\/wp-content\/uploads\/2025\/07\/Pro-Loco-Sogliano-E-Zir-dal-Fosi_RIC9596-2048x1735.jpg 2048w\" sizes=\"(max-width: 1024px) 100vw, 1024px\"\" \/>\n\t\t<div class=\"figc\">\n\t\t\t<div class=\"figc-inner\">\n\t\t\t\t\t\t\t\t\t\t\t\t\t\t\t<\/div>\n\t\t<\/div>\n\n\t<\/div>\n\n<\/div><div class=\"modula-item effect-pufrobo\" >\n\t<div class=\"modula-item-overlay\"><\/div>\n\n\t<div class=\"modula-item-content\">\n\n\t\t\t\t\n\t\t\t\t\t<a data-image-id=\"29611\" href=\"https:\/\/www.visitsoglianoalrubicone.it\/wp-content\/uploads\/2025\/07\/Pro-Loco-Sogliano-E-Zir-dal-Fosi_RIC9636-scaled.jpg\" rel=\"jtg-1615\" data-caption=\"Sogliano (FC); 17\/11\/2024: Pro Loco Sogliano, sagra E Zir dal F\u00f2si.\r\r\u00a9Riccardo Gallini \/GRPhoto\" class=\"tile-inner modula-item-link\"><\/a>\n\t\t\n\t\t<img class=\"pic\"  data-valign=\"middle\" data-halign=\"center\" alt=\"\" data-full=\"https:\/\/www.visitsoglianoalrubicone.it\/wp-content\/uploads\/2025\/07\/Pro-Loco-Sogliano-E-Zir-dal-Fosi_RIC9636.jpg\" title=\"Pro Loco Sogliano E Zir dal F\u00f2si_RIC9636\" width=\"1024\" height=\"738\" src=\"https:\/\/www.visitsoglianoalrubicone.it\/wp-content\/uploads\/2025\/07\/Pro-Loco-Sogliano-E-Zir-dal-Fosi_RIC9636-1024x738.jpg\" data-src=\"https:\/\/www.visitsoglianoalrubicone.it\/wp-content\/uploads\/2025\/07\/Pro-Loco-Sogliano-E-Zir-dal-Fosi_RIC9636-1024x738.jpg\" data-caption=\"Sogliano (FC); 17\/11\/2024: Pro Loco Sogliano, sagra E Zir dal F\u00f2si.\r\r\u00a9Riccardo Gallini \/GRPhoto\"srcset=\"https:\/\/www.visitsoglianoalrubicone.it\/wp-content\/uploads\/2025\/07\/Pro-Loco-Sogliano-E-Zir-dal-Fosi_RIC9636-scaled-1024x738.jpg 1024w, https:\/\/www.visitsoglianoalrubicone.it\/wp-content\/uploads\/2025\/07\/Pro-Loco-Sogliano-E-Zir-dal-Fosi_RIC9636-300x216.jpg 300w, https:\/\/www.visitsoglianoalrubicone.it\/wp-content\/uploads\/2025\/07\/Pro-Loco-Sogliano-E-Zir-dal-Fosi_RIC9636-768x553.jpg 768w, https:\/\/www.visitsoglianoalrubicone.it\/wp-content\/uploads\/2025\/07\/Pro-Loco-Sogliano-E-Zir-dal-Fosi_RIC9636-1536x1106.jpg 1536w, https:\/\/www.visitsoglianoalrubicone.it\/wp-content\/uploads\/2025\/07\/Pro-Loco-Sogliano-E-Zir-dal-Fosi_RIC9636-2048x1475.jpg 2048w\" sizes=\"(max-width: 1024px) 100vw, 1024px\"\" \/>\n\t\t<div class=\"figc\">\n\t\t\t<div class=\"figc-inner\">\n\t\t\t\t\t\t\t\t\t\t\t\t\t\t\t<\/div>\n\t\t<\/div>\n\n\t<\/div>\n\n<\/div><div class=\"modula-item effect-pufrobo\" >\n\t<div class=\"modula-item-overlay\"><\/div>\n\n\t<div class=\"modula-item-content\">\n\n\t\t\t\t\n\t\t\t\t\t<a data-image-id=\"29679\" href=\"https:\/\/www.visitsoglianoalrubicone.it\/wp-content\/uploads\/2025\/07\/Pro-Loco-Sogliano-E-Zir-dal-Fosi_GAL1640-scaled.jpg\" rel=\"jtg-1615\" data-caption=\"Sogliano (FC); 17\/11\/2024: Pro Loco Sogliano, sagra E Zir dal F\u00f2si.\r\r\u00a9Riccardo Gallini \/GRPhoto\" class=\"tile-inner modula-item-link\"><\/a>\n\t\t\n\t\t<img class=\"pic\"  data-valign=\"middle\" data-halign=\"center\" alt=\"\" data-full=\"https:\/\/www.visitsoglianoalrubicone.it\/wp-content\/uploads\/2025\/07\/Pro-Loco-Sogliano-E-Zir-dal-Fosi_GAL1640.jpg\" title=\"Pro Loco Sogliano E Zir dal F\u00f2si_GAL1640\" width=\"1024\" height=\"728\" src=\"https:\/\/www.visitsoglianoalrubicone.it\/wp-content\/uploads\/2025\/07\/Pro-Loco-Sogliano-E-Zir-dal-Fosi_GAL1640-1024x728.jpg\" data-src=\"https:\/\/www.visitsoglianoalrubicone.it\/wp-content\/uploads\/2025\/07\/Pro-Loco-Sogliano-E-Zir-dal-Fosi_GAL1640-1024x728.jpg\" data-caption=\"Sogliano (FC); 17\/11\/2024: Pro Loco Sogliano, sagra E Zir dal F\u00f2si.\r\r\u00a9Riccardo Gallini \/GRPhoto\"srcset=\"https:\/\/www.visitsoglianoalrubicone.it\/wp-content\/uploads\/2025\/07\/Pro-Loco-Sogliano-E-Zir-dal-Fosi_GAL1640-scaled-1024x728.jpg 1024w, https:\/\/www.visitsoglianoalrubicone.it\/wp-content\/uploads\/2025\/07\/Pro-Loco-Sogliano-E-Zir-dal-Fosi_GAL1640-300x213.jpg 300w, https:\/\/www.visitsoglianoalrubicone.it\/wp-content\/uploads\/2025\/07\/Pro-Loco-Sogliano-E-Zir-dal-Fosi_GAL1640-768x546.jpg 768w, https:\/\/www.visitsoglianoalrubicone.it\/wp-content\/uploads\/2025\/07\/Pro-Loco-Sogliano-E-Zir-dal-Fosi_GAL1640-1536x1092.jpg 1536w, https:\/\/www.visitsoglianoalrubicone.it\/wp-content\/uploads\/2025\/07\/Pro-Loco-Sogliano-E-Zir-dal-Fosi_GAL1640-2048x1457.jpg 2048w, https:\/\/www.visitsoglianoalrubicone.it\/wp-content\/uploads\/2025\/07\/Pro-Loco-Sogliano-E-Zir-dal-Fosi_GAL1640-350x250.jpg 350w\" sizes=\"(max-width: 1024px) 100vw, 1024px\"\" \/>\n\t\t<div class=\"figc\">\n\t\t\t<div class=\"figc-inner\">\n\t\t\t\t\t\t\t\t\t\t\t\t\t\t\t<\/div>\n\t\t<\/div>\n\n\t<\/div>\n\n<\/div><div class=\"modula-item effect-pufrobo\" >\n\t<div class=\"modula-item-overlay\"><\/div>\n\n\t<div class=\"modula-item-content\">\n\n\t\t\t\t\n\t\t\t\t\t<a data-image-id=\"29675\" href=\"https:\/\/www.visitsoglianoalrubicone.it\/wp-content\/uploads\/2025\/07\/Pro-Loco-Sogliano-E-Zir-dal-Fosi_GAL1584-scaled.jpg\" rel=\"jtg-1615\" data-caption=\"Sogliano (FC); 17\/11\/2024: Pro Loco Sogliano, sagra E Zir dal F\u00f2si.\r\r\u00a9Riccardo Gallini \/GRPhoto\" class=\"tile-inner modula-item-link\"><\/a>\n\t\t\n\t\t<img class=\"pic\"  data-valign=\"middle\" data-halign=\"center\" alt=\"\" data-full=\"https:\/\/www.visitsoglianoalrubicone.it\/wp-content\/uploads\/2025\/07\/Pro-Loco-Sogliano-E-Zir-dal-Fosi_GAL1584.jpg\" title=\"Pro Loco Sogliano E Zir dal F\u00f2si_GAL1584\" width=\"1024\" height=\"775\" src=\"https:\/\/www.visitsoglianoalrubicone.it\/wp-content\/uploads\/2025\/07\/Pro-Loco-Sogliano-E-Zir-dal-Fosi_GAL1584-1024x775.jpg\" data-src=\"https:\/\/www.visitsoglianoalrubicone.it\/wp-content\/uploads\/2025\/07\/Pro-Loco-Sogliano-E-Zir-dal-Fosi_GAL1584-1024x775.jpg\" data-caption=\"Sogliano (FC); 17\/11\/2024: Pro Loco Sogliano, sagra E Zir dal F\u00f2si.\r\r\u00a9Riccardo Gallini \/GRPhoto\"srcset=\"https:\/\/www.visitsoglianoalrubicone.it\/wp-content\/uploads\/2025\/07\/Pro-Loco-Sogliano-E-Zir-dal-Fosi_GAL1584-scaled-1024x775.jpg 1024w, https:\/\/www.visitsoglianoalrubicone.it\/wp-content\/uploads\/2025\/07\/Pro-Loco-Sogliano-E-Zir-dal-Fosi_GAL1584-300x227.jpg 300w, https:\/\/www.visitsoglianoalrubicone.it\/wp-content\/uploads\/2025\/07\/Pro-Loco-Sogliano-E-Zir-dal-Fosi_GAL1584-768x581.jpg 768w, https:\/\/www.visitsoglianoalrubicone.it\/wp-content\/uploads\/2025\/07\/Pro-Loco-Sogliano-E-Zir-dal-Fosi_GAL1584-1536x1162.jpg 1536w, https:\/\/www.visitsoglianoalrubicone.it\/wp-content\/uploads\/2025\/07\/Pro-Loco-Sogliano-E-Zir-dal-Fosi_GAL1584-2048x1550.jpg 2048w\" sizes=\"(max-width: 1024px) 100vw, 1024px\"\" \/>\n\t\t<div class=\"figc\">\n\t\t\t<div class=\"figc-inner\">\n\t\t\t\t\t\t\t\t\t\t\t\t\t\t\t<\/div>\n\t\t<\/div>\n\n\t<\/div>\n\n<\/div><div class=\"modula-item effect-pufrobo\" >\n\t<div class=\"modula-item-overlay\"><\/div>\n\n\t<div class=\"modula-item-content\">\n\n\t\t\t\t\n\t\t\t\t\t<a data-image-id=\"29643\" href=\"https:\/\/www.visitsoglianoalrubicone.it\/wp-content\/uploads\/2025\/07\/Pro-Loco-Sogliano-E-Zir-dal-Fosi_RIC9635-scaled.jpg\" rel=\"jtg-1615\" data-caption=\"Sogliano (FC); 17\/11\/2024: Pro Loco Sogliano, sagra E Zir dal F\u00f2si.\r\r\u00a9Riccardo Gallini \/GRPhoto\" class=\"tile-inner modula-item-link\"><\/a>\n\t\t\n\t\t<img class=\"pic\"  data-valign=\"middle\" data-halign=\"center\" alt=\"\" data-full=\"https:\/\/www.visitsoglianoalrubicone.it\/wp-content\/uploads\/2025\/07\/Pro-Loco-Sogliano-E-Zir-dal-Fosi_RIC9635.jpg\" title=\"Pro Loco Sogliano E Zir dal F\u00f2si_RIC9635\" width=\"1024\" height=\"745\" src=\"https:\/\/www.visitsoglianoalrubicone.it\/wp-content\/uploads\/2025\/07\/Pro-Loco-Sogliano-E-Zir-dal-Fosi_RIC9635-1024x745.jpg\" data-src=\"https:\/\/www.visitsoglianoalrubicone.it\/wp-content\/uploads\/2025\/07\/Pro-Loco-Sogliano-E-Zir-dal-Fosi_RIC9635-1024x745.jpg\" data-caption=\"Sogliano (FC); 17\/11\/2024: Pro Loco Sogliano, sagra E Zir dal F\u00f2si.\r\r\u00a9Riccardo Gallini \/GRPhoto\"srcset=\"https:\/\/www.visitsoglianoalrubicone.it\/wp-content\/uploads\/2025\/07\/Pro-Loco-Sogliano-E-Zir-dal-Fosi_RIC9635-scaled-1024x745.jpg 1024w, https:\/\/www.visitsoglianoalrubicone.it\/wp-content\/uploads\/2025\/07\/Pro-Loco-Sogliano-E-Zir-dal-Fosi_RIC9635-300x218.jpg 300w, https:\/\/www.visitsoglianoalrubicone.it\/wp-content\/uploads\/2025\/07\/Pro-Loco-Sogliano-E-Zir-dal-Fosi_RIC9635-768x559.jpg 768w, https:\/\/www.visitsoglianoalrubicone.it\/wp-content\/uploads\/2025\/07\/Pro-Loco-Sogliano-E-Zir-dal-Fosi_RIC9635-1536x1117.jpg 1536w, https:\/\/www.visitsoglianoalrubicone.it\/wp-content\/uploads\/2025\/07\/Pro-Loco-Sogliano-E-Zir-dal-Fosi_RIC9635-2048x1490.jpg 2048w\" sizes=\"(max-width: 1024px) 100vw, 1024px\"\" \/>\n\t\t<div class=\"figc\">\n\t\t\t<div class=\"figc-inner\">\n\t\t\t\t\t\t\t\t\t\t\t\t\t\t\t<\/div>\n\t\t<\/div>\n\n\t<\/div>\n\n<\/div><div class=\"modula-item effect-pufrobo\" >\n\t<div class=\"modula-item-overlay\"><\/div>\n\n\t<div class=\"modula-item-content\">\n\n\t\t\t\t\n\t\t\t\t\t<a data-image-id=\"29647\" href=\"https:\/\/www.visitsoglianoalrubicone.it\/wp-content\/uploads\/2025\/07\/Pro-Loco-Sogliano-E-Zir-dal-Fosi_GAL1972-scaled.jpg\" rel=\"jtg-1615\" data-caption=\"Sogliano (FC); 17\/11\/2024: Pro Loco Sogliano, sagra E Zir dal F\u00f2si.\r\r\u00a9Riccardo Gallini \/GRPhoto\" class=\"tile-inner modula-item-link\"><\/a>\n\t\t\n\t\t<img class=\"pic\"  data-valign=\"middle\" data-halign=\"center\" alt=\"\" data-full=\"https:\/\/www.visitsoglianoalrubicone.it\/wp-content\/uploads\/2025\/07\/Pro-Loco-Sogliano-E-Zir-dal-Fosi_GAL1972.jpg\" title=\"Pro Loco Sogliano E Zir dal F\u00f2si_GAL1972\" width=\"1024\" height=\"774\" src=\"https:\/\/www.visitsoglianoalrubicone.it\/wp-content\/uploads\/2025\/07\/Pro-Loco-Sogliano-E-Zir-dal-Fosi_GAL1972-1024x774.jpg\" data-src=\"https:\/\/www.visitsoglianoalrubicone.it\/wp-content\/uploads\/2025\/07\/Pro-Loco-Sogliano-E-Zir-dal-Fosi_GAL1972-1024x774.jpg\" data-caption=\"Sogliano (FC); 17\/11\/2024: Pro Loco Sogliano, sagra E Zir dal F\u00f2si.\r\r\u00a9Riccardo Gallini \/GRPhoto\"srcset=\"https:\/\/www.visitsoglianoalrubicone.it\/wp-content\/uploads\/2025\/07\/Pro-Loco-Sogliano-E-Zir-dal-Fosi_GAL1972-scaled-1024x774.jpg 1024w, https:\/\/www.visitsoglianoalrubicone.it\/wp-content\/uploads\/2025\/07\/Pro-Loco-Sogliano-E-Zir-dal-Fosi_GAL1972-300x227.jpg 300w, https:\/\/www.visitsoglianoalrubicone.it\/wp-content\/uploads\/2025\/07\/Pro-Loco-Sogliano-E-Zir-dal-Fosi_GAL1972-768x581.jpg 768w, https:\/\/www.visitsoglianoalrubicone.it\/wp-content\/uploads\/2025\/07\/Pro-Loco-Sogliano-E-Zir-dal-Fosi_GAL1972-1536x1161.jpg 1536w, https:\/\/www.visitsoglianoalrubicone.it\/wp-content\/uploads\/2025\/07\/Pro-Loco-Sogliano-E-Zir-dal-Fosi_GAL1972-2048x1548.jpg 2048w\" sizes=\"(max-width: 1024px) 100vw, 1024px\"\" \/>\n\t\t<div class=\"figc\">\n\t\t\t<div class=\"figc-inner\">\n\t\t\t\t\t\t\t\t\t\t\t\t\t\t\t<\/div>\n\t\t<\/div>\n\n\t<\/div>\n\n<\/div><div class=\"modula-item effect-pufrobo\" >\n\t<div class=\"modula-item-overlay\"><\/div>\n\n\t<div class=\"modula-item-content\">\n\n\t\t\t\t\n\t\t\t\t\t<a data-image-id=\"29651\" href=\"https:\/\/www.visitsoglianoalrubicone.it\/wp-content\/uploads\/2025\/07\/Pro-Loco-Sogliano-E-Zir-dal-Fosi_GAL1712-scaled.jpg\" rel=\"jtg-1615\" data-caption=\"Sogliano (FC); 17\/11\/2024: Pro Loco Sogliano, sagra E Zir dal F\u00f2si.\r\r\u00a9Riccardo Gallini \/GRPhoto\" class=\"tile-inner modula-item-link\"><\/a>\n\t\t\n\t\t<img class=\"pic\"  data-valign=\"middle\" data-halign=\"center\" alt=\"\" data-full=\"https:\/\/www.visitsoglianoalrubicone.it\/wp-content\/uploads\/2025\/07\/Pro-Loco-Sogliano-E-Zir-dal-Fosi_GAL1712.jpg\" title=\"Pro Loco Sogliano E Zir dal F\u00f2si_GAL1712\" width=\"1024\" height=\"712\" src=\"https:\/\/www.visitsoglianoalrubicone.it\/wp-content\/uploads\/2025\/07\/Pro-Loco-Sogliano-E-Zir-dal-Fosi_GAL1712-1024x712.jpg\" data-src=\"https:\/\/www.visitsoglianoalrubicone.it\/wp-content\/uploads\/2025\/07\/Pro-Loco-Sogliano-E-Zir-dal-Fosi_GAL1712-1024x712.jpg\" data-caption=\"Sogliano (FC); 17\/11\/2024: Pro Loco Sogliano, sagra E Zir dal F\u00f2si.\r\r\u00a9Riccardo Gallini \/GRPhoto\"srcset=\"https:\/\/www.visitsoglianoalrubicone.it\/wp-content\/uploads\/2025\/07\/Pro-Loco-Sogliano-E-Zir-dal-Fosi_GAL1712-scaled-1024x712.jpg 1024w, https:\/\/www.visitsoglianoalrubicone.it\/wp-content\/uploads\/2025\/07\/Pro-Loco-Sogliano-E-Zir-dal-Fosi_GAL1712-300x209.jpg 300w, https:\/\/www.visitsoglianoalrubicone.it\/wp-content\/uploads\/2025\/07\/Pro-Loco-Sogliano-E-Zir-dal-Fosi_GAL1712-768x534.jpg 768w, https:\/\/www.visitsoglianoalrubicone.it\/wp-content\/uploads\/2025\/07\/Pro-Loco-Sogliano-E-Zir-dal-Fosi_GAL1712-1536x1068.jpg 1536w, https:\/\/www.visitsoglianoalrubicone.it\/wp-content\/uploads\/2025\/07\/Pro-Loco-Sogliano-E-Zir-dal-Fosi_GAL1712-2048x1424.jpg 2048w\" sizes=\"(max-width: 1024px) 100vw, 1024px\"\" \/>\n\t\t<div class=\"figc\">\n\t\t\t<div class=\"figc-inner\">\n\t\t\t\t\t\t\t\t\t\t\t\t\t\t\t<\/div>\n\t\t<\/div>\n\n\t<\/div>\n\n<\/div><div class=\"modula-item effect-pufrobo\" >\n\t<div class=\"modula-item-overlay\"><\/div>\n\n\t<div class=\"modula-item-content\">\n\n\t\t\t\t\n\t\t\t\t\t<a data-image-id=\"29663\" href=\"https:\/\/www.visitsoglianoalrubicone.it\/wp-content\/uploads\/2025\/07\/Pro-Loco-Sogliano-E-Zir-dal-Fosi_GAL1768-scaled.jpg\" rel=\"jtg-1615\" data-caption=\"Sogliano (FC); 17\/11\/2024: Pro Loco Sogliano, sagra E Zir dal F\u00f2si.\r\r\u00a9Riccardo Gallini \/GRPhoto\" class=\"tile-inner modula-item-link\"><\/a>\n\t\t\n\t\t<img class=\"pic\"  data-valign=\"middle\" data-halign=\"center\" alt=\"\" data-full=\"https:\/\/www.visitsoglianoalrubicone.it\/wp-content\/uploads\/2025\/07\/Pro-Loco-Sogliano-E-Zir-dal-Fosi_GAL1768.jpg\" title=\"Pro Loco Sogliano E Zir dal F\u00f2si_GAL1768\" width=\"1024\" height=\"846\" src=\"https:\/\/www.visitsoglianoalrubicone.it\/wp-content\/uploads\/2025\/07\/Pro-Loco-Sogliano-E-Zir-dal-Fosi_GAL1768-1024x846.jpg\" data-src=\"https:\/\/www.visitsoglianoalrubicone.it\/wp-content\/uploads\/2025\/07\/Pro-Loco-Sogliano-E-Zir-dal-Fosi_GAL1768-1024x846.jpg\" data-caption=\"Sogliano (FC); 17\/11\/2024: Pro Loco Sogliano, sagra E Zir dal F\u00f2si.\r\r\u00a9Riccardo Gallini \/GRPhoto\"srcset=\"https:\/\/www.visitsoglianoalrubicone.it\/wp-content\/uploads\/2025\/07\/Pro-Loco-Sogliano-E-Zir-dal-Fosi_GAL1768-scaled-1024x846.jpg 1024w, https:\/\/www.visitsoglianoalrubicone.it\/wp-content\/uploads\/2025\/07\/Pro-Loco-Sogliano-E-Zir-dal-Fosi_GAL1768-300x248.jpg 300w, https:\/\/www.visitsoglianoalrubicone.it\/wp-content\/uploads\/2025\/07\/Pro-Loco-Sogliano-E-Zir-dal-Fosi_GAL1768-768x635.jpg 768w, https:\/\/www.visitsoglianoalrubicone.it\/wp-content\/uploads\/2025\/07\/Pro-Loco-Sogliano-E-Zir-dal-Fosi_GAL1768-1536x1270.jpg 1536w, https:\/\/www.visitsoglianoalrubicone.it\/wp-content\/uploads\/2025\/07\/Pro-Loco-Sogliano-E-Zir-dal-Fosi_GAL1768-2048x1693.jpg 2048w\" sizes=\"(max-width: 1024px) 100vw, 1024px\"\" \/>\n\t\t<div class=\"figc\">\n\t\t\t<div class=\"figc-inner\">\n\t\t\t\t\t\t\t\t\t\t\t\t\t\t\t<\/div>\n\t\t<\/div>\n\n\t<\/div>\n\n<\/div><div class=\"modula-item effect-pufrobo\" >\n\t<div class=\"modula-item-overlay\"><\/div>\n\n\t<div class=\"modula-item-content\">\n\n\t\t\t\t\n\t\t\t\t\t<a data-image-id=\"29623\" href=\"https:\/\/www.visitsoglianoalrubicone.it\/wp-content\/uploads\/2025\/07\/Pro-Loco-Sogliano-E-Zir-dal-Fosi_GAL1810-scaled.jpg\" rel=\"jtg-1615\" data-caption=\"Sogliano (FC); 17\/11\/2024: Pro Loco Sogliano, sagra E Zir dal F\u00f2si.\r\r\u00a9Riccardo Gallini \/GRPhoto\" class=\"tile-inner modula-item-link\"><\/a>\n\t\t\n\t\t<img class=\"pic\"  data-valign=\"middle\" data-halign=\"center\" alt=\"\" data-full=\"https:\/\/www.visitsoglianoalrubicone.it\/wp-content\/uploads\/2025\/07\/Pro-Loco-Sogliano-E-Zir-dal-Fosi_GAL1810.jpg\" title=\"Pro Loco Sogliano E Zir dal F\u00f2si_GAL1810\" width=\"1024\" height=\"809\" src=\"https:\/\/www.visitsoglianoalrubicone.it\/wp-content\/uploads\/2025\/07\/Pro-Loco-Sogliano-E-Zir-dal-Fosi_GAL1810-1024x809.jpg\" data-src=\"https:\/\/www.visitsoglianoalrubicone.it\/wp-content\/uploads\/2025\/07\/Pro-Loco-Sogliano-E-Zir-dal-Fosi_GAL1810-1024x809.jpg\" data-caption=\"Sogliano (FC); 17\/11\/2024: Pro Loco Sogliano, sagra E Zir dal F\u00f2si.\r\r\u00a9Riccardo Gallini \/GRPhoto\"srcset=\"https:\/\/www.visitsoglianoalrubicone.it\/wp-content\/uploads\/2025\/07\/Pro-Loco-Sogliano-E-Zir-dal-Fosi_GAL1810-scaled-1024x809.jpg 1024w, https:\/\/www.visitsoglianoalrubicone.it\/wp-content\/uploads\/2025\/07\/Pro-Loco-Sogliano-E-Zir-dal-Fosi_GAL1810-300x237.jpg 300w, https:\/\/www.visitsoglianoalrubicone.it\/wp-content\/uploads\/2025\/07\/Pro-Loco-Sogliano-E-Zir-dal-Fosi_GAL1810-768x607.jpg 768w, https:\/\/www.visitsoglianoalrubicone.it\/wp-content\/uploads\/2025\/07\/Pro-Loco-Sogliano-E-Zir-dal-Fosi_GAL1810-1536x1214.jpg 1536w, https:\/\/www.visitsoglianoalrubicone.it\/wp-content\/uploads\/2025\/07\/Pro-Loco-Sogliano-E-Zir-dal-Fosi_GAL1810-2048x1618.jpg 2048w\" sizes=\"(max-width: 1024px) 100vw, 1024px\"\" \/>\n\t\t<div class=\"figc\">\n\t\t\t<div class=\"figc-inner\">\n\t\t\t\t\t\t\t\t\t\t\t\t\t\t\t<\/div>\n\t\t<\/div>\n\n\t<\/div>\n\n<\/div><div class=\"modula-item effect-pufrobo\" >\n\t<div class=\"modula-item-overlay\"><\/div>\n\n\t<div class=\"modula-item-content\">\n\n\t\t\t\t\n\t\t\t\t\t<a data-image-id=\"29671\" href=\"https:\/\/www.visitsoglianoalrubicone.it\/wp-content\/uploads\/2025\/07\/Pro-Loco-Sogliano-E-Zir-dal-Fosi_RIC9644-scaled.jpg\" rel=\"jtg-1615\" data-caption=\"Sogliano (FC); 17\/11\/2024: Pro Loco Sogliano, sagra E Zir dal F\u00f2si.\r\r\u00a9Riccardo Gallini \/GRPhoto\" class=\"tile-inner modula-item-link\"><\/a>\n\t\t\n\t\t<img class=\"pic\"  data-valign=\"middle\" data-halign=\"center\" alt=\"\" data-full=\"https:\/\/www.visitsoglianoalrubicone.it\/wp-content\/uploads\/2025\/07\/Pro-Loco-Sogliano-E-Zir-dal-Fosi_RIC9644.jpg\" title=\"Pro Loco Sogliano E Zir dal F\u00f2si_RIC9644\" width=\"1024\" height=\"684\" src=\"https:\/\/www.visitsoglianoalrubicone.it\/wp-content\/uploads\/2025\/07\/Pro-Loco-Sogliano-E-Zir-dal-Fosi_RIC9644-1024x684.jpg\" data-src=\"https:\/\/www.visitsoglianoalrubicone.it\/wp-content\/uploads\/2025\/07\/Pro-Loco-Sogliano-E-Zir-dal-Fosi_RIC9644-1024x684.jpg\" data-caption=\"Sogliano (FC); 17\/11\/2024: Pro Loco Sogliano, sagra E Zir dal F\u00f2si.\r\r\u00a9Riccardo Gallini \/GRPhoto\"srcset=\"https:\/\/www.visitsoglianoalrubicone.it\/wp-content\/uploads\/2025\/07\/Pro-Loco-Sogliano-E-Zir-dal-Fosi_RIC9644-scaled-1024x684.jpg 1024w, https:\/\/www.visitsoglianoalrubicone.it\/wp-content\/uploads\/2025\/07\/Pro-Loco-Sogliano-E-Zir-dal-Fosi_RIC9644-300x200.jpg 300w, https:\/\/www.visitsoglianoalrubicone.it\/wp-content\/uploads\/2025\/07\/Pro-Loco-Sogliano-E-Zir-dal-Fosi_RIC9644-768x513.jpg 768w, https:\/\/www.visitsoglianoalrubicone.it\/wp-content\/uploads\/2025\/07\/Pro-Loco-Sogliano-E-Zir-dal-Fosi_RIC9644-1536x1025.jpg 1536w, https:\/\/www.visitsoglianoalrubicone.it\/wp-content\/uploads\/2025\/07\/Pro-Loco-Sogliano-E-Zir-dal-Fosi_RIC9644-2048x1367.jpg 2048w\" sizes=\"(max-width: 1024px) 100vw, 1024px\"\" \/>\n\t\t<div class=\"figc\">\n\t\t\t<div class=\"figc-inner\">\n\t\t\t\t\t\t\t\t\t\t\t\t\t\t\t<\/div>\n\t\t<\/div>\n\n\t<\/div>\n\n<\/div><div class=\"modula-item effect-pufrobo\" >\n\t<div class=\"modula-item-overlay\"><\/div>\n\n\t<div class=\"modula-item-content\">\n\n\t\t\t\t\n\t\t\t\t\t<a data-image-id=\"29667\" href=\"https:\/\/www.visitsoglianoalrubicone.it\/wp-content\/uploads\/2025\/07\/Pro-Loco-Sogliano-E-Zir-dal-Fosi_GAL2178-scaled.jpg\" rel=\"jtg-1615\" data-caption=\"Sogliano (FC); 17\/11\/2024: Pro Loco Sogliano, sagra E Zir dal F\u00f2si.\r\r\u00a9Riccardo Gallini \/GRPhoto\" class=\"tile-inner modula-item-link\"><\/a>\n\t\t\n\t\t<img class=\"pic\"  data-valign=\"middle\" data-halign=\"center\" alt=\"\" data-full=\"https:\/\/www.visitsoglianoalrubicone.it\/wp-content\/uploads\/2025\/07\/Pro-Loco-Sogliano-E-Zir-dal-Fosi_GAL2178.jpg\" title=\"Pro Loco Sogliano E Zir dal F\u00f2si_GAL2178\" width=\"1024\" height=\"734\" src=\"https:\/\/www.visitsoglianoalrubicone.it\/wp-content\/uploads\/2025\/07\/Pro-Loco-Sogliano-E-Zir-dal-Fosi_GAL2178-1024x734.jpg\" data-src=\"https:\/\/www.visitsoglianoalrubicone.it\/wp-content\/uploads\/2025\/07\/Pro-Loco-Sogliano-E-Zir-dal-Fosi_GAL2178-1024x734.jpg\" data-caption=\"Sogliano (FC); 17\/11\/2024: Pro Loco Sogliano, sagra E Zir dal F\u00f2si.\r\r\u00a9Riccardo Gallini \/GRPhoto\"srcset=\"https:\/\/www.visitsoglianoalrubicone.it\/wp-content\/uploads\/2025\/07\/Pro-Loco-Sogliano-E-Zir-dal-Fosi_GAL2178-scaled-1024x734.jpg 1024w, https:\/\/www.visitsoglianoalrubicone.it\/wp-content\/uploads\/2025\/07\/Pro-Loco-Sogliano-E-Zir-dal-Fosi_GAL2178-300x215.jpg 300w, https:\/\/www.visitsoglianoalrubicone.it\/wp-content\/uploads\/2025\/07\/Pro-Loco-Sogliano-E-Zir-dal-Fosi_GAL2178-768x550.jpg 768w, https:\/\/www.visitsoglianoalrubicone.it\/wp-content\/uploads\/2025\/07\/Pro-Loco-Sogliano-E-Zir-dal-Fosi_GAL2178-1536x1101.jpg 1536w, https:\/\/www.visitsoglianoalrubicone.it\/wp-content\/uploads\/2025\/07\/Pro-Loco-Sogliano-E-Zir-dal-Fosi_GAL2178-2048x1467.jpg 2048w, https:\/\/www.visitsoglianoalrubicone.it\/wp-content\/uploads\/2025\/07\/Pro-Loco-Sogliano-E-Zir-dal-Fosi_GAL2178-350x250.jpg 350w\" sizes=\"(max-width: 1024px) 100vw, 1024px\"\" \/>\n\t\t<div class=\"figc\">\n\t\t\t<div class=\"figc-inner\">\n\t\t\t\t\t\t\t\t\t\t\t\t\t\t\t<\/div>\n\t\t<\/div>\n\n\t<\/div>\n\n<\/div><div class=\"modula-item effect-pufrobo\" >\n\t<div class=\"modula-item-overlay\"><\/div>\n\n\t<div class=\"modula-item-content\">\n\n\t\t\t\t\n\t\t\t\t\t<a data-image-id=\"29655\" href=\"https:\/\/www.visitsoglianoalrubicone.it\/wp-content\/uploads\/2025\/07\/Pro-Loco-Sogliano-E-Zir-dal-Fosi_GAL2239-scaled.jpg\" rel=\"jtg-1615\" data-caption=\"Sogliano (FC); 17\/11\/2024: Pro Loco Sogliano, sagra E Zir dal F\u00f2si.\r\r\u00a9Riccardo Gallini \/GRPhoto\" class=\"tile-inner modula-item-link\"><\/a>\n\t\t\n\t\t<img class=\"pic\"  data-valign=\"middle\" data-halign=\"center\" alt=\"\" data-full=\"https:\/\/www.visitsoglianoalrubicone.it\/wp-content\/uploads\/2025\/07\/Pro-Loco-Sogliano-E-Zir-dal-Fosi_GAL2239.jpg\" title=\"Pro Loco Sogliano E Zir dal F\u00f2si_GAL2239\" width=\"1024\" height=\"689\" src=\"https:\/\/www.visitsoglianoalrubicone.it\/wp-content\/uploads\/2025\/07\/Pro-Loco-Sogliano-E-Zir-dal-Fosi_GAL2239-1024x689.jpg\" data-src=\"https:\/\/www.visitsoglianoalrubicone.it\/wp-content\/uploads\/2025\/07\/Pro-Loco-Sogliano-E-Zir-dal-Fosi_GAL2239-1024x689.jpg\" data-caption=\"Sogliano (FC); 17\/11\/2024: Pro Loco Sogliano, sagra E Zir dal F\u00f2si.\r\r\u00a9Riccardo Gallini \/GRPhoto\"srcset=\"https:\/\/www.visitsoglianoalrubicone.it\/wp-content\/uploads\/2025\/07\/Pro-Loco-Sogliano-E-Zir-dal-Fosi_GAL2239-scaled-1024x689.jpg 1024w, https:\/\/www.visitsoglianoalrubicone.it\/wp-content\/uploads\/2025\/07\/Pro-Loco-Sogliano-E-Zir-dal-Fosi_GAL2239-300x202.jpg 300w, https:\/\/www.visitsoglianoalrubicone.it\/wp-content\/uploads\/2025\/07\/Pro-Loco-Sogliano-E-Zir-dal-Fosi_GAL2239-768x517.jpg 768w, https:\/\/www.visitsoglianoalrubicone.it\/wp-content\/uploads\/2025\/07\/Pro-Loco-Sogliano-E-Zir-dal-Fosi_GAL2239-1536x1034.jpg 1536w, https:\/\/www.visitsoglianoalrubicone.it\/wp-content\/uploads\/2025\/07\/Pro-Loco-Sogliano-E-Zir-dal-Fosi_GAL2239-2048x1378.jpg 2048w\" sizes=\"(max-width: 1024px) 100vw, 1024px\"\" \/>\n\t\t<div class=\"figc\">\n\t\t\t<div class=\"figc-inner\">\n\t\t\t\t\t\t\t\t\t\t\t\t\t\t\t<\/div>\n\t\t<\/div>\n\n\t<\/div>\n\n<\/div><div class=\"modula-item effect-pufrobo\" >\n\t<div class=\"modula-item-overlay\"><\/div>\n\n\t<div class=\"modula-item-content\">\n\n\t\t\t\t\n\t\t\t\t\t<a data-image-id=\"29659\" href=\"https:\/\/www.visitsoglianoalrubicone.it\/wp-content\/uploads\/2025\/07\/Pro-Loco-Sogliano-E-Zir-dal-Fosi_GAL2232-scaled.jpg\" rel=\"jtg-1615\" data-caption=\"Sogliano (FC); 17\/11\/2024: Pro Loco Sogliano, sagra E Zir dal F\u00f2si.\r\r\u00a9Riccardo Gallini \/GRPhoto\" class=\"tile-inner modula-item-link\"><\/a>\n\t\t\n\t\t<img class=\"pic\"  data-valign=\"middle\" data-halign=\"center\" alt=\"\" data-full=\"https:\/\/www.visitsoglianoalrubicone.it\/wp-content\/uploads\/2025\/07\/Pro-Loco-Sogliano-E-Zir-dal-Fosi_GAL2232.jpg\" title=\"Pro Loco Sogliano E Zir dal F\u00f2si_GAL2232\" width=\"1024\" height=\"748\" src=\"https:\/\/www.visitsoglianoalrubicone.it\/wp-content\/uploads\/2025\/07\/Pro-Loco-Sogliano-E-Zir-dal-Fosi_GAL2232-1024x748.jpg\" data-src=\"https:\/\/www.visitsoglianoalrubicone.it\/wp-content\/uploads\/2025\/07\/Pro-Loco-Sogliano-E-Zir-dal-Fosi_GAL2232-1024x748.jpg\" data-caption=\"Sogliano (FC); 17\/11\/2024: Pro Loco Sogliano, sagra E Zir dal F\u00f2si.\r\r\u00a9Riccardo Gallini \/GRPhoto\"srcset=\"https:\/\/www.visitsoglianoalrubicone.it\/wp-content\/uploads\/2025\/07\/Pro-Loco-Sogliano-E-Zir-dal-Fosi_GAL2232-scaled-1024x748.jpg 1024w, https:\/\/www.visitsoglianoalrubicone.it\/wp-content\/uploads\/2025\/07\/Pro-Loco-Sogliano-E-Zir-dal-Fosi_GAL2232-300x219.jpg 300w, https:\/\/www.visitsoglianoalrubicone.it\/wp-content\/uploads\/2025\/07\/Pro-Loco-Sogliano-E-Zir-dal-Fosi_GAL2232-768x561.jpg 768w, https:\/\/www.visitsoglianoalrubicone.it\/wp-content\/uploads\/2025\/07\/Pro-Loco-Sogliano-E-Zir-dal-Fosi_GAL2232-1536x1122.jpg 1536w, https:\/\/www.visitsoglianoalrubicone.it\/wp-content\/uploads\/2025\/07\/Pro-Loco-Sogliano-E-Zir-dal-Fosi_GAL2232-2048x1496.jpg 2048w\" sizes=\"(max-width: 1024px) 100vw, 1024px\"\" \/>\n\t\t<div class=\"figc\">\n\t\t\t<div class=\"figc-inner\">\n\t\t\t\t\t\t\t\t\t\t\t\t\t\t\t<\/div>\n\t\t<\/div>\n\n\t<\/div>\n\n<\/div>\t\t\n\t<\/div>\n\n\t\n\t\n\t<script type=\"application\/ld+json\">\n\t{\n\t\t\"@context\": \"http:\/\/schema.org\",\n\t\t\"@type\"   : \"ImageGallery\",\n\t\t\"id\"      : \"https:\/\/www.visitsoglianoalrubicone.it\/fr\/wp-json\/wp\/v2\/posts\/21181\/\",\n\t\t\"url\"     : \"https:\/\/www.visitsoglianoalrubicone.it\/fr\/wp-json\/wp\/v2\/posts\/21181\/\"\n\t}\n\n    <\/script>\n\n\t\n<\/div>&#13;\n<p>[\/vc_column_text][vc_empty_space height=\u00a0\u00bb50px\u00a0\u00bb][\/vc_column_inner][\/vc_row_inner][\/vc_column][\/vc_row]<\/p>","protected":false},"excerpt":{"rendered":"<p>[vc_row full_width=\u00a0\u00bbstretch_row_content_no_spaces\u00a0\u00bb][vc_column][vc_single_image image=\u00a0\u00bb21182&Prime; img_size=\u00a0\u00bb1920 x 450&Prime; alignment=\u00a0\u00bbcenter\u00a0\u00bb el_class=\u00a0\u00bbinfotronik_banner_pagina\u00a0\u00bb][vc_empty_space height=\u00a0\u00bb20px\u00a0\u00bb][vc_row_inner][vc_column_inner][vc_column_text] Quando: domenica 20-27 novembre e 4 dicembre 2022Orari manifestazione: 9:00 &#8211; 22:00ingresso:&#8230;<\/p>\n","protected":false},"author":3,"featured_media":21183,"comment_status":"closed","ping_status":"open","sticky":false,"template":"","format":"standard","meta":{"loftloader_page_shortcode":""},"categories":[822,900,836,967],"tags":[977,825,979,972,970,971,974,829,918,975],"_links":{"self":[{"href":"https:\/\/www.visitsoglianoalrubicone.it\/fr\/wp-json\/wp\/v2\/posts\/21181"}],"collection":[{"href":"https:\/\/www.visitsoglianoalrubicone.it\/fr\/wp-json\/wp\/v2\/posts"}],"about":[{"href":"https:\/\/www.visitsoglianoalrubicone.it\/fr\/wp-json\/wp\/v2\/types\/post"}],"author":[{"embeddable":true,"href":"https:\/\/www.visitsoglianoalrubicone.it\/fr\/wp-json\/wp\/v2\/users\/3"}],"replies":[{"embeddable":true,"href":"https:\/\/www.visitsoglianoalrubicone.it\/fr\/wp-json\/wp\/v2\/comments?post=21181"}],"version-history":[{"count":2,"href":"https:\/\/www.visitsoglianoalrubicone.it\/fr\/wp-json\/wp\/v2\/posts\/21181\/revisions"}],"predecessor-version":[{"id":21204,"href":"https:\/\/www.visitsoglianoalrubicone.it\/fr\/wp-json\/wp\/v2\/posts\/21181\/revisions\/21204"}],"wp:featuredmedia":[{"embeddable":true,"href":"https:\/\/www.visitsoglianoalrubicone.it\/fr\/wp-json\/wp\/v2\/media\/21183"}],"wp:attachment":[{"href":"https:\/\/www.visitsoglianoalrubicone.it\/fr\/wp-json\/wp\/v2\/media?parent=21181"}],"wp:term":[{"taxonomy":"category","embeddable":true,"href":"https:\/\/www.visitsoglianoalrubicone.it\/fr\/wp-json\/wp\/v2\/categories?post=21181"},{"taxonomy":"post_tag","embeddable":true,"href":"https:\/\/www.visitsoglianoalrubicone.it\/fr\/wp-json\/wp\/v2\/tags?post=21181"}],"curies":[{"name":"wp","href":"https:\/\/api.w.org\/{rel}","templated":true}]}}