{"id":21349,"date":"2022-06-21T20:08:43","date_gmt":"2022-06-21T20:08:43","guid":{"rendered":"https:\/\/www.visitsoglianoalrubicone.it\/mario-perrotta-notturni-nel-bosco\/"},"modified":"2024-12-06T10:15:01","modified_gmt":"2024-12-06T10:15:01","slug":"mario-perrotta-notturni-nel-bosco","status":"publish","type":"post","link":"https:\/\/www.visitsoglianoalrubicone.it\/fr\/mario-perrotta-notturni-nel-bosco\/","title":{"rendered":"Mario Perrotta \/\/ Notturni nel Bosco"},"content":{"rendered":"<p>[vc_row full_width=\u00a0\u00bbstretch_row_content_no_spaces\u00a0\u00bb][vc_column][vc_single_image image=\u00a0\u00bb21354&Prime; img_size=\u00a0\u00bb1920 x 450&Prime; alignment=\u00a0\u00bbcenter\u00a0\u00bb el_class=\u00a0\u00bbinfotronik_banner_pagina\u00a0\u00bb]\n\t\t\t<section class=\"do-normal-page-title-section infotronik_page_title_section\">\n\t\t\t\t<div class=\"container\">\n\t\t\t\t\t<div class=\"row uppercase\">\n\t\t\t\n\t\t\t\t\t\t<div class=\"do-page-title-wrapper\">\n\t\t\t\t\t\t\t<div class=\"do-default-page-title col-md-7 col-sm-7 col-xs-12\">\n\t\t\t\t\t\t\t\t<h2 info=36 class=\"infotronik_page_title\">Mario Perrotta \/\/ Notturni nel Bosco<\/h2>\n\t\t\t\t\t\t\t\t<p><\/p>\n\t\t\t\t\t\t\t<\/div>\n\t\t\t\n\t\t\t\t\t\t\t<div class=\"do-breadcumb\"><ul><\/ul><\/div>\n\t\t\t\t\t\t<\/div>\n\t\t\t\n\t\t\t\t\t<\/div>\n\t\t\t\t<\/div>\n\t\t\t<\/section>\n\t\t[vc_empty_space height=\u00a0\u00bb20px\u00a0\u00bb][vc_row_inner][vc_column_inner][vc_column_text]<\/p>\n<p>\n<strong>Quando:<\/strong> Luned\u00ec 25 luglio 2022<br\/><strong>Ora inizio:<\/strong>\u00a0 Spettatori per la breve camminata ore 20.30 &#8211; Partenza camminata ore 21:00 \u2013 Inizio spettacolo ore 21:30<br\/><strong>Dove: <\/strong>Sorgente del Rubicone\u00a0 &#8211; Strigara<br\/><strong>Biglietti:<\/strong> <span style=\"font-size: 1rem;\">\u20ac 5,00 <\/span>disponibili in prevendita su: <a href=\"http:\/\/www.liveticket.it\" target=\"_blank\" rel=\"noopener\">www.liveticket.it<\/a><br\/><strong>Info:<\/strong> Sillaba\/Prova d&rsquo;attore &#8211; Cell.\u00a0 370 3685093 (h. 16-19 lun-ven e giorno dello spettacolo)&#13;\n<p><br\/>M<strong>ARIO PERROTTA | Manuel de survie <\/strong> en collaboration avec RAI Radio 3, Einaudi, les archives Diari da Terra matta de Vincenzo Rabito<\/p>&#13;\n<p>Mario Perrotta donne voix et corps \u00e0 Terra matta de Vincenzo Rabito, les m\u00e9moires d&rsquo;un homme qui traverse toutes les \u00e9poques du si\u00e8cle dernier. Une \u00e9pop\u00e9e tragicomique et parfois hilarante, taill\u00e9e dans une Olivetti Lettera 22 par un septuag\u00e9naire semi-analphab\u00e8te comme derni\u00e8re bataille personnelle, car \u00ab\u00a0si l&rsquo;homme, dans cette vie, ne rencontre pas d&rsquo;aventures, il n&rsquo;a rien \u00e0 raconter\u00a0\u00bb. <\/p>&#13;\n<p>[\/vc_column_text][vc_empty_space height=\u00a0\u00bb50px\u00a0\u00bb][vc_single_image image=\u00a0\u00bb21358&Prime; img_size=\u00a0\u00bbfull\u00a0\u00bb alignment=\u00a0\u00bbcenter\u00a0\u00bb onclick=\u00a0\u00bblink_image\u00a0\u00bb][vc_empty_space height=\u00a0\u00bb50px\u00a0\u00bb][vc_single_image image=\u00a0\u00bb21355&Prime; img_size=\u00a0\u00bbfull\u00a0\u00bb alignment=\u00a0\u00bbcenter\u00a0\u00bb onclick=\u00a0\u00bblink_image\u00a0\u00bb][\/vc_column_inner][\/vc_row_inner][\/vc_column][\/vc_row]<\/p>","protected":false},"excerpt":{"rendered":"<p>[vc_row full_width=\u00a0\u00bbstretch_row_content_no_spaces\u00a0\u00bb][vc_column][vc_single_image image=\u00a0\u00bb21354&Prime; img_size=\u00a0\u00bb1920 x 450&Prime; alignment=\u00a0\u00bbcenter\u00a0\u00bb el_class=\u00a0\u00bbinfotronik_banner_pagina\u00a0\u00bb][vc_empty_space height=\u00a0\u00bb20px\u00a0\u00bb][vc_row_inner][vc_column_inner][vc_column_text] Quando: Luned\u00ec 25 luglio 2022Ora inizio:\u00a0 Spettatori per la breve camminata ore&#8230;<\/p>\n","protected":false},"author":3,"featured_media":21356,"comment_status":"closed","ping_status":"open","sticky":false,"template":"","format":"standard","meta":{"loftloader_page_shortcode":""},"categories":[826,822,995],"tags":[825,1078,840,830,945,829,946],"_links":{"self":[{"href":"https:\/\/www.visitsoglianoalrubicone.it\/fr\/wp-json\/wp\/v2\/posts\/21349"}],"collection":[{"href":"https:\/\/www.visitsoglianoalrubicone.it\/fr\/wp-json\/wp\/v2\/posts"}],"about":[{"href":"https:\/\/www.visitsoglianoalrubicone.it\/fr\/wp-json\/wp\/v2\/types\/post"}],"author":[{"embeddable":true,"href":"https:\/\/www.visitsoglianoalrubicone.it\/fr\/wp-json\/wp\/v2\/users\/3"}],"replies":[{"embeddable":true,"href":"https:\/\/www.visitsoglianoalrubicone.it\/fr\/wp-json\/wp\/v2\/comments?post=21349"}],"version-history":[{"count":2,"href":"https:\/\/www.visitsoglianoalrubicone.it\/fr\/wp-json\/wp\/v2\/posts\/21349\/revisions"}],"predecessor-version":[{"id":21393,"href":"https:\/\/www.visitsoglianoalrubicone.it\/fr\/wp-json\/wp\/v2\/posts\/21349\/revisions\/21393"}],"wp:featuredmedia":[{"embeddable":true,"href":"https:\/\/www.visitsoglianoalrubicone.it\/fr\/wp-json\/wp\/v2\/media\/21356"}],"wp:attachment":[{"href":"https:\/\/www.visitsoglianoalrubicone.it\/fr\/wp-json\/wp\/v2\/media?parent=21349"}],"wp:term":[{"taxonomy":"category","embeddable":true,"href":"https:\/\/www.visitsoglianoalrubicone.it\/fr\/wp-json\/wp\/v2\/categories?post=21349"},{"taxonomy":"post_tag","embeddable":true,"href":"https:\/\/www.visitsoglianoalrubicone.it\/fr\/wp-json\/wp\/v2\/tags?post=21349"}],"curies":[{"name":"wp","href":"https:\/\/api.w.org\/{rel}","templated":true}]}}