{"id":21899,"date":"2024-03-13T23:45:48","date_gmt":"2024-03-13T23:45:48","guid":{"rendered":"https:\/\/www.visitsoglianoalrubicone.it\/elio-germano-et-teho-teardo-mettent-en-scene-il-sogno-di-una-cosa-de-pier-paolo-pasolini-notturni-nel-bosco\/"},"modified":"2024-12-06T10:16:24","modified_gmt":"2024-12-06T10:16:24","slug":"elio-germano-et-teho-teardo-mettent-en-scene-il-sogno-di-una-cosa-de-pier-paolo-pasolini-notturni-nel-bosco","status":"publish","type":"post","link":"https:\/\/www.visitsoglianoalrubicone.it\/fr\/elio-germano-et-teho-teardo-mettent-en-scene-il-sogno-di-una-cosa-de-pier-paolo-pasolini-notturni-nel-bosco\/","title":{"rendered":"Elio Germano et Teho Teardo mettent en sc\u00e8ne \u00ab\u00a0Il sogno di una cosa\u00a0\u00bb de Pier Paolo Pasolini \/\/ Notturni Nel Bosco"},"content":{"rendered":"<p>[vc_row full_width=\u00a0\u00bbstretch_row_content_no_spaces\u00a0\u00bb][vc_column][vc_single_image image=\u00a0\u00bb21901&Prime; img_size=\u00a0\u00bb1920 x 450&Prime; alignment=\u00a0\u00bbcenter\u00a0\u00bb el_class=\u00a0\u00bbinfotronik_banner_pagina\u00a0\u00bb][vc_empty_space height=\u00a0\u00bb20px\u00a0\u00bb][vc_row_inner][vc_column_inner][vc_column_text]<\/p>\n<p>\n<strong>.<\/strong>&#13;\n<p><strong><br\/>Quand :<\/strong> vendredi 19 juillet 2024<br\/><strong>Ouverture de la billetterie et rassemblement des spectateurs<\/strong>: 20:00<br\/><strong>D\u00e9but du spectacle<\/strong>: 21h30<br\/><strong>O\u00f9 :<\/strong> Aia Bella- Loc. Savignano di Rigo (Sogliano al Rubicone) <br\/><strong>Billets :<\/strong> \u20ac 22.00<span style=\"font-size: 1rem;\"><br\/><\/span><strong>Pr\u00e9vente <a href=\"https:\/\/bit.ly\/BigliettiELIOGERMANOeTEHOTEARDO\" target=\"_blank\" rel=\"noopener\">: https:\/\/bit.ly\/BigliettiELIOGERMANOeTEHOTEARDO<\/a><\/strong><strong><br\/><\/strong><strong>Info :<\/strong> Sillaba Ticket Office 370 3685093<\/p>&#13;\n<p>porte \u00e0 la sc\u00e8ne \u00a0\u00bb \u00a0\u00bb dans une version de paroles et de musique comme deuxi\u00e8me rendez-vous des Notturni nel Bosco \u00ec , , . Trois jeunes Frioulans d&rsquo;une vingtaine d&rsquo;ann\u00e9es vivent leur br\u00e8ve jeunesse face au monde : la pauvret\u00e9 de leurs origines \u00e0 la campagne, l&rsquo;\u00e9migration, les luttes politiques, jusqu&rsquo;\u00e0 leur int\u00e9gration dans la soci\u00e9t\u00e9 bourgeoise du boom \u00e9conomique. Ils aspirent au bonheur, \u00e0 la bonne vie dans un pays \u00e9tranger, ils m\u00fbrissent une conscience politique et r\u00eavent de r\u00e9volution, pour se plier aux compromis de l&rsquo;\u00e2ge adulte. Jusqu&rsquo;\u00e0 ce qu&rsquo;ils meurent de leur travail. Pasolini nous parle avec les voix de ceux qui ont fui l&rsquo;Italie de l&rsquo;apr\u00e8s-guerre, \u00e9puis\u00e9s par la pauvret\u00e9, en franchissant ill\u00e9galement la fronti\u00e8re de la Yougoslavie, attir\u00e9s par le communisme et avec l&rsquo;espoir de trouver un travail d\u00e9cent et de la nourriture pour tous. Vu d&rsquo;aujourd&rsquo;hui, il s&rsquo;agit d&rsquo;une sorte de route des Balkans invers\u00e9e qui traverse la m\u00eame fronti\u00e8re que les r\u00e9fugi\u00e9s en fuite empruntent actuellement pour se rendre en Italie. Peut-\u00eatre avons-nous oubli\u00e9, mais il fut un temps, pas si lointain, o\u00f9 c&rsquo;est nous qui avions recours aux passeurs. sont une s\u00e9rie d&rsquo;\u00e9v\u00e9nements estivaux combinant th\u00e9\u00e2tre, musique, art et paysage naturel. Les repr\u00e9sentations ont lieu en plein air, en pleine nature, le long de sentiers forestiers, \u00e0 la tomb\u00e9e de la nuit. Artistes et spectateurs se retrouvent dans des lieux atmosph\u00e9riques pour vivre des exp\u00e9riences culturelles uniques. R\u00e9servez votre place pour cette nuit de musique et de magie.<br\/>Les billets sont disponibles d\u00e8s maintenant ! https:\/\/bit.ly\/BigliettiELIOGERMANOeTEHOTEARDO Sillaba Ticket Office 370 3685093            <\/p>&#13;\n<p>[\/vc_column_text][vc_empty_space height=\u00a0\u00bb50px\u00a0\u00bb][vc_single_image image=\u00a0\u00bb21902&Prime; img_size=\u00a0\u00bbfull\u00a0\u00bb alignment=\u00a0\u00bbcenter\u00a0\u00bb onclick=\u00a0\u00bblink_image\u00a0\u00bb][vc_single_image image=\u00a0\u00bb21873&Prime; img_size=\u00a0\u00bbfull\u00a0\u00bb alignment=\u00a0\u00bbcenter\u00a0\u00bb onclick=\u00a0\u00bblink_image\u00a0\u00bb][vc_single_image image=\u00a0\u00bb9829&Prime; img_size=\u00a0\u00bbfull\u00a0\u00bb alignment=\u00a0\u00bbcenter\u00a0\u00bb onclick=\u00a0\u00bblink_image\u00a0\u00bb][\/vc_column_inner][\/vc_row_inner][\/vc_column][\/vc_row]<\/p>","protected":false},"excerpt":{"rendered":"<p>[vc_row full_width=\u00a0\u00bbstretch_row_content_no_spaces\u00a0\u00bb][vc_column][vc_single_image image=\u00a0\u00bb21901&Prime; img_size=\u00a0\u00bb1920 x 450&Prime; alignment=\u00a0\u00bbcenter\u00a0\u00bb el_class=\u00a0\u00bbinfotronik_banner_pagina\u00a0\u00bb][vc_empty_space height=\u00a0\u00bb20px\u00a0\u00bb][vc_row_inner][vc_column_inner][vc_column_text] .&#13; Quand : vendredi 19 juillet 2024Ouverture de la billetterie et rassemblement&#8230;<\/p>\n","protected":false},"author":3,"featured_media":21903,"comment_status":"closed","ping_status":"open","sticky":false,"template":"","format":"standard","meta":{"loftloader_page_shortcode":""},"categories":[826,822],"tags":[825,1187,840,830,945,829,946,947],"_links":{"self":[{"href":"https:\/\/www.visitsoglianoalrubicone.it\/fr\/wp-json\/wp\/v2\/posts\/21899"}],"collection":[{"href":"https:\/\/www.visitsoglianoalrubicone.it\/fr\/wp-json\/wp\/v2\/posts"}],"about":[{"href":"https:\/\/www.visitsoglianoalrubicone.it\/fr\/wp-json\/wp\/v2\/types\/post"}],"author":[{"embeddable":true,"href":"https:\/\/www.visitsoglianoalrubicone.it\/fr\/wp-json\/wp\/v2\/users\/3"}],"replies":[{"embeddable":true,"href":"https:\/\/www.visitsoglianoalrubicone.it\/fr\/wp-json\/wp\/v2\/comments?post=21899"}],"version-history":[{"count":2,"href":"https:\/\/www.visitsoglianoalrubicone.it\/fr\/wp-json\/wp\/v2\/posts\/21899\/revisions"}],"predecessor-version":[{"id":21915,"href":"https:\/\/www.visitsoglianoalrubicone.it\/fr\/wp-json\/wp\/v2\/posts\/21899\/revisions\/21915"}],"wp:featuredmedia":[{"embeddable":true,"href":"https:\/\/www.visitsoglianoalrubicone.it\/fr\/wp-json\/wp\/v2\/media\/21903"}],"wp:attachment":[{"href":"https:\/\/www.visitsoglianoalrubicone.it\/fr\/wp-json\/wp\/v2\/media?parent=21899"}],"wp:term":[{"taxonomy":"category","embeddable":true,"href":"https:\/\/www.visitsoglianoalrubicone.it\/fr\/wp-json\/wp\/v2\/categories?post=21899"},{"taxonomy":"post_tag","embeddable":true,"href":"https:\/\/www.visitsoglianoalrubicone.it\/fr\/wp-json\/wp\/v2\/tags?post=21899"}],"curies":[{"name":"wp","href":"https:\/\/api.w.org\/{rel}","templated":true}]}}