{"id":22020,"date":"2023-04-20T21:56:14","date_gmt":"2023-04-20T21:56:14","guid":{"rendered":"https:\/\/www.visitsoglianoalrubicone.it\/promenades-du-patrimoine-quoi-de-neuf-a-sogliano\/"},"modified":"2024-12-06T10:16:45","modified_gmt":"2024-12-06T10:16:45","slug":"promenades-du-patrimoine-quoi-de-neuf-a-sogliano","status":"publish","type":"post","link":"https:\/\/www.visitsoglianoalrubicone.it\/fr\/promenades-du-patrimoine-quoi-de-neuf-a-sogliano\/","title":{"rendered":"Promenades du patrimoine &#8211; Quoi de neuf \u00e0 Sogliano ?"},"content":{"rendered":"<p>[vc_row full_width=\u00a0\u00bbstretch_row_content_no_spaces\u00a0\u00bb][vc_column][vc_single_image image=\u00a0\u00bb22026&Prime; img_size=\u00a0\u00bb1920 x 450&Prime; alignment=\u00a0\u00bbcenter\u00a0\u00bb el_class=\u00a0\u00bbinfotronik_banner_pagina\u00a0\u00bb]\n\t\t\t<section class=\"do-normal-page-title-section infotronik_page_title_section_little\">\n\t\t\t\t<div class=\"container\">\n\t\t\t\t\t<div class=\"row uppercase\">\n\t\t\t\n\t\t\t\t\t\t<div class=\"do-page-title-wrapper\">\n\t\t\t\t\t\t\t<div class=\"do-default-page-title col-md-7 col-sm-7 col-xs-12\">\n\t\t\t\t\t\t\t\t<h2 info=56 class=\"infotronik_page_title_little\">Passeggiate Patrimoniali: Cosa c'\u00e8 di nuovo a Sogliano?<\/h2>\n\t\t\t\t\t\t\t\t<p><\/p>\n\t\t\t\t\t\t\t<\/div>\n\t\t\t\n\t\t\t\t\t\t\t<div class=\"do-breadcumb\"><ul><\/ul><\/div>\n\t\t\t\t\t\t<\/div>\n\t\t\t\n\t\t\t\t\t<\/div>\n\t\t\t\t<\/div>\n\t\t\t<\/section>\n\t\t[vc_empty_space height=\u00a0\u00bb20px\u00a0\u00bb][vc_row_inner][vc_column_inner][vc_column_text]<\/p>\n<p>.-<\/p>\n<p>\n<strong>Periodo:<\/strong> sabato 18 &#8211; 25 novembre e 2 dicembre 2023<br\/><strong>Orario Partenze Visite:<\/strong> 15:00<br\/><strong>Luogo partenza: <\/strong>Uff. Turistico, Piazza della Repubblica 35 (Centro Storico)<strong><br\/><\/strong><strong>Accesso: <\/strong>gratuito<br\/><strong>Posti limitati<\/strong> &#8211; prenotazione obbligatoria<br\/><strong>Durata:<\/strong> 1h 30m circa<strong><br\/>Prenotazioni ed Informazioni al pubblico:<\/strong> 0541-817340 (Luned\u00ec, mercoled\u00ec, gioved\u00ec, venerd\u00ec dalle 08:30 alle 14:30 \u2013\u00a0 sabato e domenica dalla 10:00-13:00)<br\/><strong>Organizzatore:<\/strong> Pro Loco Sogliano al Rubicone in Collaborazione con Comune di Sogliano al Rubicone, Uff. Cultura &amp; Uff. Turistico.&#13;\n<p><strong>Samedi 18 novembre :<\/strong><br\/><strong>Promenades patrimoniales &#8211; Quoi de neuf \u00e0 Sogliano ? &#8211; \u00c9DITION ADOLESCENTE <\/strong> <br\/>Il y a toujours quelque chose de nouveau \u00e0 d\u00e9couvrir et \u00e0 explorer \u00e0 Sogliano !<br\/>Venez avec nous pour un apr\u00e8s-midi insolite ! Nous visiterons ensemble l&rsquo;\u00e9glise de San Lorenzo Martire, le MUSO &#8211; Mus\u00e9e du Souterrain&#8230; et, \u00e0 la fin de notre exploration, une surprise savoureuse ! <br\/>Pour les enfants \u00e2g\u00e9s de 10 \u00e0 15 ans, la pr\u00e9sence d&rsquo;un adulte accompagnateur est requise.<\/p>&#13;\n<p><strong>Samedi 25 novembre et 2 novembre :<\/strong><br\/><strong>Promenades du patrimoine &#8211; Quoi de neuf \u00e0 Sogliano ?<\/strong> <br\/>Une visite guid\u00e9e insolite pour d\u00e9couvrir les \u00ab\u00a0nouveaut\u00e9s culturelles\u00a0\u00bb de Sogliano. Le parcours, qui se d\u00e9roule dans le centre historique, passe par l&rsquo;\u00e9glise de San Lorenzo Martire et le MUSO Museo del Sottosuolo pour d\u00e9couvrir Sogliano et son histoire \u00e0 travers d&rsquo;intrigantes \u00ab\u00a0nouvelles acquisitions\u00a0\u00bb. <\/p>&#13;\n<p>[\/vc_column_text][vc_single_image image=\u00a0\u00bb22024&Prime; img_size=\u00a0\u00bbfull\u00a0\u00bb alignment=\u00a0\u00bbcenter\u00a0\u00bb onclick=\u00a0\u00bblink_image\u00a0\u00bb][vc_empty_space height=\u00a0\u00bb50px\u00a0\u00bb][\/vc_column_inner][\/vc_row_inner][\/vc_column][\/vc_row]<\/p>","protected":false},"excerpt":{"rendered":"<p>[vc_row full_width=\u00a0\u00bbstretch_row_content_no_spaces\u00a0\u00bb][vc_column][vc_single_image image=\u00a0\u00bb22026&Prime; img_size=\u00a0\u00bb1920 x 450&Prime; alignment=\u00a0\u00bbcenter\u00a0\u00bb el_class=\u00a0\u00bbinfotronik_banner_pagina\u00a0\u00bb][vc_empty_space height=\u00a0\u00bb20px\u00a0\u00bb][vc_row_inner][vc_column_inner][vc_column_text] .- Periodo: sabato 18 &#8211; 25 novembre e 2 dicembre 2023Orario Partenze&#8230;<\/p>\n","protected":false},"author":3,"featured_media":22025,"comment_status":"closed","ping_status":"open","sticky":false,"template":"","format":"standard","meta":{"loftloader_page_shortcode":""},"categories":[826,822],"tags":[1082,825,972,970,971,829,1183],"_links":{"self":[{"href":"https:\/\/www.visitsoglianoalrubicone.it\/fr\/wp-json\/wp\/v2\/posts\/22020"}],"collection":[{"href":"https:\/\/www.visitsoglianoalrubicone.it\/fr\/wp-json\/wp\/v2\/posts"}],"about":[{"href":"https:\/\/www.visitsoglianoalrubicone.it\/fr\/wp-json\/wp\/v2\/types\/post"}],"author":[{"embeddable":true,"href":"https:\/\/www.visitsoglianoalrubicone.it\/fr\/wp-json\/wp\/v2\/users\/3"}],"replies":[{"embeddable":true,"href":"https:\/\/www.visitsoglianoalrubicone.it\/fr\/wp-json\/wp\/v2\/comments?post=22020"}],"version-history":[{"count":2,"href":"https:\/\/www.visitsoglianoalrubicone.it\/fr\/wp-json\/wp\/v2\/posts\/22020\/revisions"}],"predecessor-version":[{"id":22069,"href":"https:\/\/www.visitsoglianoalrubicone.it\/fr\/wp-json\/wp\/v2\/posts\/22020\/revisions\/22069"}],"wp:featuredmedia":[{"embeddable":true,"href":"https:\/\/www.visitsoglianoalrubicone.it\/fr\/wp-json\/wp\/v2\/media\/22025"}],"wp:attachment":[{"href":"https:\/\/www.visitsoglianoalrubicone.it\/fr\/wp-json\/wp\/v2\/media?parent=22020"}],"wp:term":[{"taxonomy":"category","embeddable":true,"href":"https:\/\/www.visitsoglianoalrubicone.it\/fr\/wp-json\/wp\/v2\/categories?post=22020"},{"taxonomy":"post_tag","embeddable":true,"href":"https:\/\/www.visitsoglianoalrubicone.it\/fr\/wp-json\/wp\/v2\/tags?post=22020"}],"curies":[{"name":"wp","href":"https:\/\/api.w.org\/{rel}","templated":true}]}}