{"id":22111,"date":"2023-04-21T08:11:14","date_gmt":"2023-04-21T08:11:14","guid":{"rendered":"https:\/\/www.visitsoglianoalrubicone.it\/decouvrir-lart-et-les-saveurs-visites-guidees-gratuites\/"},"modified":"2024-12-06T10:16:56","modified_gmt":"2024-12-06T10:16:56","slug":"decouvrir-lart-et-les-saveurs-visites-guidees-gratuites","status":"publish","type":"post","link":"https:\/\/www.visitsoglianoalrubicone.it\/fr\/decouvrir-lart-et-les-saveurs-visites-guidees-gratuites\/","title":{"rendered":"D\u00e9couvrir l&rsquo;art et les saveurs &#8211; Visites guid\u00e9es gratuites"},"content":{"rendered":"<p>[vc_row full_width=\u00a0\u00bbstretch_row_content_no_spaces\u00a0\u00bb][vc_column][vc_single_image image=\u00a0\u00bb7948&Prime; img_size=\u00a0\u00bb1920 x 450&Prime; alignment=\u00a0\u00bbcenter\u00a0\u00bb el_class=\u00a0\u00bbinfotronik_banner_pagina\u00a0\u00bb]\n\t\t\t<section class=\"do-normal-page-title-section infotronik_page_title_section_little\">\n\t\t\t\t<div class=\"container\">\n\t\t\t\t\t<div class=\"row uppercase\">\n\t\t\t\n\t\t\t\t\t\t<div class=\"do-page-title-wrapper\">\n\t\t\t\t\t\t\t<div class=\"do-default-page-title col-md-7 col-sm-7 col-xs-12\">\n\t\t\t\t\t\t\t\t<h2 info=60 class=\"infotronik_page_title_little\">D\u00e9couvrir l'art et les saveurs - Visites guid\u00e9es gratuites<\/h2>\n\t\t\t\t\t\t\t\t<p><\/p>\n\t\t\t\t\t\t\t<\/div>\n\t\t\t\n\t\t\t\t\t\t\t<div class=\"do-breadcumb\"><ul><\/ul><\/div>\n\t\t\t\t\t\t<\/div>\n\t\t\t\n\t\t\t\t\t<\/div>\n\t\t\t\t<\/div>\n\t\t\t<\/section>\n\t\t[vc_empty_space height=\u00a0\u00bb20px\u00a0\u00bb][vc_row_inner][vc_column_inner][vc_column_text]<\/p>\n<p>.<\/p>\n<p>\n<strong>Periodo:<\/strong> domenica 19-26 novembre e 3 dicembre 2023<br\/><strong>Orario Partenze Visite:<\/strong> 10:00 e 14:30<br\/><strong>Luogo partenza: <\/strong>Uff. Turistico, Piazza della Repubblica 35 (Centro Storico)<strong><br\/><\/strong><strong>Accesso: <\/strong>gratuito &#8211; <strong>Posti limitati<\/strong> &#8211; prenotazione obbligatoria (apertura prenotazioni 2 novembre)<br\/><strong>Durata:<\/strong> 1h 30m circa<strong><br\/>Prenotazioni ed Informazioni al pubblico:<\/strong> 0541-817340 (Luned\u00ec, mercoled\u00ec, gioved\u00ec, venerd\u00ec dalle 08:30 alle 14:30 \u2013\u00a0 sabato e domenica dalla 10:00-13:00) * Previa disponibilit\u00e0 sar\u00e0 possibile prenotare direttamente in loco durante le giornate della Fiera&#13;\n<p><strong>Organisateur :<\/strong> Pro Loco Sogliano al Rubicone en collaboration avec la municipalit\u00e9 de Sogliano al Rubicone, Office de la culture et du tourisme.  <\/p>&#13;\n<p>\u00c0 l&rsquo;occasion de la 48e foire aux fromages AOP de Fossa  <em><strong>il sera possible de faire une visite guid\u00e9e gratuite dans le centre historique de Sogliano al Rubicone. Un guide touristique qualifi\u00e9 vous montrera un itin\u00e9raire \u00e0 travers l&rsquo;art, les saveurs, l&rsquo;histoire, la gastronomie, les monuments et les points d&rsquo;int\u00e9r\u00eat. <\/strong><\/em><\/p>&#13;\n<p>[\/vc_column_text][vc_single_image image=\u00a0\u00bb20969&Prime; img_size=\u00a0\u00bbfull\u00a0\u00bb alignment=\u00a0\u00bbcenter\u00a0\u00bb onclick=\u00a0\u00bblink_image\u00a0\u00bb][vc_empty_space height=\u00a0\u00bb50px\u00a0\u00bb][\/vc_column_inner][\/vc_row_inner][\/vc_column][\/vc_row]<\/p>","protected":false},"excerpt":{"rendered":"<p>[vc_row full_width=\u00a0\u00bbstretch_row_content_no_spaces\u00a0\u00bb][vc_column][vc_single_image image=\u00a0\u00bb7948&Prime; img_size=\u00a0\u00bb1920 x 450&Prime; alignment=\u00a0\u00bbcenter\u00a0\u00bb el_class=\u00a0\u00bbinfotronik_banner_pagina\u00a0\u00bb][vc_empty_space height=\u00a0\u00bb20px\u00a0\u00bb][vc_row_inner][vc_column_inner][vc_column_text] . Periodo: domenica 19-26 novembre e 3 dicembre 2023Orario Partenze Visite: 10:00&#8230;<\/p>\n","protected":false},"author":3,"featured_media":22115,"comment_status":"closed","ping_status":"open","sticky":false,"template":"","format":"standard","meta":{"loftloader_page_shortcode":""},"categories":[822],"tags":[1082,825,972,970,971,829,1183],"_links":{"self":[{"href":"https:\/\/www.visitsoglianoalrubicone.it\/fr\/wp-json\/wp\/v2\/posts\/22111"}],"collection":[{"href":"https:\/\/www.visitsoglianoalrubicone.it\/fr\/wp-json\/wp\/v2\/posts"}],"about":[{"href":"https:\/\/www.visitsoglianoalrubicone.it\/fr\/wp-json\/wp\/v2\/types\/post"}],"author":[{"embeddable":true,"href":"https:\/\/www.visitsoglianoalrubicone.it\/fr\/wp-json\/wp\/v2\/users\/3"}],"replies":[{"embeddable":true,"href":"https:\/\/www.visitsoglianoalrubicone.it\/fr\/wp-json\/wp\/v2\/comments?post=22111"}],"version-history":[{"count":2,"href":"https:\/\/www.visitsoglianoalrubicone.it\/fr\/wp-json\/wp\/v2\/posts\/22111\/revisions"}],"predecessor-version":[{"id":22148,"href":"https:\/\/www.visitsoglianoalrubicone.it\/fr\/wp-json\/wp\/v2\/posts\/22111\/revisions\/22148"}],"wp:featuredmedia":[{"embeddable":true,"href":"https:\/\/www.visitsoglianoalrubicone.it\/fr\/wp-json\/wp\/v2\/media\/22115"}],"wp:attachment":[{"href":"https:\/\/www.visitsoglianoalrubicone.it\/fr\/wp-json\/wp\/v2\/media?parent=22111"}],"wp:term":[{"taxonomy":"category","embeddable":true,"href":"https:\/\/www.visitsoglianoalrubicone.it\/fr\/wp-json\/wp\/v2\/categories?post=22111"},{"taxonomy":"post_tag","embeddable":true,"href":"https:\/\/www.visitsoglianoalrubicone.it\/fr\/wp-json\/wp\/v2\/tags?post=22111"}],"curies":[{"name":"wp","href":"https:\/\/api.w.org\/{rel}","templated":true}]}}