{"id":22626,"date":"2024-04-04T11:32:19","date_gmt":"2024-04-04T11:32:19","guid":{"rendered":"https:\/\/www.visitsoglianoalrubicone.it\/la-poesie-des-lieux-visites-guidees-gratuites\/"},"modified":"2024-12-24T14:16:15","modified_gmt":"2024-12-24T14:16:15","slug":"la-poesie-des-lieux-visites-guidees-gratuites","status":"publish","type":"post","link":"https:\/\/www.visitsoglianoalrubicone.it\/fr\/la-poesie-des-lieux-visites-guidees-gratuites\/","title":{"rendered":"La po\u00e9sie des lieux &#8211; Visites guid\u00e9es gratuites"},"content":{"rendered":"<p>[vc_row full_width=\u00a0\u00bbstretch_row_content_no_spaces\u00a0\u00bb][vc_column][vc_single_image image=\u00a0\u00bb22629&Prime; img_size=\u00a0\u00bb1920 x 450&Prime; alignment=\u00a0\u00bbcenter\u00a0\u00bb el_class=\u00a0\u00bbinfotronik_banner_pagina\u00a0\u00bb]\n\t\t\t<section class=\"do-normal-page-title-section infotronik_page_title_section_little\">\n\t\t\t\t<div class=\"container\">\n\t\t\t\t\t<div class=\"row uppercase\">\n\t\t\t\n\t\t\t\t\t\t<div class=\"do-page-title-wrapper\">\n\t\t\t\t\t\t\t<div class=\"do-default-page-title col-md-7 col-sm-7 col-xs-12\">\n\t\t\t\t\t\t\t\t<h2 info=46 class=\"infotronik_page_title_little\">La poesia dei luoghi - Visite guidate gratuite<\/h2>\n\t\t\t\t\t\t\t\t<p><\/p>\n\t\t\t\t\t\t\t<\/div>\n\t\t\t\n\t\t\t\t\t\t\t<div class=\"do-breadcumb\"><ul><\/ul><\/div>\n\t\t\t\t\t\t<\/div>\n\t\t\t\n\t\t\t\t\t<\/div>\n\t\t\t\t<\/div>\n\t\t\t<\/section>\n\t\t[vc_empty_space height=\u00a0\u00bb20px\u00a0\u00bb][vc_row_inner][vc_column_inner][vc_column_text]<\/p>\n<p>.<\/p>\n<p>\n<strong>Periodo:<\/strong> domenica 17-24 novembre e 1 dicembre 2024<br\/><strong>Orario Partenze Visite:<\/strong> 09:30 e 15:00<br\/><strong>Luogo partenza: <\/strong>Uff. Turistico, Piazza della Repubblica 35 (Centro Storico)<strong><br\/><\/strong><strong>Accesso: <\/strong>gratuito &#8211; <strong>Posti limitati<\/strong> &#8211; prenotazione obbligatoria (apertura prenotazioni 4 novembre)<br\/><strong>Durata:<\/strong> 1h circa<strong><br\/>Prenotazioni ed Informazioni al pubblico:<\/strong> 0541-817340 (Luned\u00ec, mercoled\u00ec, gioved\u00ec, venerd\u00ec dalle 09:00 alle 13:00 \u2013\u00a0 sabato e domenica dalla 09:30-12:30) * Previa disponibilit\u00e0 sar\u00e0 possibile prenotare direttamente in loco durante le giornate della Fiera&#13;\n<p><strong>Organisateur :<\/strong> Pro Loco Sogliano al Rubicone en collaboration avec la municipalit\u00e9 de Sogliano al Rubicone, Office de la culture et du tourisme.  <\/p>&#13;\n<p>La po\u00e9sie des lieux  <br\/>La 49e foire aux fromages de Sogliano Fossa sera enrichie par une s\u00e9rie de visites guid\u00e9es gratuites ax\u00e9es sur la relation entre le territoire et la po\u00e9sie, \u00e0 travers des figures illustres telles que Giovanni Pascoli, Tonino Guerra, Ilario Fioravanti et Agostino Venanzio Reali.<\/p>&#13;\n<p>[\/vc_column_text][vc_single_image image=\u00a0\u00bb22630&Prime; img_size=\u00a0\u00bbfull\u00a0\u00bb alignment=\u00a0\u00bbcenter\u00a0\u00bb onclick=\u00a0\u00bblink_image\u00a0\u00bb][vc_empty_space height=\u00a0\u00bb50px\u00a0\u00bb][\/vc_column_inner][\/vc_row_inner][\/vc_column][\/vc_row]<\/p>","protected":false},"excerpt":{"rendered":"<p>[vc_row full_width=\u00a0\u00bbstretch_row_content_no_spaces\u00a0\u00bb][vc_column][vc_single_image image=\u00a0\u00bb22629&Prime; img_size=\u00a0\u00bb1920 x 450&Prime; alignment=\u00a0\u00bbcenter\u00a0\u00bb el_class=\u00a0\u00bbinfotronik_banner_pagina\u00a0\u00bb][vc_empty_space height=\u00a0\u00bb20px\u00a0\u00bb][vc_row_inner][vc_column_inner][vc_column_text] . Periodo: domenica 17-24 novembre e 1 dicembre 2024Orario Partenze Visite: 09:30&#8230;<\/p>\n","protected":false},"author":3,"featured_media":22628,"comment_status":"closed","ping_status":"open","sticky":false,"template":"","format":"standard","meta":{"loftloader_page_shortcode":""},"categories":[826,822],"tags":[1082,825,972,970,971,829,1183],"_links":{"self":[{"href":"https:\/\/www.visitsoglianoalrubicone.it\/fr\/wp-json\/wp\/v2\/posts\/22626"}],"collection":[{"href":"https:\/\/www.visitsoglianoalrubicone.it\/fr\/wp-json\/wp\/v2\/posts"}],"about":[{"href":"https:\/\/www.visitsoglianoalrubicone.it\/fr\/wp-json\/wp\/v2\/types\/post"}],"author":[{"embeddable":true,"href":"https:\/\/www.visitsoglianoalrubicone.it\/fr\/wp-json\/wp\/v2\/users\/3"}],"replies":[{"embeddable":true,"href":"https:\/\/www.visitsoglianoalrubicone.it\/fr\/wp-json\/wp\/v2\/comments?post=22626"}],"version-history":[{"count":4,"href":"https:\/\/www.visitsoglianoalrubicone.it\/fr\/wp-json\/wp\/v2\/posts\/22626\/revisions"}],"predecessor-version":[{"id":25926,"href":"https:\/\/www.visitsoglianoalrubicone.it\/fr\/wp-json\/wp\/v2\/posts\/22626\/revisions\/25926"}],"wp:featuredmedia":[{"embeddable":true,"href":"https:\/\/www.visitsoglianoalrubicone.it\/fr\/wp-json\/wp\/v2\/media\/22628"}],"wp:attachment":[{"href":"https:\/\/www.visitsoglianoalrubicone.it\/fr\/wp-json\/wp\/v2\/media?parent=22626"}],"wp:term":[{"taxonomy":"category","embeddable":true,"href":"https:\/\/www.visitsoglianoalrubicone.it\/fr\/wp-json\/wp\/v2\/categories?post=22626"},{"taxonomy":"post_tag","embeddable":true,"href":"https:\/\/www.visitsoglianoalrubicone.it\/fr\/wp-json\/wp\/v2\/tags?post=22626"}],"curies":[{"name":"wp","href":"https:\/\/api.w.org\/{rel}","templated":true}]}}