{"id":22667,"date":"2024-02-05T13:46:45","date_gmt":"2024-02-05T13:46:45","guid":{"rendered":"https:\/\/www.visitsoglianoalrubicone.it\/sport-in-fossa-diner-avec-des-athletes-au-milieu-des-plaisirs-de-la-cuisine-romagnole\/"},"modified":"2024-12-06T10:19:18","modified_gmt":"2024-12-06T10:19:18","slug":"sport-in-fossa-diner-avec-des-athletes-au-milieu-des-plaisirs-de-la-cuisine-romagnole","status":"publish","type":"post","link":"https:\/\/www.visitsoglianoalrubicone.it\/fr\/sport-in-fossa-diner-avec-des-athletes-au-milieu-des-plaisirs-de-la-cuisine-romagnole\/","title":{"rendered":"SPORT IN FOSSA &#8211; D\u00eener avec des athl\u00e8tes au milieu des plaisirs de la cuisine romagnole"},"content":{"rendered":"<p>[vc_row full_width=\u00a0\u00bbstretch_row_content_no_spaces\u00a0\u00bb][vc_column][vc_single_image image=\u00a0\u00bb22669&Prime; img_size=\u00a0\u00bb1920 x 450&Prime; alignment=\u00a0\u00bbcenter\u00a0\u00bb el_class=\u00a0\u00bbinfotronik_banner_pagina\u00a0\u00bb]\n\t\t\t<section class=\"do-normal-page-title-section infotronik_page_title_section_little\">\n\t\t\t\t<div class=\"container\">\n\t\t\t\t\t<div class=\"row uppercase\">\n\t\t\t\n\t\t\t\t\t\t<div class=\"do-page-title-wrapper\">\n\t\t\t\t\t\t\t<div class=\"do-default-page-title col-md-7 col-sm-7 col-xs-12\">\n\t\t\t\t\t\t\t\t<h2 info=79 class=\"infotronik_page_title_little\">SPORT IN FOSSA \u2013 A tavola con gli atleti tra i piaceri della cucina Romagnola<\/h2>\n\t\t\t\t\t\t\t\t<p><\/p>\n\t\t\t\t\t\t\t<\/div>\n\t\t\t\n\t\t\t\t\t\t\t<div class=\"do-breadcumb\"><ul><\/ul><\/div>\n\t\t\t\t\t\t<\/div>\n\t\t\t\n\t\t\t\t\t<\/div>\n\t\t\t\t<\/div>\n\t\t\t<\/section>\n\t\t[vc_empty_space height=\u00a0\u00bb20px\u00a0\u00bb][vc_row_inner][vc_column_inner][vc_column_text]<strong>Quand : <\/strong>vendredi 29 novembre 2024 <strong>Lieu :<\/strong> Tensiostruttura, Piazza Matteotti, Centro Storico Sogliano al Rubicone <strong>Heure : <\/strong>20:30<strong><br \/>\n<\/strong><strong>Entr\u00e9e :<\/strong> R\u00e9servation obligatoire <strong>Lien info et r\u00e9servations <\/strong><a href=\"https:\/\/www.eventbrite.com\/e\/sport-in-fossa-registration-1064136554079\" target=\"_blank\" rel=\"noopener\">: https:\/\/www.eventbrite.com\/e\/sport-in-fossa-registration-1064136554079<\/a> Sport in Fossa A tavola con gli atleti con i piaceri della cucina romagnola Vendredi 29 novembre 2024 Sogliano al Rubicone Piazza Matteotti 20h30 Pour dire non \u00e0 la violence de genre, un d\u00eener interactif o\u00f9 la gastronomie et le vin rencontrent le sport. Des histoires de champions, d&rsquo;entra\u00eenement et de nutrition, pour une soir\u00e9e pleine de surprises. Une partie des recettes de la soir\u00e9e sera revers\u00e9e \u00e0 des associations territoriales contre la violence de genre : WIR Cesena a.s.d., Sportello Antiviolenza Alba, Osservatorio sulla violenza, sulle discriminazioni, sulle vulnerabilit\u00e0, sulle vittime-aps. Le menu du d\u00eener sera pr\u00e9par\u00e9 par Gianmarco Casadei de l&rsquo;Osteria Tera \u00e0 Sogliano al Rubicone avec l&rsquo;excellence gastronomique du territoire et comprendra Tarte \u00e0 la citrouille avec cr\u00e8me de fossa Strozzaprete fossa AOP Sogliano et guanciale Pintade avec \u00e9chalotes et ch\u00e2taignes Mascarpone et poires cuites au vin Sangiovese S\u00e9lection de Sangiovese du territoire Un menu v\u00e9g\u00e9tarien est disponible, \u00e0 indiquer au moment de la r\u00e9servation Co\u00fbt 40 euros par personne Une partie des recettes de la soir\u00e9e sera revers\u00e9e aux associations territoriales contre la violence de genre Women in Run Cesena ASD, le Sportello Antiviolenza Alba et l&rsquo;Observatoire sur la violence, la discrimination, la vuln\u00e9rabilit\u00e9 et les victimes-aps. L&rsquo;\u00e9v\u00e9nement est parrain\u00e9 par la municipalit\u00e9 de Sogliano al Rubicone, la Fondation du bien-\u00eatre, l&rsquo;Ordre des pharmaciens de Forli et Cesena, Agifar Romagna, Slow Food Cesena, CSI Forli-Cesena, Asd Rubicone pour le sport Marianna Trail Running et The Total Training, Nutri la Tua Passione du Dr Alessandro Gardini en partenariat avec Enervit. Parmi les champions qui participeront \u00e0 l&rsquo;\u00e9v\u00e9nement, citons : PAOLO ALBERATI Ancien cycliste professionnel, entra\u00eeneur sportif et directeur sportif STEFANO BALDINI Ancien coureur italien de marathon et de demi-fond, champion olympique de marathon \u00e0 Ath\u00e8nes en 2004 et double champion d&rsquo;Europe, et entra\u00eeneur ALESSANDRO BALLAN Ancien cycliste professionnel Vainqueur du Tour des Flandres en 2007 et champion du monde en 2008 Dr.ssa ELENA CASIRAGHI Ma\u00eetre de conf\u00e9rences en th\u00e9orie et m\u00e9thodologie de l&rsquo;entra\u00eenement \u00e0 l&rsquo;Universit\u00e9 de Pavie, Facult\u00e9 des sciences de la motricit\u00e9 et Ph.D. en activit\u00e9 physique, nutrition et bien-\u00eatre Sp\u00e9cialiste, Equipe Enervit et Deejay Training Center by Radio Deejay DAVIDE CASSANI Ancien cycliste professionnel et commentateur TV ALESSANDRA FIOR Triathl\u00e8te IRONMAN et ambassadeur de marque DOMENICO POZZOVIVO Cycliste professionnel sur route depuis 2005 ANGELA PROCIDA Championne du monde et d&rsquo;Europe de natation paralympique, multiple m\u00e9daill\u00e9e mondiale. M\u00e9daill\u00e9e de bronze aux Jeux paralympiques de Paris 2024 ELLI VIGNUDELLI Coureur CIV &#8211; Influenceur Anim\u00e9 par Fabio Caldari &amp; Marco Corona Avec Dr. Alessandro Gardini &#8211; Nutri la Tua Passione Inscription \u00e0 l&rsquo;\u00e9v\u00e9nement sur <a href=\"https:\/\/www.eventbrite.com\/e\/sport-in-fossa-tickets-1064136554079\" target=\"_blank\" rel=\"noopener\">https:\/\/www.eventbrite.com\/e\/sport-in-fossa-tickets-1064136554079<\/a> Pour info : Tel. 0541\/817340 (lun\/mer\/jeu\/ven 9h-13h) <a href=\"mailto:ufficioturistico@comune.sogliano.fc.it\" target=\"_blank\" rel=\"noopener\">ufficioturistico@comune.sogliano.fc.it<\/a> Places limit\u00e9es jusqu&rsquo;au 26 11 2024[\/vc_column_text][vc_empty_space height=\u00a0\u00bb50px\u00a0\u00bb][vc_single_image image=\u00a0\u00bb22672&Prime; img_size=\u00a0\u00bbfull\u00a0\u00bb alignment=\u00a0\u00bbcenter\u00a0\u00bb onclick=\u00a0\u00bblink_image\u00a0\u00bb][vc_single_image image=\u00a0\u00bb22671&Prime; img_size=\u00a0\u00bbfull\u00a0\u00bb alignment=\u00a0\u00bbcenter\u00a0\u00bb onclick=\u00a0\u00bblink_image\u00a0\u00bb][\/vc_column_inner][\/vc_row_inner][\/vc_column][\/vc_row]<\/p>\n","protected":false},"excerpt":{"rendered":"<p>[vc_row full_width=\u00a0\u00bbstretch_row_content_no_spaces\u00a0\u00bb][vc_column][vc_single_image image=\u00a0\u00bb22669&Prime; img_size=\u00a0\u00bb1920 x 450&Prime; alignment=\u00a0\u00bbcenter\u00a0\u00bb el_class=\u00a0\u00bbinfotronik_banner_pagina\u00a0\u00bb][vc_empty_space height=\u00a0\u00bb20px\u00a0\u00bb][vc_row_inner][vc_column_inner][vc_column_text]Quand : vendredi 29 novembre 2024 Lieu : Tensiostruttura, Piazza Matteotti, Centro Storico&#8230;<\/p>\n","protected":false},"author":3,"featured_media":22670,"comment_status":"closed","ping_status":"open","sticky":false,"template":"","format":"standard","meta":{"loftloader_page_shortcode":""},"categories":[826,822,835],"tags":[1011,1013,1009,825,1014,1015,829,1010,997,918,1012],"_links":{"self":[{"href":"https:\/\/www.visitsoglianoalrubicone.it\/fr\/wp-json\/wp\/v2\/posts\/22667"}],"collection":[{"href":"https:\/\/www.visitsoglianoalrubicone.it\/fr\/wp-json\/wp\/v2\/posts"}],"about":[{"href":"https:\/\/www.visitsoglianoalrubicone.it\/fr\/wp-json\/wp\/v2\/types\/post"}],"author":[{"embeddable":true,"href":"https:\/\/www.visitsoglianoalrubicone.it\/fr\/wp-json\/wp\/v2\/users\/3"}],"replies":[{"embeddable":true,"href":"https:\/\/www.visitsoglianoalrubicone.it\/fr\/wp-json\/wp\/v2\/comments?post=22667"}],"version-history":[{"count":2,"href":"https:\/\/www.visitsoglianoalrubicone.it\/fr\/wp-json\/wp\/v2\/posts\/22667\/revisions"}],"predecessor-version":[{"id":22688,"href":"https:\/\/www.visitsoglianoalrubicone.it\/fr\/wp-json\/wp\/v2\/posts\/22667\/revisions\/22688"}],"wp:featuredmedia":[{"embeddable":true,"href":"https:\/\/www.visitsoglianoalrubicone.it\/fr\/wp-json\/wp\/v2\/media\/22670"}],"wp:attachment":[{"href":"https:\/\/www.visitsoglianoalrubicone.it\/fr\/wp-json\/wp\/v2\/media?parent=22667"}],"wp:term":[{"taxonomy":"category","embeddable":true,"href":"https:\/\/www.visitsoglianoalrubicone.it\/fr\/wp-json\/wp\/v2\/categories?post=22667"},{"taxonomy":"post_tag","embeddable":true,"href":"https:\/\/www.visitsoglianoalrubicone.it\/fr\/wp-json\/wp\/v2\/tags?post=22667"}],"curies":[{"name":"wp","href":"https:\/\/api.w.org\/{rel}","templated":true}]}}