{"id":22962,"date":"2024-08-03T13:35:20","date_gmt":"2024-08-03T13:35:20","guid":{"rendered":"https:\/\/www.visitsoglianoalrubicone.it\/terra-un-parcours-synesthesique-pour-connaitre-sogliano-al-rubicone-2\/"},"modified":"2024-12-06T10:20:05","modified_gmt":"2024-12-06T10:20:05","slug":"terra-un-parcours-synesthesique-pour-connaitre-sogliano-al-rubicone-2","status":"publish","type":"post","link":"https:\/\/www.visitsoglianoalrubicone.it\/fr\/terra-un-parcours-synesthesique-pour-connaitre-sogliano-al-rubicone-2\/","title":{"rendered":"Terra &#8211; Un parcours synesth\u00e9sique pour conna\u00eetre Sogliano al Rubicone"},"content":{"rendered":"<p>[vc_row full_width=\u00a0\u00bbstretch_row_content_no_spaces\u00a0\u00bb][vc_column][vc_single_image image=\u00a0\u00bb21897&Prime; img_size=\u00a0\u00bb1920 x 450&Prime; alignment=\u00a0\u00bbcenter\u00a0\u00bb el_class=\u00a0\u00bbinfotronik_banner_pagina\u00a0\u00bb]\n\t\t\t<section class=\"do-normal-page-title-section infotronik_page_title_section_little\">\n\t\t\t\t<div class=\"container\">\n\t\t\t\t\t<div class=\"row uppercase\">\n\t\t\t\n\t\t\t\t\t\t<div class=\"do-page-title-wrapper\">\n\t\t\t\t\t\t\t<div class=\"do-default-page-title col-md-7 col-sm-7 col-xs-12\">\n\t\t\t\t\t\t\t\t<h2 info=63 class=\"infotronik_page_title_little\">Terra - Percorso Sinestesico per conoscere Sogliano al Rubicone<\/h2>\n\t\t\t\t\t\t\t\t<p><\/p>\n\t\t\t\t\t\t\t<\/div>\n\t\t\t\n\t\t\t\t\t\t\t<div class=\"do-breadcumb\"><ul><\/ul><\/div>\n\t\t\t\t\t\t<\/div>\n\t\t\t\n\t\t\t\t\t<\/div>\n\t\t\t\t<\/div>\n\t\t\t<\/section>\n\t\t[vc_empty_space height=\u00a0\u00bb20px\u00a0\u00bb][vc_row_inner][vc_column_inner][vc_column_text]<strong>.<\/strong><\/p>\n<p><strong>Point de rencontre :<\/strong> Murs panoramiques, Via XX Settembre en face de la \u00ab\u00a0Fille au livre\u00a0\u00bb.  <strong><br \/>\n<\/strong><strong>Quand : <\/strong>Samedi 10 ao\u00fbt 2024 &#8211; 20h30<br \/>\n<strong>Initiative gratuite<\/strong><strong><br \/>\n<\/strong><strong><br \/>\nNombre maximum de participants : 12<\/strong><strong><strong>Info et r\u00e9servation obligatoire : <\/strong><a href=\"mailto:infomuso@comune.sogliano.fc.it\">infomuso@comune.sogliano.fc.it<\/a> Initiative r\u00e9alis\u00e9e dans le cadre du programme d&rsquo;utilisation temporaire Bando RER-RU 2021 &#8211; Convenzione 4528\/23 D\u00e9couvrez l&rsquo;histoire, l&rsquo;artisanat, la gastronomie et la culture de Sogliano al Rubicone \u00e0 travers cet itin\u00e9raire sensoriel.<\/strong>[\/vc_column_text][vc_single_image image=\u00a0\u00bb22968&Prime; img_size=\u00a0\u00bbfull\u00a0\u00bb alignment=\u00a0\u00bbcenter\u00a0\u00bb onclick=\u00a0\u00bblink_image\u00a0\u00bb][vc_empty_space height=\u00a0\u00bb50px\u00a0\u00bb][\/vc_column_inner][\/vc_row_inner][\/vc_column][\/vc_row]<\/p>\n","protected":false},"excerpt":{"rendered":"<p>[vc_row full_width=\u00a0\u00bbstretch_row_content_no_spaces\u00a0\u00bb][vc_column][vc_single_image image=\u00a0\u00bb21897&Prime; img_size=\u00a0\u00bb1920 x 450&Prime; alignment=\u00a0\u00bbcenter\u00a0\u00bb el_class=\u00a0\u00bbinfotronik_banner_pagina\u00a0\u00bb][vc_empty_space height=\u00a0\u00bb20px\u00a0\u00bb][vc_row_inner][vc_column_inner][vc_column_text]. Point de rencontre : Murs panoramiques, Via XX Settembre en face de&#8230;<\/p>\n","protected":false},"author":3,"featured_media":22966,"comment_status":"closed","ping_status":"open","sticky":false,"template":"","format":"standard","meta":{"loftloader_page_shortcode":""},"categories":[826,822],"tags":[1188,1189,829,1183],"_links":{"self":[{"href":"https:\/\/www.visitsoglianoalrubicone.it\/fr\/wp-json\/wp\/v2\/posts\/22962"}],"collection":[{"href":"https:\/\/www.visitsoglianoalrubicone.it\/fr\/wp-json\/wp\/v2\/posts"}],"about":[{"href":"https:\/\/www.visitsoglianoalrubicone.it\/fr\/wp-json\/wp\/v2\/types\/post"}],"author":[{"embeddable":true,"href":"https:\/\/www.visitsoglianoalrubicone.it\/fr\/wp-json\/wp\/v2\/users\/3"}],"replies":[{"embeddable":true,"href":"https:\/\/www.visitsoglianoalrubicone.it\/fr\/wp-json\/wp\/v2\/comments?post=22962"}],"version-history":[{"count":2,"href":"https:\/\/www.visitsoglianoalrubicone.it\/fr\/wp-json\/wp\/v2\/posts\/22962\/revisions"}],"predecessor-version":[{"id":22985,"href":"https:\/\/www.visitsoglianoalrubicone.it\/fr\/wp-json\/wp\/v2\/posts\/22962\/revisions\/22985"}],"wp:featuredmedia":[{"embeddable":true,"href":"https:\/\/www.visitsoglianoalrubicone.it\/fr\/wp-json\/wp\/v2\/media\/22966"}],"wp:attachment":[{"href":"https:\/\/www.visitsoglianoalrubicone.it\/fr\/wp-json\/wp\/v2\/media?parent=22962"}],"wp:term":[{"taxonomy":"category","embeddable":true,"href":"https:\/\/www.visitsoglianoalrubicone.it\/fr\/wp-json\/wp\/v2\/categories?post=22962"},{"taxonomy":"post_tag","embeddable":true,"href":"https:\/\/www.visitsoglianoalrubicone.it\/fr\/wp-json\/wp\/v2\/tags?post=22962"}],"curies":[{"name":"wp","href":"https:\/\/api.w.org\/{rel}","templated":true}]}}