{"id":23064,"date":"2024-05-01T07:26:37","date_gmt":"2024-05-01T07:26:37","guid":{"rendered":"https:\/\/www.visitsoglianoalrubicone.it\/49e-foire-aux-fromages-de-fosse-de-laop-sogliano\/"},"modified":"2024-12-06T10:20:29","modified_gmt":"2024-12-06T10:20:29","slug":"49e-foire-aux-fromages-de-fosse-de-laop-sogliano","status":"publish","type":"post","link":"https:\/\/www.visitsoglianoalrubicone.it\/fr\/49e-foire-aux-fromages-de-fosse-de-laop-sogliano\/","title":{"rendered":"49e foire aux fromages de fosse de l&rsquo;AOP Sogliano"},"content":{"rendered":"<p>[vc_row full_width=\u00a0\u00bbstretch_row_content_no_spaces\u00a0\u00bb][vc_column][vc_single_image image=\u00a0\u00bb23070&Prime; img_size=\u00a0\u00bb1920 x 450&Prime; alignment=\u00a0\u00bbcenter\u00a0\u00bb el_class=\u00a0\u00bbinfotronik_banner_pagina\u00a0\u00bb]\n\t\t\t<section class=\"do-normal-page-title-section infotronik_page_title_section_little\">\n\t\t\t\t<div class=\"container\">\n\t\t\t\t\t<div class=\"row uppercase\">\n\t\t\t\n\t\t\t\t\t\t<div class=\"do-page-title-wrapper\">\n\t\t\t\t\t\t\t<div class=\"do-default-page-title col-md-7 col-sm-7 col-xs-12\">\n\t\t\t\t\t\t\t\t<h2 info=67 class=\"infotronik_page_title_little\">49e Fiera del Formaggio di Fossa di Sogliano Foire aux fromages AOP<\/h2>\n\t\t\t\t\t\t\t\t<p><\/p>\n\t\t\t\t\t\t\t<\/div>\n\t\t\t\n\t\t\t\t\t\t\t<div class=\"do-breadcumb\"><ul><\/ul><\/div>\n\t\t\t\t\t\t<\/div>\n\t\t\t\n\t\t\t\t\t<\/div>\n\t\t\t\t<\/div>\n\t\t\t<\/section>\n\t\t[vc_empty_space height=\u00a0\u00bb20px\u00a0\u00bb][vc_row_inner][vc_column_inner][vc_column_text]<\/p>\n<p>\n<strong>Quando:<\/strong> domenica 17,24 novembre e 1 dicembre 2024<br\/><strong>Orari manifestazione:<\/strong> 9:00 &#8211; 22:00<br\/><strong>ingresso: <\/strong>gratuito &#8211; Servizio Navette Gratuito<br\/><strong>Luogo: <\/strong>Centro Storico Sogliano al Rubicone<br\/><strong>Organizzatore:<\/strong> Proloco Sogliano al Rubicone con il Patrocinio del Comune di Sogliano al Rubicone&#13;\n<p><strong>Information du public :<\/strong> 0541-817340 (lundi, mercredi, jeudi et vendredi de 09h00 \u00e0 13h00 &#8211; samedi de 09h30 \u00e0 12h30) <a href=\"mailto:ufficioturistico@comune.sogliano.fc.it\" target=\"_blank\" rel=\"noopener\">ufficioturistico@comune.sogliano.fc.it<\/a><\/p>&#13;\n<p><b>ZONE DE CAMPING INCONNUE : <\/b>via Ugo La Malfa<\/p>&#13;\n<p><br\/>S<strong>TAND ET INFORMATIONS TECHNIQUES (SIEGES COMPLETS) : <\/strong><a href=\"mailto:segreteria@prolocosogliano.eu\" target=\"_blank\" rel=\"noopener\">segreteria@prolocosogliano.eu<\/a> +39 389 8490771 (Leo)<\/p>&#13;\n<h2 style=\"text-align: center;\"><strong>PROGRAMME 49E FOIRE AUX FROMAGES DE FOSSA 2024<\/strong><\/h2>&#13;\n<h2 style=\"text-align: center;\"><a href=\"https:\/\/www.visitsoglianoalrubicone.it\/wp-content\/uploads\/2024\/11\/Opuscolo_FFF_2024-compresso.pdf\" target=\"_blank\" rel=\"noopener\"><strong>  &gt;&gt;&gt;  CLIQUEZ ICI POUR T\u00c9L\u00c9CHARGER LE PROGRAMME COMPLET ET LES \u00c9V\u00c9NEMENTS PARALL\u00c8LES  &lt;&lt;<\/strong><\/a><\/h2>&#13;\n<p>Sogliano al Rubicone est pr\u00eate \u00e0 accueillir les voyageurs, les \u0153notouristes et les simples gourmets pour la <strong>49e Foire aux fromages de fosse AOP de Sogliano<\/strong>. La Foire &#8211; qui animera les places et les ruelles du centre historique les dimanches <strong>17, 24 novembre et 1er d\u00e9cembre 2024<\/strong> &#8211; est d\u00e9sormais un \u00e9v\u00e9nement de renomm\u00e9e nationale car elle a su, au fil du temps, promouvoir et renouveler la fascinante histoire du fromage Fossa. <\/p>&#13;\n<p>Outre le c\u00e9l\u00e8bre fromage, consid\u00e9r\u00e9 comme un petit tr\u00e9sor depuis le XVIIIe si\u00e8cle, la foire sera <strong>l&rsquo;occasion id\u00e9ale de d\u00e9guster et d&rsquo;acheter d&rsquo;autres produits typiques de Sogliano<\/strong>, tels que le Sav\u00f2r, le Saba, les po\u00eales en terre cuite de Montetiffi (id\u00e9ales pour la cuisson de la piadina), le miel, la charcuterie, etc. Mais il y aura aussi d&rsquo;autres excellences gastronomiques, comme des vins et des fromages, provenant de diff\u00e9rentes r\u00e9gions d&rsquo;Italie. <\/p>&#13;\n<p><strong><span style=\"font-size: 16px;\"><i>En particulier, nous soulignons :<\/i><\/span><\/strong><\/p>&#13;\n<ul>&#13;\n<li><strong>\u201c5 Ristoranti in Piazza\u201d: cinque ristoratori soglianesi propongono 5 men\u00f9 a base di Formaggio di Fossa <\/strong>(e non solo), da assaporare in un&rsquo;ampia area riscaldata e al coperto<\/li>&#13;\n<\/ul>&#13;\n<ul>&#13;\n<li><strong>\u201cE Zir dal Fosi\u201d: Percorso di degustazione a base di formaggio di fossa ed abbinamento con vini presso le 5 Fosse<\/strong> <strong>presenti in centro storico di Sogliano al Rubicone, <\/strong>in collaborazione con il \u201cConsorzio dei Vini di Romagna\u201d.<strong>\u20ac 20,00 comprende:<\/strong>\u00a0 &#8211; calice di vetro\/tasca portacalice &#8211; assaggi di Formaggi di Fossa di Sogliano abbinati a vini locali.<\/li>&#13;\n<\/ul>&#13;\n<p>Comme d&rsquo;habitude, il y aura le traditionnel d\u00e9jeuner\/restaurant dans les locaux du <strong>Pro Loco di Sogliano <\/strong>.<br\/>De nombreux<strong> \u00e9v\u00e9nements collat\u00e9raux<\/strong> entoureront le contenu gastronomique de la foire : spectacles th\u00e9\u00e2traux, musicaux et r\u00e9cr\u00e9atifs, conf\u00e9rences, concerts, ateliers, ainsi qu&rsquo;une zone d\u00e9di\u00e9e aux enfants et aux divertissements avec des animations et des jeux anciens. Nous vous signalons \u00e9galement l&rsquo;efficacit\u00e9 du<strong> service de navette gratuit<\/strong> pour un stationnement pratique.<\/p>&#13;\n<p><br\/>V<strong>ENDREDI 15 NOVEMBRE<\/strong> 17h00 : Piazza Mazzini : Temporary Shop \u00ab\u00a0Artigianato &amp; Souvenirs\u00a0\u00bb : Atelier de dessin cr\u00e9atif inspir\u00e9 des \u00ab\u00a0mondini\u00a0\u00bb de Gianfranco Zavalloni, organis\u00e9 par Luciana Raggi et Loretta Magnani. Pour adultes et enfants \u00e0 partir de 6 ans. &#8211; Places limit\u00e9es, r\u00e9servations \u00e0 l&rsquo;adresse suivante : 3483059058  <\/p>&#13;\n<p><br\/>S<strong>AMEDI 16 NOVEMBRE<\/strong> 21h00 : Th\u00e9\u00e2tre E. Turroni : \u00ab\u00a0Binari\u00a0\u00bb Un train, un voyage de parfaits inconnus et leurs histoires. &#8211; Improvisation th\u00e9\u00e2trale par le Theatro APS. <\/p>&#13;\n<p><br\/><br\/><br\/><br\/>D<strong>IMANCHE 17 NOVEMBRE<\/strong> 9h00 &#8211; 20h00 : March\u00e9 d&rsquo;excellents produits locaux et fromage Formaggio di Fossa di Sogliano DOP 9h00 &#8211; 20h00 : Via Piave : Salle de jeux analogiques organis\u00e9e par le Laboratorio Marcone 9h00 &#8211; 20h00 : Via XX Settembre : Ateliers gratuits avec des artisans. 9h00 &#8211; 20h00 : Teatro E. Turroni : \u00ab\u00a0Ricordi un anno insieme\u00a0\u00bb &#8211; Exposition organis\u00e9e par l&rsquo;Association photographique sogliane 9h00 &#8211; 19h00 : Piazza Mazzini : Magasin temporaire \u00ab\u00a0Artigianica &amp; Souvenirs\u00a0\u00bb.<br\/><br\/>Turroni : \u00ab\u00a0Ricordi di un anno insieme\u00a0\u00bb &#8211; Exposition organis\u00e9e par l&rsquo;Ass. Fotografica Soglianese 9.00 &#8211; 19.00 : Piazza Mazzini : Temporary Shop \u00ab\u00a0Artigianato &amp; Souvenirs\u00a0\u00bb artisanat, arts et produits locaux. 9.00 &#8211; 7.<br\/>00 : Piazza Garibaldi, Oratorio S. Francesco di Paola : \u00ab\u00a0In cammino verso Sogliano\u00a0\u00bb &#8211; cr\u00e8che de Gei Gianluca et Annalisa. 9.00 &#8211; 12.30 et 14.30 &#8211; 18.30 : Piazza Matteotti ex Scuola Pascoli : Plan\u00e9tarium itin\u00e9rant avec des spectacles toutes les demi-heures (rez-de-chauss\u00e9e). Exposition astronomique et astronautique \u00ab\u00a0Dalle Fosse alle Stelle\u00a0\u00bb (premier \u00e9tage).  <br\/>9 h 30 et 15 h : Visites guid\u00e9es gratuites \u00ab\u00a0La po\u00e9sie des lieux\u00a0\u00bb &#8211; R\u00e9servations obligatoires.<br\/>10 h &#8211; 12 h et 14 h &#8211; 17 h : musique itin\u00e9rante avec le Sarsina Band.<br\/><br\/>11h00 : Visites guid\u00e9es gratuites avec interpr\u00e8te LIS \u00ab\u00a0La poesia dei luoghi\u00a0\u00bb (La po\u00e9sie des lieux) &#8211; en collaboration avec ENS di Cesena (Ente Nazionale Sordi) &#8211; R\u00e9servation obligatoire 11h00 &#8211; 18h00 : \u00c9 Z\u00eer dal F\u00f2si : itin\u00e9raire de d\u00e9gustation \u00e0 base de fromage Fossa et de vins de Romagne dans les fosses du centre historique.<br\/>11 h &#8211; 15 h 30 : Piazza Matteotti : d\u00e9jeuner-restaurant dans les locaux de Pro Loco.<br\/><br\/>11 h &#8211; 22 h : Piazza Matteotti : \u00a0\u00bb 5 Ristoranti in Piazza \u00a0\u00bb : cinq restaurants Soglianesi proposent des menus \u00e0 base de fromage Fossa et autres, dans un espace couvert et chauff\u00e9.<br\/>17.00 &#8211; 20.30 : Jardin du Palais de la Culture : FossaGarden, musique live et s\u00e9lection de bi\u00e8res artisanales par : La Fossa del Luppolo Aps<\/p>&#13;\n<p><br\/><br\/>S<strong>AMEDI 23 NOVEMBRE<\/strong> 15h00-18h30 : Ouverture des mus\u00e9es permanents 18h00 : Piazza Matteotti : A SO PIN FEST, Magna &#8211; B\u00e8 &#8211; Bala ! Cinq restaurants de Soglianesi proposent des menus \u00e0 base de fromage Formaggio di Fossa et autres, dans un espace couvert et chauff\u00e9. En concert, Brillanti Sparsi + Molleggiati.  <\/p>&#13;\n<p><br\/><br\/><br\/><br\/>D<strong>IMANCHE 24 NOVEMBRE<\/strong> 9h00 &#8211; 20h00 : March\u00e9 d&rsquo;excellents produits typiques et fromage Formaggio di Fossa di Sogliano DOP 9h00 &#8211; 20h00 : Via Piave : Salle de jeux analogiques organis\u00e9e par le Laboratorio Marcone 9h00 &#8211; 20h00 : Via XX Settembre : Ateliers gratuits avec des artisans. 9h00 &#8211; 20h00 : Teatro E. Turroni : \u00ab\u00a0Ricordi un anno insieme\u00a0\u00bb &#8211; Exposition organis\u00e9e par l&rsquo;Association Photographique Soglianaise 9h00 &#8211; 19h00 : Piazza Mazzini : Boutique temporaire \u00ab\u00a0Artigianato &amp; Souvenirs\u00a0\u00bb.<br\/><br\/>Turroni : \u00ab\u00a0Ricordi di un anno insieme\u00a0\u00bb &#8211; Exposition organis\u00e9e par l&rsquo;Ass. Fotografica Soglianese 9.00 &#8211; 19.00 : Piazza Mazzini : Temporary Shop \u00ab\u00a0Artigianato &amp; Souvenirs\u00a0\u00bb artisanat, arts et produits locaux. 9.00 &#8211; 7.<br\/>00 : Piazza Garibaldi, Oratorio S. Francesco di Paola : \u00ab\u00a0In cammino verso Sogliano\u00a0\u00bb &#8211; cr\u00e8che de Gei Gianluca et Annalisa. 9.00 &#8211; 12.30 et 14.30 &#8211; 18.30 : Piazza Matteotti ex Scuola Pascoli : Plan\u00e9tarium itin\u00e9rant avec des spectacles toutes les demi-heures (rez-de-chauss\u00e9e). Exposition astronomique et astronautique \u00ab\u00a0Dalle Fosse alle Stelle\u00a0\u00bb (premier \u00e9tage).  <br\/>9 h 30 et 15 h : Visites guid\u00e9es gratuites \u00ab\u00a0La po\u00e9sie des lieux\u00a0\u00bb &#8211; R\u00e9servations obligatoires.<br\/>10 h &#8211; 12 h et 14 h &#8211; 17 h : Musique itin\u00e9rante avec I Pasquarul dla Piopa.<br\/>11 h &#8211; 18 h : \u00c9 Z\u00eer dal F\u00f2si : d\u00e9gustation de fromage Fossa et de vins romagnols dans les fosses du centre historique.<br\/>11 h &#8211; 15 h 30 : Piazza Matteotti : d\u00e9jeuner-restaurant dans les locaux de Pro Loco.<br\/><br\/>11 h &#8211; 22 h : Piazza Matteotti : \u00a0\u00bb 5 Ristoranti in Piazza \u00a0\u00bb : cinq restaurants Soglianesi proposent des menus \u00e0 base de fromage Fossa et autres, dans un espace couvert et chauff\u00e9.<br\/>17 h &#8211; 20 h 30 : Jardin du Palais de la culture : FossaGarden, musique en direct et s\u00e9lection de bi\u00e8res artisanales par : La Fossa del Luppolo Aps.<\/p>&#13;\n<p><br\/><br\/><br\/>L<strong>UNDI 25 NOVEMBRE<\/strong> Hommage \u00e0 Sainte Catherine avec la sfossatura traditionnelle. 15h30 : Fosse Brandinelli, Via XX Settembre2\/b dans les salles d&rsquo;affinage. 16h-18h30 : Ouverture des mus\u00e9es permanents.<\/p>&#13;\n<p><br\/><br\/>J<strong>EUDI 28 NOVEMBRE<\/strong> 20h30 : Piazza Mazzini : Temporary Shop \u00ab\u00a0Crafts &amp; Souvenirs\u00a0\u00bb : Atelier sur la laine card\u00e9e pour la fabrication de boules de No\u00ebl par Alice Ridolfi. Places limit\u00e9es, r\u00e9servations \u00e0 : 3483059058<\/p>&#13;\n<p><br\/>V<strong>ENDREDI 29 NOVEMBRE<\/strong> 20 h 30 : Piazza Matteotti : SPORT IN FOSSA &#8211; D\u00eener avec des athl\u00e8tes au milieu des plaisirs de la cuisine romagnole &#8211; R\u00e9servation obligatoire sur Eventbrite.it<\/p>&#13;\n<p><br\/><br\/><br\/>S<strong>AMEDI 30 NOVEMBRE<\/strong> 8h30 : Piazza Mazzini : RUBICONE FOR SPORT &#8211; Social Ride &amp; Run Entra\u00eenez-vous avec les championnes contre la violence de genre. \u00c9v\u00e9nement gratuit &#8211; L&rsquo;inscription donne droit \u00e0 la participation au social ride &amp; run avec les championnes et au retrait du gadget de participation avec des produits techniques des sponsors et \u00e0 la participation au rafra\u00eechissement final.<br\/><br\/>&#8211; R\u00e9servation sur Eventbrite.it 9h00 &#8211; 18h30 : Piazza Mazzini, Temporary Shop \u00ab\u00a0Artigianato &amp; Souvenirs\u00a0\u00bb : CHRISTMAS SHOOTING : 30 minutes de s\u00e9ances photo avec Lucia Alessandri dans le magnifique cadre de Chocolate &#8211; Places limit\u00e9es sur r\u00e9servation : 3483059058 14h00<br\/><br\/>30 &#8211; 18 heures : Piazza Matteotti ex Scuola Pascoli, premier \u00e9tage : Exposition de m\u00e9t\u00e9orites \u00ab\u00a0Stones from the Cosmos\u00a0\u00bb avec le plus grand collectionneur italien Francesco Moser ; exposition astronomique et astronautique \u00ab\u00a0From the Fosse to the Stars\u00a0\u00bb. 21 heures : Teatro E. Turroni : conf\u00e9rence de Francesco Moser sur les m\u00e9t\u00e9orites ; ensuite, c\u00e9r\u00e9monie de remise des prix pour les travaux des enfants participant au projet \u00ab\u00a0Stones from the Cosmos\u00a0\u00bb. <\/p>&#13;\n<p><br\/>D<strong>IMANCHE 1 D\u00c9CEMBRE<\/strong> 9 heures : D\u00e9part Fossa Trek organis\u00e9 par Caveja Trek &#8211; Randonn\u00e9e en boucle, Longueur 14 km. Dur\u00e9e 4h 30m (hors arr\u00eats) D\u00e9nivel\u00e9 +500m. Frais de guide \u20ac 15,00 &#8211; D\u00e9jeuner gratuit \u00e0 la Foire &#8211; R\u00e9servation obligatoire !<br\/><br\/><br\/><br\/>328 5410633 9h00 &#8211; 20h00 : March\u00e9 d&rsquo;excellents produits typiques et fromage Formaggio di Fossa di Sogliano DOP. 9h00 &#8211; 20h00 : Via Piave : Salle de jeux analogiques organis\u00e9e par le Laboratorio Marcone 9h00 &#8211; 20h00 : Via XX Settembre : Ateliers gratuits avec des artisans. 9h00 &#8211; 18h00 : Teatro E.<br\/><br\/>Turroni : \u00ab\u00a0Ricordi di un anno insieme\u00a0\u00bb &#8211; Exposition organis\u00e9e par l&rsquo;Ass. Fotografica Soglianese 9h00 &#8211; 19h00 : Piazza Mazzini : Temporary Shop \u00ab\u00a0Artigianato &amp; Souvenirs\u00a0\u00bb artisanat, arts et produits locaux. 9h00 &#8211; 19h00 : Piazza Garibaldi, Oratorio S.<br\/>Francesco di Paola : \u00ab\u00a0In cammino verso Sogliano\u00a0\u00bb &#8211; cr\u00e8che de Gei Gianluca et Annalisa. 9h00 &#8211; 12h30 et 14h30 &#8211; 19h00 : Piazza Matteotti Ex Scuola Pascoli, premier \u00e9tage : Exposition de m\u00e9t\u00e9orites \u00ab\u00a0Pietre dal Cosmo\u00a0\u00bb, avec le plus grand collectionneur italien Francesco Moser. Exposition astronomique et astronautique \u00ab\u00a0De la fosse aux \u00e9toiles\u00a0\u00bb.     <br\/>9 h 30 et 15 h : Visites guid\u00e9es gratuites \u00ab\u00a0La po\u00e9sie des lieux\u00a0\u00bb &#8211; R\u00e9servations obligatoires.<br\/>10 h &#8211; 12 h et 14 h &#8211; 17 h : musique itin\u00e9rante avec le Sarsina Band.<br\/>11 h &#8211; 18 h : \u00c9 Z\u00eer dal F\u00f2si : d\u00e9gustation de fromages de la Fossa et de vins de Romagne dans les six fosses du centre historique.<br\/>11 h &#8211; 15 h 30 : Piazza Matteotti : d\u00e9jeuner-restaurant dans les locaux de Pro Loco.<br\/>11h00 &#8211; 22h00 : Piazza Matteotti : \u00a0\u00bb 5 Ristoranti in Piazza \u00a0\u00bb : cinq restaurants de Sogliano proposent des menus \u00e0 base de fromage Formaggio di Fossa et autres, dans un espace couvert et chauff\u00e9.<br\/>18 heures : Th\u00e9\u00e2tre E. Turroni : \u00ab\u00a0Chairs\u00a0\u00bb Combien de choses un acteur peut-il devenir sur une chaise ? &#8211; Th\u00e9\u00e2tre d&rsquo;improvisation par Theatro APS.<\/p>&#13;\n<p><br\/><br\/>M<strong>US\u00c9ES PERMANENTS :<\/strong> 9h30-12h30 et 14h30-18h30 &#8211; Entr\u00e9e libre &#8211; Museo del Disco d&rsquo;Epoca &#8211; Palazzo della Cultura, entr\u00e9e par Piazzetta Garibaldi,19.<br\/>&#8211; Museo di Arte Povera &#8211; Palazzo della Cultura, entr\u00e9e par la Piazzetta Garibaldi,19.<br\/>&#8211; Mus\u00e9e Christa Line &#8211; Palazzo della Cultura, entr\u00e9e par Via XX Settembre,56.<br\/>&#8211; Museo Leonardo da Vinci e la Romagna &#8211; Palazzo della Cultura, entr\u00e9e par la Via XX Settembre,56.<br\/>&#8211; MUSO &#8211; Museo del Sottosuolo &#8211; Piazza Garibaldi,14.<br\/>&#8211; Mus\u00e9e de la mine &#8211; Piazza della Repubblica,26.<br\/>&#8211; Mus\u00e9e du fromage de Fossa &#8211; Via Le Greppe,14.<\/p>&#13;\n<p><br\/><br\/><br\/><br\/>E<strong>XPOSITIONS ET AFFICHAGES TEMPORAIRES :<\/strong> 9h30-12h30 et 14h30-18h30 &#8211; Entr\u00e9e libre Exposition ornithologique du mineur au Mus\u00e9e de la mine &#8211; Piazza della Repubblica, 26. Exposition \u00ab\u00a0Si Stampa\u00a0\u00bb des travaux du cours de taille-douce organis\u00e9 par l&rsquo;Ass. Tavolozza di Iride, Via Piave, 12. Exposition du peintre Franco Carghini &#8211; Via XX Settembre, 20. <\/p>&#13;\n<p><br\/>R<strong>ESERVATION DES VISITES GUIDEES GRATUITES :<\/strong> Dur\u00e9e 1 heure environ. D\u00e9parts de l&rsquo;Office de Tourisme comme indiqu\u00e9 dans le programme ; places limit\u00e9es, r\u00e9servation obligatoire au 0541 817340 aux horaires suivants : lun\/mer\/jeu\/ven 9h-13h sam 9h30-12h30.  <\/p>&#13;\n<p><br\/><br\/><br\/>Organis\u00e9 par Proloco Sogliano al Rubicone sous le patronage de la municipalit\u00e9 de Sogliano al Rubicone Information du public : ufficioturistico@comune.sogliano.fc.it 0541-817340 (lundi, mercredi, jeudi et vendredi de 09:00 \u00e0 13:00 &#8211; samedi de 09:30 \u00e0 12:30)<\/p>&#13;\n<h2 style=\"text-align: center;\"><a href=\"https:\/\/www.visitsoglianoalrubicone.it\/wp-content\/uploads\/2024\/11\/Opuscolo_FFF_2024-compresso.pdf\" target=\"_blank\" rel=\"noopener\"><strong>  &gt;&gt;&gt;  CLIQUEZ ICI POUR T\u00c9L\u00c9CHARGER LE PROGRAMME COMPLET ET LES \u00c9V\u00c9NEMENTS PARALL\u00c8LES  &lt;&lt;<\/strong><\/a><\/h2>&#13;\n<p>[\/vc_column_text][vc_empty_space height=\u00a0\u00bb20px\u00a0\u00bb][vc_single_image image=\u00a0\u00bb23072&Prime; img_size=\u00a0\u00bbfull\u00a0\u00bb alignment=\u00a0\u00bbcenter\u00a0\u00bb onclick=\u00a0\u00bblink_image\u00a0\u00bb][vc_empty_space height=\u00a0\u00bb20px\u00a0\u00bb][vc_single_image image=\u00a0\u00bb23071&Prime; img_size=\u00a0\u00bbfull\u00a0\u00bb alignment=\u00a0\u00bbcenter\u00a0\u00bb onclick=\u00a0\u00bblink_image\u00a0\u00bb][vc_video link=\u00a0\u00bbhttps:\/\/youtu.be\/UlExMhSlEtw\u00a0\u00bb][vc_text_separator title=\u00a0\u00bbEn savoir plus\u00a0\u00bb title_align=\u00a0\u00bbseparator_align_left\u00a0\u00bb align=\u00a0\u00bbalign_left\u00a0\u00bb color=\u00a0\u00bbcustom\u00a0\u00bb accent_color=\u00a0\u00bb#fc7f0c\u00a0\u00bb][vc_empty_space height=\u00a0\u00bb20px\u00a0\u00bb][vc_column_text]<\/p>&#13;\n<div class=\"pt-cv-wrapper\"><div class=\"pt-cv-view pt-cv-grid pt-cv-colsys\" id=\"pt-cv-view-8add580t59\"><div data-id=\"pt-cv-page-1\" class=\"pt-cv-page\" data-cvc=\"2\"><div class=\"col-md-6 col-sm-6 col-xs-12 pt-cv-content-item pt-cv-1-col\" ><div class='pt-cv-ifield'><a href=\"https:\/\/www.visitsoglianoalrubicone.it\/fr\/gout\/gastronomie-et-produits-typiques\/fromage-fossa-de-sogliano-aop\/les-fosses\/\" class=\"_self pt-cv-href-thumbnail pt-cv-thumb-default\" target=\"_self\" ><img width=\"1024\" height=\"768\" src=\"https:\/\/www.visitsoglianoalrubicone.it\/wp-content\/uploads\/2021\/07\/Visit-Sogliano-Gusta-Prodotti-Tipici-Formaggio-di-Fossa-Infossatori-Banner-Resized.jpg\" class=\"pt-cv-thumbnail\" alt=\"\" loading=\"lazy\" srcset=\"https:\/\/www.visitsoglianoalrubicone.it\/wp-content\/uploads\/2021\/07\/Visit-Sogliano-Gusta-Prodotti-Tipici-Formaggio-di-Fossa-Infossatori-Banner-Resized.jpg 1024w, https:\/\/www.visitsoglianoalrubicone.it\/wp-content\/uploads\/2021\/07\/Visit-Sogliano-Gusta-Prodotti-Tipici-Formaggio-di-Fossa-Infossatori-Banner-Resized-300x225.jpg 300w, https:\/\/www.visitsoglianoalrubicone.it\/wp-content\/uploads\/2021\/07\/Visit-Sogliano-Gusta-Prodotti-Tipici-Formaggio-di-Fossa-Infossatori-Banner-Resized-768x576.jpg 768w\" sizes=\"(max-width: 1024px) 100vw, 1024px\" \/><\/a>\n<h6 class=\"pt-cv-title\"><a href=\"https:\/\/www.visitsoglianoalrubicone.it\/fr\/gout\/gastronomie-et-produits-typiques\/fromage-fossa-de-sogliano-aop\/les-fosses\/\" class=\"_self\" target=\"_self\" >Les fosses<\/a><\/h6><\/div><\/div>\n<div class=\"col-md-6 col-sm-6 col-xs-12 pt-cv-content-item pt-cv-1-col\" ><div class='pt-cv-ifield'><a href=\"https:\/\/www.visitsoglianoalrubicone.it\/fr\/gout\/gastronomie-et-produits-typiques\/fromage-fossa-de-sogliano-aop\/\" class=\"_self pt-cv-href-thumbnail pt-cv-thumb-default\" target=\"_self\" ><img width=\"1024\" height=\"768\" src=\"https:\/\/www.visitsoglianoalrubicone.it\/wp-content\/uploads\/2021\/07\/visit-sogliano-al-rubicone-gusta-fiere-sagre-e-mercati-fiera-del-formaggio-di-fossa-di-sogliano-dop-banner-2.jpg\" class=\"pt-cv-thumbnail\" alt=\"\" loading=\"lazy\" srcset=\"https:\/\/www.visitsoglianoalrubicone.it\/wp-content\/uploads\/2021\/07\/visit-sogliano-al-rubicone-gusta-fiere-sagre-e-mercati-fiera-del-formaggio-di-fossa-di-sogliano-dop-banner-2.jpg 1024w, https:\/\/www.visitsoglianoalrubicone.it\/wp-content\/uploads\/2021\/07\/visit-sogliano-al-rubicone-gusta-fiere-sagre-e-mercati-fiera-del-formaggio-di-fossa-di-sogliano-dop-banner-2-300x225.jpg 300w, https:\/\/www.visitsoglianoalrubicone.it\/wp-content\/uploads\/2021\/07\/visit-sogliano-al-rubicone-gusta-fiere-sagre-e-mercati-fiera-del-formaggio-di-fossa-di-sogliano-dop-banner-2-768x576.jpg 768w\" sizes=\"(max-width: 1024px) 100vw, 1024px\" \/><\/a>\n<h6 class=\"pt-cv-title\"><a href=\"https:\/\/www.visitsoglianoalrubicone.it\/fr\/gout\/gastronomie-et-produits-typiques\/fromage-fossa-de-sogliano-aop\/\" class=\"_self\" target=\"_self\" >Fromage Fossa de Sogliano AOP<\/a><\/h6><\/div><\/div><\/div><\/div><\/div>&#13;\n<p>[\/vc_column_text][vc_empty_space height=\u00a0\u00bb20px\u00a0\u00bb][vc_text_separator title=\u00a0\u00bbGalerie de photos\u00a0\u00bb title_align=\u00a0\u00bbseparator_align_left\u00a0\u00bb align=\u00a0\u00bbalign_left\u00a0\u00bb color=\u00a0\u00bbcustom\u00a0\u00bb accent_color=\u00a0\u00bb#fc7f0c\u00a0\u00bb][vc_empty_space height=\u00a0\u00bb20px\u00a0\u00bb][vc_column_text]<\/p>&#13;\n<style>#jtg-1615 .modula-item .jtg-social a, .lightbox-socials.jtg-social a{ color: #ffffff }#jtg-1615 .modula-item .jtg-social svg, .lightbox-socials.jtg-social svg { height: 16px; width: 16px }#jtg-1615 .modula-item .jtg-social a:not(:last-child), .lightbox-socials.jtg-social a:not(:last-child) { margin-right: 10px }#jtg-1615 .modula-item .figc {color:#ffffff;}#jtg-1615 .modula-item .modula-item-content { transform: scale(1) }#jtg-1615 { width:100%;}#jtg-1615 .modula-items .figc p.description { font-size:14px; }#jtg-1615 .modula-items .figc p.description { color:#ffffff;}#jtg-1615.modula-gallery .modula-item > a, #jtg-1615.modula-gallery .modula-item, #jtg-1615.modula-gallery .modula-item-content > a { cursor:zoom-in; } @media screen and (max-width:480px){#jtg-1615 .modula-item .figc .jtg-title {  font-size: 12px; }#jtg-1615 .modula-items .figc p.description { color:#ffffff;font-size:10px; }}<\/style>\n<!-- Gallery Container -->\n<div  id=\"jtg-1615\" class=\"modula modula-gallery modula-columns\" data-config=\"{&quot;enableTwitter&quot;:false,&quot;enableWhatsapp&quot;:false,&quot;enableFacebook&quot;:false,&quot;enablePinterest&quot;:false,&quot;enableLinkedin&quot;:false,&quot;enableEmail&quot;:false,&quot;randomFactor&quot;:0.5,&quot;type&quot;:&quot;grid&quot;,&quot;columns&quot;:12,&quot;gutter&quot;:10,&quot;mobileGutter&quot;:10,&quot;tabletGutter&quot;:10,&quot;desktopGutter&quot;:10,&quot;enableResponsive&quot;:&quot;0&quot;,&quot;tabletColumns&quot;:&quot;2&quot;,&quot;mobileColumns&quot;:&quot;1&quot;,&quot;lazyLoad&quot;:&quot;0&quot;,&quot;lightboxOpts&quot;:{&quot;loop&quot;:false,&quot;arrows&quot;:true,&quot;toolbar&quot;:true,&quot;keyboard&quot;:false,&quot;wheel&quot;:false,&quot;buttons&quot;:[&quot;close&quot;],&quot;hash&quot;:false,&quot;lang&quot;:&quot;en&quot;,&quot;touch&quot;:false,&quot;protect&quot;:false,&quot;i18n&quot;:{&quot;en&quot;:{&quot;CLOSE&quot;:&quot;Close&quot;,&quot;NEXT&quot;:&quot;Next&quot;,&quot;PREV&quot;:&quot;Previous&quot;,&quot;Error&quot;:&quot;The requested content cannot be loaded. Please try again later.&quot;,&quot;PLAY_START&quot;:&quot;Start slideshow&quot;,&quot;PLAY_STOP&quot;:&quot;Pause slideshow&quot;,&quot;FULL_SCREEN&quot;:&quot;Full screen&quot;,&quot;THUMBS&quot;:&quot;Thumbnails&quot;,&quot;DOWNLOAD&quot;:&quot;Download&quot;,&quot;SHARE&quot;:&quot;Share&quot;,&quot;ZOOM&quot;:&quot;Zoom&quot;}},&quot;clickSlide&quot;:false,&quot;clickOutside&quot;:false,&quot;dblclickContent&quot;:false,&quot;dblclickSlide&quot;:false,&quot;dblclickOutside&quot;:false,&quot;clickContent&quot;:false,&quot;baseTpl&quot;:&quot;&lt;div class=\\&quot;modula-fancybox-container modula-lightbox-jtg-1615\\&quot; role=\\&quot;dialog\\&quot; tabindex=\\&quot;-1\\&quot;&gt;&lt;div class=\\&quot;modula-fancybox-bg\\&quot;&gt;&lt;\\\/div&gt;&lt;div class=\\&quot;modula-fancybox-inner\\&quot;&gt;&lt;div class=\\&quot;modula-fancybox-infobar\\&quot;&gt;&lt;span data-fancybox-index&gt;&lt;\\\/span&gt;&nbsp;\\\/&nbsp;&lt;span data-fancybox-count&gt;&lt;\\\/span&gt;&lt;\\\/div&gt;&lt;div class=\\&quot;modula-fancybox-toolbar\\&quot;&gt;{{buttons}}&lt;\\\/div&gt;&lt;div class=\\&quot;modula-fancybox-navigation\\&quot;&gt;{{arrows}}&lt;\\\/div&gt;&lt;div class=\\&quot;modula-fancybox-stage\\&quot;&gt;&lt;\\\/div&gt;&lt;div class=\\&quot;modula-fancybox-caption\\&quot;&gt;&lt;div class=\\&quot;modula-fancybox-caption__body\\&quot;&gt;&lt;\\\/div&gt;&lt;\\\/div&gt;&lt;\\\/div&gt;&lt;\\\/div&gt;&quot;},&quot;inView&quot;:false,&quot;email_subject&quot;:&quot;Check out this awesome image !!&quot;,&quot;email_message&quot;:&quot;Here is the link to the image : %%image_link%% and this is the link to the gallery : %%gallery_link%%&quot;,&quot;grid_type&quot;:&quot;automatic&quot;,&quot;rowHeight&quot;:150,&quot;lastRow&quot;:&quot;justify&quot;,&quot;lightbox&quot;:&quot;fancybox&quot;}\">\n\n\t\n\t<!-- Items Container -->\n\t<div  class=\"modula-items grid-gallery\">\n\t\t<div class=\"modula-item effect-pufrobo\" >\n\t<div class=\"modula-item-overlay\"><\/div>\n\n\t<div class=\"modula-item-content\">\n\n\t\t\t\t\n\t\t\t\t\t<a data-image-id=\"29615\" href=\"https:\/\/www.visitsoglianoalrubicone.it\/wp-content\/uploads\/2025\/07\/Pro-Loco-Sogliano-E-Zir-dal-Fosi_GAL2127-scaled.jpg\" rel=\"jtg-1615\" data-caption=\"Sogliano (FC); 17\/11\/2024: Pro Loco Sogliano, sagra E Zir dal F\u00f2si.\r\r\u00a9Riccardo Gallini \/GRPhoto\" class=\"tile-inner modula-item-link\"><\/a>\n\t\t\n\t\t<img class=\"pic\"  data-valign=\"middle\" data-halign=\"center\" alt=\"\" data-full=\"https:\/\/www.visitsoglianoalrubicone.it\/wp-content\/uploads\/2025\/07\/Pro-Loco-Sogliano-E-Zir-dal-Fosi_GAL2127.jpg\" title=\"Pro Loco Sogliano E Zir dal F\u00f2si_GAL2127\" width=\"1024\" height=\"644\" src=\"https:\/\/www.visitsoglianoalrubicone.it\/wp-content\/uploads\/2025\/07\/Pro-Loco-Sogliano-E-Zir-dal-Fosi_GAL2127-1024x644.jpg\" data-src=\"https:\/\/www.visitsoglianoalrubicone.it\/wp-content\/uploads\/2025\/07\/Pro-Loco-Sogliano-E-Zir-dal-Fosi_GAL2127-1024x644.jpg\" data-caption=\"Sogliano (FC); 17\/11\/2024: Pro Loco Sogliano, sagra E Zir dal F\u00f2si.\r\r\u00a9Riccardo Gallini \/GRPhoto\"srcset=\"https:\/\/www.visitsoglianoalrubicone.it\/wp-content\/uploads\/2025\/07\/Pro-Loco-Sogliano-E-Zir-dal-Fosi_GAL2127-scaled-1024x644.jpg 1024w, https:\/\/www.visitsoglianoalrubicone.it\/wp-content\/uploads\/2025\/07\/Pro-Loco-Sogliano-E-Zir-dal-Fosi_GAL2127-300x189.jpg 300w, https:\/\/www.visitsoglianoalrubicone.it\/wp-content\/uploads\/2025\/07\/Pro-Loco-Sogliano-E-Zir-dal-Fosi_GAL2127-768x483.jpg 768w, https:\/\/www.visitsoglianoalrubicone.it\/wp-content\/uploads\/2025\/07\/Pro-Loco-Sogliano-E-Zir-dal-Fosi_GAL2127-1536x966.jpg 1536w, https:\/\/www.visitsoglianoalrubicone.it\/wp-content\/uploads\/2025\/07\/Pro-Loco-Sogliano-E-Zir-dal-Fosi_GAL2127-2048x1288.jpg 2048w\" sizes=\"(max-width: 1024px) 100vw, 1024px\"\" \/>\n\t\t<div class=\"figc\">\n\t\t\t<div class=\"figc-inner\">\n\t\t\t\t\t\t\t\t\t\t\t\t\t\t\t<\/div>\n\t\t<\/div>\n\n\t<\/div>\n\n<\/div><div class=\"modula-item effect-pufrobo\" >\n\t<div class=\"modula-item-overlay\"><\/div>\n\n\t<div class=\"modula-item-content\">\n\n\t\t\t\t\n\t\t\t\t\t<a data-image-id=\"29619\" href=\"https:\/\/www.visitsoglianoalrubicone.it\/wp-content\/uploads\/2025\/07\/Pro-Loco-Sogliano-E-Zir-dal-Fosi_GAL1879-scaled.jpg\" rel=\"jtg-1615\" data-caption=\"Sogliano (FC); 17\/11\/2024: Pro Loco Sogliano, sagra E Zir dal F\u00f2si.\r\r\u00a9Riccardo Gallini \/GRPhoto\" class=\"tile-inner modula-item-link\"><\/a>\n\t\t\n\t\t<img class=\"pic\"  data-valign=\"middle\" data-halign=\"center\" alt=\"\" data-full=\"https:\/\/www.visitsoglianoalrubicone.it\/wp-content\/uploads\/2025\/07\/Pro-Loco-Sogliano-E-Zir-dal-Fosi_GAL1879.jpg\" title=\"Pro Loco Sogliano E Zir dal F\u00f2si_GAL1879\" width=\"1024\" height=\"774\" src=\"https:\/\/www.visitsoglianoalrubicone.it\/wp-content\/uploads\/2025\/07\/Pro-Loco-Sogliano-E-Zir-dal-Fosi_GAL1879-1024x774.jpg\" data-src=\"https:\/\/www.visitsoglianoalrubicone.it\/wp-content\/uploads\/2025\/07\/Pro-Loco-Sogliano-E-Zir-dal-Fosi_GAL1879-1024x774.jpg\" data-caption=\"Sogliano (FC); 17\/11\/2024: Pro Loco Sogliano, sagra E Zir dal F\u00f2si.\r\r\u00a9Riccardo Gallini \/GRPhoto\"srcset=\"https:\/\/www.visitsoglianoalrubicone.it\/wp-content\/uploads\/2025\/07\/Pro-Loco-Sogliano-E-Zir-dal-Fosi_GAL1879-scaled-1024x774.jpg 1024w, https:\/\/www.visitsoglianoalrubicone.it\/wp-content\/uploads\/2025\/07\/Pro-Loco-Sogliano-E-Zir-dal-Fosi_GAL1879-300x227.jpg 300w, https:\/\/www.visitsoglianoalrubicone.it\/wp-content\/uploads\/2025\/07\/Pro-Loco-Sogliano-E-Zir-dal-Fosi_GAL1879-768x581.jpg 768w, https:\/\/www.visitsoglianoalrubicone.it\/wp-content\/uploads\/2025\/07\/Pro-Loco-Sogliano-E-Zir-dal-Fosi_GAL1879-1536x1161.jpg 1536w, https:\/\/www.visitsoglianoalrubicone.it\/wp-content\/uploads\/2025\/07\/Pro-Loco-Sogliano-E-Zir-dal-Fosi_GAL1879-2048x1548.jpg 2048w\" sizes=\"(max-width: 1024px) 100vw, 1024px\"\" \/>\n\t\t<div class=\"figc\">\n\t\t\t<div class=\"figc-inner\">\n\t\t\t\t\t\t\t\t\t\t\t\t\t\t\t<\/div>\n\t\t<\/div>\n\n\t<\/div>\n\n<\/div><div class=\"modula-item effect-pufrobo\" >\n\t<div class=\"modula-item-overlay\"><\/div>\n\n\t<div class=\"modula-item-content\">\n\n\t\t\t\t\n\t\t\t\t\t<a data-image-id=\"29639\" href=\"https:\/\/www.visitsoglianoalrubicone.it\/wp-content\/uploads\/2025\/07\/Pro-Loco-Sogliano-E-Zir-dal-Fosi_GAL1836-scaled.jpg\" rel=\"jtg-1615\" data-caption=\"Sogliano (FC); 17\/11\/2024: Pro Loco Sogliano, sagra E Zir dal F\u00f2si.\r\r\u00a9Riccardo Gallini \/GRPhoto\" class=\"tile-inner modula-item-link\"><\/a>\n\t\t\n\t\t<img class=\"pic\"  data-valign=\"middle\" data-halign=\"center\" alt=\"\" data-full=\"https:\/\/www.visitsoglianoalrubicone.it\/wp-content\/uploads\/2025\/07\/Pro-Loco-Sogliano-E-Zir-dal-Fosi_GAL1836.jpg\" title=\"Pro Loco Sogliano E Zir dal F\u00f2si_GAL1836\" width=\"1024\" height=\"682\" src=\"https:\/\/www.visitsoglianoalrubicone.it\/wp-content\/uploads\/2025\/07\/Pro-Loco-Sogliano-E-Zir-dal-Fosi_GAL1836-1024x682.jpg\" data-src=\"https:\/\/www.visitsoglianoalrubicone.it\/wp-content\/uploads\/2025\/07\/Pro-Loco-Sogliano-E-Zir-dal-Fosi_GAL1836-1024x682.jpg\" data-caption=\"Sogliano (FC); 17\/11\/2024: Pro Loco Sogliano, sagra E Zir dal F\u00f2si.\r\r\u00a9Riccardo Gallini \/GRPhoto\"srcset=\"https:\/\/www.visitsoglianoalrubicone.it\/wp-content\/uploads\/2025\/07\/Pro-Loco-Sogliano-E-Zir-dal-Fosi_GAL1836-scaled-1024x682.jpg 1024w, https:\/\/www.visitsoglianoalrubicone.it\/wp-content\/uploads\/2025\/07\/Pro-Loco-Sogliano-E-Zir-dal-Fosi_GAL1836-300x200.jpg 300w, https:\/\/www.visitsoglianoalrubicone.it\/wp-content\/uploads\/2025\/07\/Pro-Loco-Sogliano-E-Zir-dal-Fosi_GAL1836-768x512.jpg 768w, https:\/\/www.visitsoglianoalrubicone.it\/wp-content\/uploads\/2025\/07\/Pro-Loco-Sogliano-E-Zir-dal-Fosi_GAL1836-1536x1024.jpg 1536w, https:\/\/www.visitsoglianoalrubicone.it\/wp-content\/uploads\/2025\/07\/Pro-Loco-Sogliano-E-Zir-dal-Fosi_GAL1836-2048x1365.jpg 2048w\" sizes=\"(max-width: 1024px) 100vw, 1024px\"\" \/>\n\t\t<div class=\"figc\">\n\t\t\t<div class=\"figc-inner\">\n\t\t\t\t\t\t\t\t\t\t\t\t\t\t\t<\/div>\n\t\t<\/div>\n\n\t<\/div>\n\n<\/div><div class=\"modula-item effect-pufrobo\" >\n\t<div class=\"modula-item-overlay\"><\/div>\n\n\t<div class=\"modula-item-content\">\n\n\t\t\t\t\n\t\t\t\t\t<a data-image-id=\"29627\" href=\"https:\/\/www.visitsoglianoalrubicone.it\/wp-content\/uploads\/2025\/07\/Pro-Loco-Sogliano-E-Zir-dal-Fosi_GAL1677-scaled.jpg\" rel=\"jtg-1615\" data-caption=\"Sogliano (FC); 17\/11\/2024: Pro Loco Sogliano, sagra E Zir dal F\u00f2si.\r\r\u00a9Riccardo Gallini \/GRPhoto\" class=\"tile-inner modula-item-link\"><\/a>\n\t\t\n\t\t<img class=\"pic\"  data-valign=\"middle\" data-halign=\"center\" alt=\"\" data-full=\"https:\/\/www.visitsoglianoalrubicone.it\/wp-content\/uploads\/2025\/07\/Pro-Loco-Sogliano-E-Zir-dal-Fosi_GAL1677.jpg\" title=\"Pro Loco Sogliano E Zir dal F\u00f2si_GAL1677\" width=\"1024\" height=\"744\" src=\"https:\/\/www.visitsoglianoalrubicone.it\/wp-content\/uploads\/2025\/07\/Pro-Loco-Sogliano-E-Zir-dal-Fosi_GAL1677-1024x744.jpg\" data-src=\"https:\/\/www.visitsoglianoalrubicone.it\/wp-content\/uploads\/2025\/07\/Pro-Loco-Sogliano-E-Zir-dal-Fosi_GAL1677-1024x744.jpg\" data-caption=\"Sogliano (FC); 17\/11\/2024: Pro Loco Sogliano, sagra E Zir dal F\u00f2si.\r\r\u00a9Riccardo Gallini \/GRPhoto\"srcset=\"https:\/\/www.visitsoglianoalrubicone.it\/wp-content\/uploads\/2025\/07\/Pro-Loco-Sogliano-E-Zir-dal-Fosi_GAL1677-scaled-1024x744.jpg 1024w, https:\/\/www.visitsoglianoalrubicone.it\/wp-content\/uploads\/2025\/07\/Pro-Loco-Sogliano-E-Zir-dal-Fosi_GAL1677-300x218.jpg 300w, https:\/\/www.visitsoglianoalrubicone.it\/wp-content\/uploads\/2025\/07\/Pro-Loco-Sogliano-E-Zir-dal-Fosi_GAL1677-768x558.jpg 768w, https:\/\/www.visitsoglianoalrubicone.it\/wp-content\/uploads\/2025\/07\/Pro-Loco-Sogliano-E-Zir-dal-Fosi_GAL1677-1536x1116.jpg 1536w, https:\/\/www.visitsoglianoalrubicone.it\/wp-content\/uploads\/2025\/07\/Pro-Loco-Sogliano-E-Zir-dal-Fosi_GAL1677-2048x1488.jpg 2048w\" sizes=\"(max-width: 1024px) 100vw, 1024px\"\" \/>\n\t\t<div class=\"figc\">\n\t\t\t<div class=\"figc-inner\">\n\t\t\t\t\t\t\t\t\t\t\t\t\t\t\t<\/div>\n\t\t<\/div>\n\n\t<\/div>\n\n<\/div><div class=\"modula-item effect-pufrobo\" >\n\t<div class=\"modula-item-overlay\"><\/div>\n\n\t<div class=\"modula-item-content\">\n\n\t\t\t\t\n\t\t\t\t\t<a data-image-id=\"29631\" href=\"https:\/\/www.visitsoglianoalrubicone.it\/wp-content\/uploads\/2025\/07\/Pro-Loco-Sogliano-E-Zir-dal-Fosi_GAL1691-scaled.jpg\" rel=\"jtg-1615\" data-caption=\"Sogliano (FC); 17\/11\/2024: Pro Loco Sogliano, sagra E Zir dal F\u00f2si.\r\r\u00a9Riccardo Gallini \/GRPhoto\" class=\"tile-inner modula-item-link\"><\/a>\n\t\t\n\t\t<img class=\"pic\"  data-valign=\"middle\" data-halign=\"center\" alt=\"\" data-full=\"https:\/\/www.visitsoglianoalrubicone.it\/wp-content\/uploads\/2025\/07\/Pro-Loco-Sogliano-E-Zir-dal-Fosi_GAL1691.jpg\" title=\"Pro Loco Sogliano E Zir dal F\u00f2si_GAL1691\" width=\"1024\" height=\"739\" src=\"https:\/\/www.visitsoglianoalrubicone.it\/wp-content\/uploads\/2025\/07\/Pro-Loco-Sogliano-E-Zir-dal-Fosi_GAL1691-1024x739.jpg\" data-src=\"https:\/\/www.visitsoglianoalrubicone.it\/wp-content\/uploads\/2025\/07\/Pro-Loco-Sogliano-E-Zir-dal-Fosi_GAL1691-1024x739.jpg\" data-caption=\"Sogliano (FC); 17\/11\/2024: Pro Loco Sogliano, sagra E Zir dal F\u00f2si.\r\r\u00a9Riccardo Gallini \/GRPhoto\"srcset=\"https:\/\/www.visitsoglianoalrubicone.it\/wp-content\/uploads\/2025\/07\/Pro-Loco-Sogliano-E-Zir-dal-Fosi_GAL1691-scaled-1024x739.jpg 1024w, https:\/\/www.visitsoglianoalrubicone.it\/wp-content\/uploads\/2025\/07\/Pro-Loco-Sogliano-E-Zir-dal-Fosi_GAL1691-300x216.jpg 300w, https:\/\/www.visitsoglianoalrubicone.it\/wp-content\/uploads\/2025\/07\/Pro-Loco-Sogliano-E-Zir-dal-Fosi_GAL1691-768x554.jpg 768w, https:\/\/www.visitsoglianoalrubicone.it\/wp-content\/uploads\/2025\/07\/Pro-Loco-Sogliano-E-Zir-dal-Fosi_GAL1691-1536x1108.jpg 1536w, https:\/\/www.visitsoglianoalrubicone.it\/wp-content\/uploads\/2025\/07\/Pro-Loco-Sogliano-E-Zir-dal-Fosi_GAL1691-2048x1477.jpg 2048w\" sizes=\"(max-width: 1024px) 100vw, 1024px\"\" \/>\n\t\t<div class=\"figc\">\n\t\t\t<div class=\"figc-inner\">\n\t\t\t\t\t\t\t\t\t\t\t\t\t\t\t<\/div>\n\t\t<\/div>\n\n\t<\/div>\n\n<\/div><div class=\"modula-item effect-pufrobo\" >\n\t<div class=\"modula-item-overlay\"><\/div>\n\n\t<div class=\"modula-item-content\">\n\n\t\t\t\t\n\t\t\t\t\t<a data-image-id=\"29635\" href=\"https:\/\/www.visitsoglianoalrubicone.it\/wp-content\/uploads\/2025\/07\/Pro-Loco-Sogliano-E-Zir-dal-Fosi_RIC9596-scaled.jpg\" rel=\"jtg-1615\" data-caption=\"Sogliano (FC); 17\/11\/2024: Pro Loco Sogliano, sagra E Zir dal F\u00f2si.\r\r\u00a9Riccardo Gallini \/GRPhoto\" class=\"tile-inner modula-item-link\"><\/a>\n\t\t\n\t\t<img class=\"pic\"  data-valign=\"middle\" data-halign=\"center\" alt=\"\" data-full=\"https:\/\/www.visitsoglianoalrubicone.it\/wp-content\/uploads\/2025\/07\/Pro-Loco-Sogliano-E-Zir-dal-Fosi_RIC9596.jpg\" title=\"Pro Loco Sogliano E Zir dal F\u00f2si_RIC9596\" width=\"1024\" height=\"868\" src=\"https:\/\/www.visitsoglianoalrubicone.it\/wp-content\/uploads\/2025\/07\/Pro-Loco-Sogliano-E-Zir-dal-Fosi_RIC9596-1024x868.jpg\" data-src=\"https:\/\/www.visitsoglianoalrubicone.it\/wp-content\/uploads\/2025\/07\/Pro-Loco-Sogliano-E-Zir-dal-Fosi_RIC9596-1024x868.jpg\" data-caption=\"Sogliano (FC); 17\/11\/2024: Pro Loco Sogliano, sagra E Zir dal F\u00f2si.\r\r\u00a9Riccardo Gallini \/GRPhoto\"srcset=\"https:\/\/www.visitsoglianoalrubicone.it\/wp-content\/uploads\/2025\/07\/Pro-Loco-Sogliano-E-Zir-dal-Fosi_RIC9596-scaled-1024x868.jpg 1024w, https:\/\/www.visitsoglianoalrubicone.it\/wp-content\/uploads\/2025\/07\/Pro-Loco-Sogliano-E-Zir-dal-Fosi_RIC9596-300x254.jpg 300w, https:\/\/www.visitsoglianoalrubicone.it\/wp-content\/uploads\/2025\/07\/Pro-Loco-Sogliano-E-Zir-dal-Fosi_RIC9596-768x651.jpg 768w, https:\/\/www.visitsoglianoalrubicone.it\/wp-content\/uploads\/2025\/07\/Pro-Loco-Sogliano-E-Zir-dal-Fosi_RIC9596-1536x1302.jpg 1536w, https:\/\/www.visitsoglianoalrubicone.it\/wp-content\/uploads\/2025\/07\/Pro-Loco-Sogliano-E-Zir-dal-Fosi_RIC9596-2048x1735.jpg 2048w\" sizes=\"(max-width: 1024px) 100vw, 1024px\"\" \/>\n\t\t<div class=\"figc\">\n\t\t\t<div class=\"figc-inner\">\n\t\t\t\t\t\t\t\t\t\t\t\t\t\t\t<\/div>\n\t\t<\/div>\n\n\t<\/div>\n\n<\/div><div class=\"modula-item effect-pufrobo\" >\n\t<div class=\"modula-item-overlay\"><\/div>\n\n\t<div class=\"modula-item-content\">\n\n\t\t\t\t\n\t\t\t\t\t<a data-image-id=\"29611\" href=\"https:\/\/www.visitsoglianoalrubicone.it\/wp-content\/uploads\/2025\/07\/Pro-Loco-Sogliano-E-Zir-dal-Fosi_RIC9636-scaled.jpg\" rel=\"jtg-1615\" data-caption=\"Sogliano (FC); 17\/11\/2024: Pro Loco Sogliano, sagra E Zir dal F\u00f2si.\r\r\u00a9Riccardo Gallini \/GRPhoto\" class=\"tile-inner modula-item-link\"><\/a>\n\t\t\n\t\t<img class=\"pic\"  data-valign=\"middle\" data-halign=\"center\" alt=\"\" data-full=\"https:\/\/www.visitsoglianoalrubicone.it\/wp-content\/uploads\/2025\/07\/Pro-Loco-Sogliano-E-Zir-dal-Fosi_RIC9636.jpg\" title=\"Pro Loco Sogliano E Zir dal F\u00f2si_RIC9636\" width=\"1024\" height=\"738\" src=\"https:\/\/www.visitsoglianoalrubicone.it\/wp-content\/uploads\/2025\/07\/Pro-Loco-Sogliano-E-Zir-dal-Fosi_RIC9636-1024x738.jpg\" data-src=\"https:\/\/www.visitsoglianoalrubicone.it\/wp-content\/uploads\/2025\/07\/Pro-Loco-Sogliano-E-Zir-dal-Fosi_RIC9636-1024x738.jpg\" data-caption=\"Sogliano (FC); 17\/11\/2024: Pro Loco Sogliano, sagra E Zir dal F\u00f2si.\r\r\u00a9Riccardo Gallini \/GRPhoto\"srcset=\"https:\/\/www.visitsoglianoalrubicone.it\/wp-content\/uploads\/2025\/07\/Pro-Loco-Sogliano-E-Zir-dal-Fosi_RIC9636-scaled-1024x738.jpg 1024w, https:\/\/www.visitsoglianoalrubicone.it\/wp-content\/uploads\/2025\/07\/Pro-Loco-Sogliano-E-Zir-dal-Fosi_RIC9636-300x216.jpg 300w, https:\/\/www.visitsoglianoalrubicone.it\/wp-content\/uploads\/2025\/07\/Pro-Loco-Sogliano-E-Zir-dal-Fosi_RIC9636-768x553.jpg 768w, https:\/\/www.visitsoglianoalrubicone.it\/wp-content\/uploads\/2025\/07\/Pro-Loco-Sogliano-E-Zir-dal-Fosi_RIC9636-1536x1106.jpg 1536w, https:\/\/www.visitsoglianoalrubicone.it\/wp-content\/uploads\/2025\/07\/Pro-Loco-Sogliano-E-Zir-dal-Fosi_RIC9636-2048x1475.jpg 2048w\" sizes=\"(max-width: 1024px) 100vw, 1024px\"\" \/>\n\t\t<div class=\"figc\">\n\t\t\t<div class=\"figc-inner\">\n\t\t\t\t\t\t\t\t\t\t\t\t\t\t\t<\/div>\n\t\t<\/div>\n\n\t<\/div>\n\n<\/div><div class=\"modula-item effect-pufrobo\" >\n\t<div class=\"modula-item-overlay\"><\/div>\n\n\t<div class=\"modula-item-content\">\n\n\t\t\t\t\n\t\t\t\t\t<a data-image-id=\"29679\" href=\"https:\/\/www.visitsoglianoalrubicone.it\/wp-content\/uploads\/2025\/07\/Pro-Loco-Sogliano-E-Zir-dal-Fosi_GAL1640-scaled.jpg\" rel=\"jtg-1615\" data-caption=\"Sogliano (FC); 17\/11\/2024: Pro Loco Sogliano, sagra E Zir dal F\u00f2si.\r\r\u00a9Riccardo Gallini \/GRPhoto\" class=\"tile-inner modula-item-link\"><\/a>\n\t\t\n\t\t<img class=\"pic\"  data-valign=\"middle\" data-halign=\"center\" alt=\"\" data-full=\"https:\/\/www.visitsoglianoalrubicone.it\/wp-content\/uploads\/2025\/07\/Pro-Loco-Sogliano-E-Zir-dal-Fosi_GAL1640.jpg\" title=\"Pro Loco Sogliano E Zir dal F\u00f2si_GAL1640\" width=\"1024\" height=\"728\" src=\"https:\/\/www.visitsoglianoalrubicone.it\/wp-content\/uploads\/2025\/07\/Pro-Loco-Sogliano-E-Zir-dal-Fosi_GAL1640-1024x728.jpg\" data-src=\"https:\/\/www.visitsoglianoalrubicone.it\/wp-content\/uploads\/2025\/07\/Pro-Loco-Sogliano-E-Zir-dal-Fosi_GAL1640-1024x728.jpg\" data-caption=\"Sogliano (FC); 17\/11\/2024: Pro Loco Sogliano, sagra E Zir dal F\u00f2si.\r\r\u00a9Riccardo Gallini \/GRPhoto\"srcset=\"https:\/\/www.visitsoglianoalrubicone.it\/wp-content\/uploads\/2025\/07\/Pro-Loco-Sogliano-E-Zir-dal-Fosi_GAL1640-scaled-1024x728.jpg 1024w, https:\/\/www.visitsoglianoalrubicone.it\/wp-content\/uploads\/2025\/07\/Pro-Loco-Sogliano-E-Zir-dal-Fosi_GAL1640-300x213.jpg 300w, https:\/\/www.visitsoglianoalrubicone.it\/wp-content\/uploads\/2025\/07\/Pro-Loco-Sogliano-E-Zir-dal-Fosi_GAL1640-768x546.jpg 768w, https:\/\/www.visitsoglianoalrubicone.it\/wp-content\/uploads\/2025\/07\/Pro-Loco-Sogliano-E-Zir-dal-Fosi_GAL1640-1536x1092.jpg 1536w, https:\/\/www.visitsoglianoalrubicone.it\/wp-content\/uploads\/2025\/07\/Pro-Loco-Sogliano-E-Zir-dal-Fosi_GAL1640-2048x1457.jpg 2048w, https:\/\/www.visitsoglianoalrubicone.it\/wp-content\/uploads\/2025\/07\/Pro-Loco-Sogliano-E-Zir-dal-Fosi_GAL1640-350x250.jpg 350w\" sizes=\"(max-width: 1024px) 100vw, 1024px\"\" \/>\n\t\t<div class=\"figc\">\n\t\t\t<div class=\"figc-inner\">\n\t\t\t\t\t\t\t\t\t\t\t\t\t\t\t<\/div>\n\t\t<\/div>\n\n\t<\/div>\n\n<\/div><div class=\"modula-item effect-pufrobo\" >\n\t<div class=\"modula-item-overlay\"><\/div>\n\n\t<div class=\"modula-item-content\">\n\n\t\t\t\t\n\t\t\t\t\t<a data-image-id=\"29675\" href=\"https:\/\/www.visitsoglianoalrubicone.it\/wp-content\/uploads\/2025\/07\/Pro-Loco-Sogliano-E-Zir-dal-Fosi_GAL1584-scaled.jpg\" rel=\"jtg-1615\" data-caption=\"Sogliano (FC); 17\/11\/2024: Pro Loco Sogliano, sagra E Zir dal F\u00f2si.\r\r\u00a9Riccardo Gallini \/GRPhoto\" class=\"tile-inner modula-item-link\"><\/a>\n\t\t\n\t\t<img class=\"pic\"  data-valign=\"middle\" data-halign=\"center\" alt=\"\" data-full=\"https:\/\/www.visitsoglianoalrubicone.it\/wp-content\/uploads\/2025\/07\/Pro-Loco-Sogliano-E-Zir-dal-Fosi_GAL1584.jpg\" title=\"Pro Loco Sogliano E Zir dal F\u00f2si_GAL1584\" width=\"1024\" height=\"775\" src=\"https:\/\/www.visitsoglianoalrubicone.it\/wp-content\/uploads\/2025\/07\/Pro-Loco-Sogliano-E-Zir-dal-Fosi_GAL1584-1024x775.jpg\" data-src=\"https:\/\/www.visitsoglianoalrubicone.it\/wp-content\/uploads\/2025\/07\/Pro-Loco-Sogliano-E-Zir-dal-Fosi_GAL1584-1024x775.jpg\" data-caption=\"Sogliano (FC); 17\/11\/2024: Pro Loco Sogliano, sagra E Zir dal F\u00f2si.\r\r\u00a9Riccardo Gallini \/GRPhoto\"srcset=\"https:\/\/www.visitsoglianoalrubicone.it\/wp-content\/uploads\/2025\/07\/Pro-Loco-Sogliano-E-Zir-dal-Fosi_GAL1584-scaled-1024x775.jpg 1024w, https:\/\/www.visitsoglianoalrubicone.it\/wp-content\/uploads\/2025\/07\/Pro-Loco-Sogliano-E-Zir-dal-Fosi_GAL1584-300x227.jpg 300w, https:\/\/www.visitsoglianoalrubicone.it\/wp-content\/uploads\/2025\/07\/Pro-Loco-Sogliano-E-Zir-dal-Fosi_GAL1584-768x581.jpg 768w, https:\/\/www.visitsoglianoalrubicone.it\/wp-content\/uploads\/2025\/07\/Pro-Loco-Sogliano-E-Zir-dal-Fosi_GAL1584-1536x1162.jpg 1536w, https:\/\/www.visitsoglianoalrubicone.it\/wp-content\/uploads\/2025\/07\/Pro-Loco-Sogliano-E-Zir-dal-Fosi_GAL1584-2048x1550.jpg 2048w\" sizes=\"(max-width: 1024px) 100vw, 1024px\"\" \/>\n\t\t<div class=\"figc\">\n\t\t\t<div class=\"figc-inner\">\n\t\t\t\t\t\t\t\t\t\t\t\t\t\t\t<\/div>\n\t\t<\/div>\n\n\t<\/div>\n\n<\/div><div class=\"modula-item effect-pufrobo\" >\n\t<div class=\"modula-item-overlay\"><\/div>\n\n\t<div class=\"modula-item-content\">\n\n\t\t\t\t\n\t\t\t\t\t<a data-image-id=\"29643\" href=\"https:\/\/www.visitsoglianoalrubicone.it\/wp-content\/uploads\/2025\/07\/Pro-Loco-Sogliano-E-Zir-dal-Fosi_RIC9635-scaled.jpg\" rel=\"jtg-1615\" data-caption=\"Sogliano (FC); 17\/11\/2024: Pro Loco Sogliano, sagra E Zir dal F\u00f2si.\r\r\u00a9Riccardo Gallini \/GRPhoto\" class=\"tile-inner modula-item-link\"><\/a>\n\t\t\n\t\t<img class=\"pic\"  data-valign=\"middle\" data-halign=\"center\" alt=\"\" data-full=\"https:\/\/www.visitsoglianoalrubicone.it\/wp-content\/uploads\/2025\/07\/Pro-Loco-Sogliano-E-Zir-dal-Fosi_RIC9635.jpg\" title=\"Pro Loco Sogliano E Zir dal F\u00f2si_RIC9635\" width=\"1024\" height=\"745\" src=\"https:\/\/www.visitsoglianoalrubicone.it\/wp-content\/uploads\/2025\/07\/Pro-Loco-Sogliano-E-Zir-dal-Fosi_RIC9635-1024x745.jpg\" data-src=\"https:\/\/www.visitsoglianoalrubicone.it\/wp-content\/uploads\/2025\/07\/Pro-Loco-Sogliano-E-Zir-dal-Fosi_RIC9635-1024x745.jpg\" data-caption=\"Sogliano (FC); 17\/11\/2024: Pro Loco Sogliano, sagra E Zir dal F\u00f2si.\r\r\u00a9Riccardo Gallini \/GRPhoto\"srcset=\"https:\/\/www.visitsoglianoalrubicone.it\/wp-content\/uploads\/2025\/07\/Pro-Loco-Sogliano-E-Zir-dal-Fosi_RIC9635-scaled-1024x745.jpg 1024w, https:\/\/www.visitsoglianoalrubicone.it\/wp-content\/uploads\/2025\/07\/Pro-Loco-Sogliano-E-Zir-dal-Fosi_RIC9635-300x218.jpg 300w, https:\/\/www.visitsoglianoalrubicone.it\/wp-content\/uploads\/2025\/07\/Pro-Loco-Sogliano-E-Zir-dal-Fosi_RIC9635-768x559.jpg 768w, https:\/\/www.visitsoglianoalrubicone.it\/wp-content\/uploads\/2025\/07\/Pro-Loco-Sogliano-E-Zir-dal-Fosi_RIC9635-1536x1117.jpg 1536w, https:\/\/www.visitsoglianoalrubicone.it\/wp-content\/uploads\/2025\/07\/Pro-Loco-Sogliano-E-Zir-dal-Fosi_RIC9635-2048x1490.jpg 2048w\" sizes=\"(max-width: 1024px) 100vw, 1024px\"\" \/>\n\t\t<div class=\"figc\">\n\t\t\t<div class=\"figc-inner\">\n\t\t\t\t\t\t\t\t\t\t\t\t\t\t\t<\/div>\n\t\t<\/div>\n\n\t<\/div>\n\n<\/div><div class=\"modula-item effect-pufrobo\" >\n\t<div class=\"modula-item-overlay\"><\/div>\n\n\t<div class=\"modula-item-content\">\n\n\t\t\t\t\n\t\t\t\t\t<a data-image-id=\"29647\" href=\"https:\/\/www.visitsoglianoalrubicone.it\/wp-content\/uploads\/2025\/07\/Pro-Loco-Sogliano-E-Zir-dal-Fosi_GAL1972-scaled.jpg\" rel=\"jtg-1615\" data-caption=\"Sogliano (FC); 17\/11\/2024: Pro Loco Sogliano, sagra E Zir dal F\u00f2si.\r\r\u00a9Riccardo Gallini \/GRPhoto\" class=\"tile-inner modula-item-link\"><\/a>\n\t\t\n\t\t<img class=\"pic\"  data-valign=\"middle\" data-halign=\"center\" alt=\"\" data-full=\"https:\/\/www.visitsoglianoalrubicone.it\/wp-content\/uploads\/2025\/07\/Pro-Loco-Sogliano-E-Zir-dal-Fosi_GAL1972.jpg\" title=\"Pro Loco Sogliano E Zir dal F\u00f2si_GAL1972\" width=\"1024\" height=\"774\" src=\"https:\/\/www.visitsoglianoalrubicone.it\/wp-content\/uploads\/2025\/07\/Pro-Loco-Sogliano-E-Zir-dal-Fosi_GAL1972-1024x774.jpg\" data-src=\"https:\/\/www.visitsoglianoalrubicone.it\/wp-content\/uploads\/2025\/07\/Pro-Loco-Sogliano-E-Zir-dal-Fosi_GAL1972-1024x774.jpg\" data-caption=\"Sogliano (FC); 17\/11\/2024: Pro Loco Sogliano, sagra E Zir dal F\u00f2si.\r\r\u00a9Riccardo Gallini \/GRPhoto\"srcset=\"https:\/\/www.visitsoglianoalrubicone.it\/wp-content\/uploads\/2025\/07\/Pro-Loco-Sogliano-E-Zir-dal-Fosi_GAL1972-scaled-1024x774.jpg 1024w, https:\/\/www.visitsoglianoalrubicone.it\/wp-content\/uploads\/2025\/07\/Pro-Loco-Sogliano-E-Zir-dal-Fosi_GAL1972-300x227.jpg 300w, https:\/\/www.visitsoglianoalrubicone.it\/wp-content\/uploads\/2025\/07\/Pro-Loco-Sogliano-E-Zir-dal-Fosi_GAL1972-768x581.jpg 768w, https:\/\/www.visitsoglianoalrubicone.it\/wp-content\/uploads\/2025\/07\/Pro-Loco-Sogliano-E-Zir-dal-Fosi_GAL1972-1536x1161.jpg 1536w, https:\/\/www.visitsoglianoalrubicone.it\/wp-content\/uploads\/2025\/07\/Pro-Loco-Sogliano-E-Zir-dal-Fosi_GAL1972-2048x1548.jpg 2048w\" sizes=\"(max-width: 1024px) 100vw, 1024px\"\" \/>\n\t\t<div class=\"figc\">\n\t\t\t<div class=\"figc-inner\">\n\t\t\t\t\t\t\t\t\t\t\t\t\t\t\t<\/div>\n\t\t<\/div>\n\n\t<\/div>\n\n<\/div><div class=\"modula-item effect-pufrobo\" >\n\t<div class=\"modula-item-overlay\"><\/div>\n\n\t<div class=\"modula-item-content\">\n\n\t\t\t\t\n\t\t\t\t\t<a data-image-id=\"29651\" href=\"https:\/\/www.visitsoglianoalrubicone.it\/wp-content\/uploads\/2025\/07\/Pro-Loco-Sogliano-E-Zir-dal-Fosi_GAL1712-scaled.jpg\" rel=\"jtg-1615\" data-caption=\"Sogliano (FC); 17\/11\/2024: Pro Loco Sogliano, sagra E Zir dal F\u00f2si.\r\r\u00a9Riccardo Gallini \/GRPhoto\" class=\"tile-inner modula-item-link\"><\/a>\n\t\t\n\t\t<img class=\"pic\"  data-valign=\"middle\" data-halign=\"center\" alt=\"\" data-full=\"https:\/\/www.visitsoglianoalrubicone.it\/wp-content\/uploads\/2025\/07\/Pro-Loco-Sogliano-E-Zir-dal-Fosi_GAL1712.jpg\" title=\"Pro Loco Sogliano E Zir dal F\u00f2si_GAL1712\" width=\"1024\" height=\"712\" src=\"https:\/\/www.visitsoglianoalrubicone.it\/wp-content\/uploads\/2025\/07\/Pro-Loco-Sogliano-E-Zir-dal-Fosi_GAL1712-1024x712.jpg\" data-src=\"https:\/\/www.visitsoglianoalrubicone.it\/wp-content\/uploads\/2025\/07\/Pro-Loco-Sogliano-E-Zir-dal-Fosi_GAL1712-1024x712.jpg\" data-caption=\"Sogliano (FC); 17\/11\/2024: Pro Loco Sogliano, sagra E Zir dal F\u00f2si.\r\r\u00a9Riccardo Gallini \/GRPhoto\"srcset=\"https:\/\/www.visitsoglianoalrubicone.it\/wp-content\/uploads\/2025\/07\/Pro-Loco-Sogliano-E-Zir-dal-Fosi_GAL1712-scaled-1024x712.jpg 1024w, https:\/\/www.visitsoglianoalrubicone.it\/wp-content\/uploads\/2025\/07\/Pro-Loco-Sogliano-E-Zir-dal-Fosi_GAL1712-300x209.jpg 300w, https:\/\/www.visitsoglianoalrubicone.it\/wp-content\/uploads\/2025\/07\/Pro-Loco-Sogliano-E-Zir-dal-Fosi_GAL1712-768x534.jpg 768w, https:\/\/www.visitsoglianoalrubicone.it\/wp-content\/uploads\/2025\/07\/Pro-Loco-Sogliano-E-Zir-dal-Fosi_GAL1712-1536x1068.jpg 1536w, https:\/\/www.visitsoglianoalrubicone.it\/wp-content\/uploads\/2025\/07\/Pro-Loco-Sogliano-E-Zir-dal-Fosi_GAL1712-2048x1424.jpg 2048w\" sizes=\"(max-width: 1024px) 100vw, 1024px\"\" \/>\n\t\t<div class=\"figc\">\n\t\t\t<div class=\"figc-inner\">\n\t\t\t\t\t\t\t\t\t\t\t\t\t\t\t<\/div>\n\t\t<\/div>\n\n\t<\/div>\n\n<\/div><div class=\"modula-item effect-pufrobo\" >\n\t<div class=\"modula-item-overlay\"><\/div>\n\n\t<div class=\"modula-item-content\">\n\n\t\t\t\t\n\t\t\t\t\t<a data-image-id=\"29663\" href=\"https:\/\/www.visitsoglianoalrubicone.it\/wp-content\/uploads\/2025\/07\/Pro-Loco-Sogliano-E-Zir-dal-Fosi_GAL1768-scaled.jpg\" rel=\"jtg-1615\" data-caption=\"Sogliano (FC); 17\/11\/2024: Pro Loco Sogliano, sagra E Zir dal F\u00f2si.\r\r\u00a9Riccardo Gallini \/GRPhoto\" class=\"tile-inner modula-item-link\"><\/a>\n\t\t\n\t\t<img class=\"pic\"  data-valign=\"middle\" data-halign=\"center\" alt=\"\" data-full=\"https:\/\/www.visitsoglianoalrubicone.it\/wp-content\/uploads\/2025\/07\/Pro-Loco-Sogliano-E-Zir-dal-Fosi_GAL1768.jpg\" title=\"Pro Loco Sogliano E Zir dal F\u00f2si_GAL1768\" width=\"1024\" height=\"846\" src=\"https:\/\/www.visitsoglianoalrubicone.it\/wp-content\/uploads\/2025\/07\/Pro-Loco-Sogliano-E-Zir-dal-Fosi_GAL1768-1024x846.jpg\" data-src=\"https:\/\/www.visitsoglianoalrubicone.it\/wp-content\/uploads\/2025\/07\/Pro-Loco-Sogliano-E-Zir-dal-Fosi_GAL1768-1024x846.jpg\" data-caption=\"Sogliano (FC); 17\/11\/2024: Pro Loco Sogliano, sagra E Zir dal F\u00f2si.\r\r\u00a9Riccardo Gallini \/GRPhoto\"srcset=\"https:\/\/www.visitsoglianoalrubicone.it\/wp-content\/uploads\/2025\/07\/Pro-Loco-Sogliano-E-Zir-dal-Fosi_GAL1768-scaled-1024x846.jpg 1024w, https:\/\/www.visitsoglianoalrubicone.it\/wp-content\/uploads\/2025\/07\/Pro-Loco-Sogliano-E-Zir-dal-Fosi_GAL1768-300x248.jpg 300w, https:\/\/www.visitsoglianoalrubicone.it\/wp-content\/uploads\/2025\/07\/Pro-Loco-Sogliano-E-Zir-dal-Fosi_GAL1768-768x635.jpg 768w, https:\/\/www.visitsoglianoalrubicone.it\/wp-content\/uploads\/2025\/07\/Pro-Loco-Sogliano-E-Zir-dal-Fosi_GAL1768-1536x1270.jpg 1536w, https:\/\/www.visitsoglianoalrubicone.it\/wp-content\/uploads\/2025\/07\/Pro-Loco-Sogliano-E-Zir-dal-Fosi_GAL1768-2048x1693.jpg 2048w\" sizes=\"(max-width: 1024px) 100vw, 1024px\"\" \/>\n\t\t<div class=\"figc\">\n\t\t\t<div class=\"figc-inner\">\n\t\t\t\t\t\t\t\t\t\t\t\t\t\t\t<\/div>\n\t\t<\/div>\n\n\t<\/div>\n\n<\/div><div class=\"modula-item effect-pufrobo\" >\n\t<div class=\"modula-item-overlay\"><\/div>\n\n\t<div class=\"modula-item-content\">\n\n\t\t\t\t\n\t\t\t\t\t<a data-image-id=\"29623\" href=\"https:\/\/www.visitsoglianoalrubicone.it\/wp-content\/uploads\/2025\/07\/Pro-Loco-Sogliano-E-Zir-dal-Fosi_GAL1810-scaled.jpg\" rel=\"jtg-1615\" data-caption=\"Sogliano (FC); 17\/11\/2024: Pro Loco Sogliano, sagra E Zir dal F\u00f2si.\r\r\u00a9Riccardo Gallini \/GRPhoto\" class=\"tile-inner modula-item-link\"><\/a>\n\t\t\n\t\t<img class=\"pic\"  data-valign=\"middle\" data-halign=\"center\" alt=\"\" data-full=\"https:\/\/www.visitsoglianoalrubicone.it\/wp-content\/uploads\/2025\/07\/Pro-Loco-Sogliano-E-Zir-dal-Fosi_GAL1810.jpg\" title=\"Pro Loco Sogliano E Zir dal F\u00f2si_GAL1810\" width=\"1024\" height=\"809\" src=\"https:\/\/www.visitsoglianoalrubicone.it\/wp-content\/uploads\/2025\/07\/Pro-Loco-Sogliano-E-Zir-dal-Fosi_GAL1810-1024x809.jpg\" data-src=\"https:\/\/www.visitsoglianoalrubicone.it\/wp-content\/uploads\/2025\/07\/Pro-Loco-Sogliano-E-Zir-dal-Fosi_GAL1810-1024x809.jpg\" data-caption=\"Sogliano (FC); 17\/11\/2024: Pro Loco Sogliano, sagra E Zir dal F\u00f2si.\r\r\u00a9Riccardo Gallini \/GRPhoto\"srcset=\"https:\/\/www.visitsoglianoalrubicone.it\/wp-content\/uploads\/2025\/07\/Pro-Loco-Sogliano-E-Zir-dal-Fosi_GAL1810-scaled-1024x809.jpg 1024w, https:\/\/www.visitsoglianoalrubicone.it\/wp-content\/uploads\/2025\/07\/Pro-Loco-Sogliano-E-Zir-dal-Fosi_GAL1810-300x237.jpg 300w, https:\/\/www.visitsoglianoalrubicone.it\/wp-content\/uploads\/2025\/07\/Pro-Loco-Sogliano-E-Zir-dal-Fosi_GAL1810-768x607.jpg 768w, https:\/\/www.visitsoglianoalrubicone.it\/wp-content\/uploads\/2025\/07\/Pro-Loco-Sogliano-E-Zir-dal-Fosi_GAL1810-1536x1214.jpg 1536w, https:\/\/www.visitsoglianoalrubicone.it\/wp-content\/uploads\/2025\/07\/Pro-Loco-Sogliano-E-Zir-dal-Fosi_GAL1810-2048x1618.jpg 2048w\" sizes=\"(max-width: 1024px) 100vw, 1024px\"\" \/>\n\t\t<div class=\"figc\">\n\t\t\t<div class=\"figc-inner\">\n\t\t\t\t\t\t\t\t\t\t\t\t\t\t\t<\/div>\n\t\t<\/div>\n\n\t<\/div>\n\n<\/div><div class=\"modula-item effect-pufrobo\" >\n\t<div class=\"modula-item-overlay\"><\/div>\n\n\t<div class=\"modula-item-content\">\n\n\t\t\t\t\n\t\t\t\t\t<a data-image-id=\"29671\" href=\"https:\/\/www.visitsoglianoalrubicone.it\/wp-content\/uploads\/2025\/07\/Pro-Loco-Sogliano-E-Zir-dal-Fosi_RIC9644-scaled.jpg\" rel=\"jtg-1615\" data-caption=\"Sogliano (FC); 17\/11\/2024: Pro Loco Sogliano, sagra E Zir dal F\u00f2si.\r\r\u00a9Riccardo Gallini \/GRPhoto\" class=\"tile-inner modula-item-link\"><\/a>\n\t\t\n\t\t<img class=\"pic\"  data-valign=\"middle\" data-halign=\"center\" alt=\"\" data-full=\"https:\/\/www.visitsoglianoalrubicone.it\/wp-content\/uploads\/2025\/07\/Pro-Loco-Sogliano-E-Zir-dal-Fosi_RIC9644.jpg\" title=\"Pro Loco Sogliano E Zir dal F\u00f2si_RIC9644\" width=\"1024\" height=\"684\" src=\"https:\/\/www.visitsoglianoalrubicone.it\/wp-content\/uploads\/2025\/07\/Pro-Loco-Sogliano-E-Zir-dal-Fosi_RIC9644-1024x684.jpg\" data-src=\"https:\/\/www.visitsoglianoalrubicone.it\/wp-content\/uploads\/2025\/07\/Pro-Loco-Sogliano-E-Zir-dal-Fosi_RIC9644-1024x684.jpg\" data-caption=\"Sogliano (FC); 17\/11\/2024: Pro Loco Sogliano, sagra E Zir dal F\u00f2si.\r\r\u00a9Riccardo Gallini \/GRPhoto\"srcset=\"https:\/\/www.visitsoglianoalrubicone.it\/wp-content\/uploads\/2025\/07\/Pro-Loco-Sogliano-E-Zir-dal-Fosi_RIC9644-scaled-1024x684.jpg 1024w, https:\/\/www.visitsoglianoalrubicone.it\/wp-content\/uploads\/2025\/07\/Pro-Loco-Sogliano-E-Zir-dal-Fosi_RIC9644-300x200.jpg 300w, https:\/\/www.visitsoglianoalrubicone.it\/wp-content\/uploads\/2025\/07\/Pro-Loco-Sogliano-E-Zir-dal-Fosi_RIC9644-768x513.jpg 768w, https:\/\/www.visitsoglianoalrubicone.it\/wp-content\/uploads\/2025\/07\/Pro-Loco-Sogliano-E-Zir-dal-Fosi_RIC9644-1536x1025.jpg 1536w, https:\/\/www.visitsoglianoalrubicone.it\/wp-content\/uploads\/2025\/07\/Pro-Loco-Sogliano-E-Zir-dal-Fosi_RIC9644-2048x1367.jpg 2048w\" sizes=\"(max-width: 1024px) 100vw, 1024px\"\" \/>\n\t\t<div class=\"figc\">\n\t\t\t<div class=\"figc-inner\">\n\t\t\t\t\t\t\t\t\t\t\t\t\t\t\t<\/div>\n\t\t<\/div>\n\n\t<\/div>\n\n<\/div><div class=\"modula-item effect-pufrobo\" >\n\t<div class=\"modula-item-overlay\"><\/div>\n\n\t<div class=\"modula-item-content\">\n\n\t\t\t\t\n\t\t\t\t\t<a data-image-id=\"29667\" href=\"https:\/\/www.visitsoglianoalrubicone.it\/wp-content\/uploads\/2025\/07\/Pro-Loco-Sogliano-E-Zir-dal-Fosi_GAL2178-scaled.jpg\" rel=\"jtg-1615\" data-caption=\"Sogliano (FC); 17\/11\/2024: Pro Loco Sogliano, sagra E Zir dal F\u00f2si.\r\r\u00a9Riccardo Gallini \/GRPhoto\" class=\"tile-inner modula-item-link\"><\/a>\n\t\t\n\t\t<img class=\"pic\"  data-valign=\"middle\" data-halign=\"center\" alt=\"\" data-full=\"https:\/\/www.visitsoglianoalrubicone.it\/wp-content\/uploads\/2025\/07\/Pro-Loco-Sogliano-E-Zir-dal-Fosi_GAL2178.jpg\" title=\"Pro Loco Sogliano E Zir dal F\u00f2si_GAL2178\" width=\"1024\" height=\"734\" src=\"https:\/\/www.visitsoglianoalrubicone.it\/wp-content\/uploads\/2025\/07\/Pro-Loco-Sogliano-E-Zir-dal-Fosi_GAL2178-1024x734.jpg\" data-src=\"https:\/\/www.visitsoglianoalrubicone.it\/wp-content\/uploads\/2025\/07\/Pro-Loco-Sogliano-E-Zir-dal-Fosi_GAL2178-1024x734.jpg\" data-caption=\"Sogliano (FC); 17\/11\/2024: Pro Loco Sogliano, sagra E Zir dal F\u00f2si.\r\r\u00a9Riccardo Gallini \/GRPhoto\"srcset=\"https:\/\/www.visitsoglianoalrubicone.it\/wp-content\/uploads\/2025\/07\/Pro-Loco-Sogliano-E-Zir-dal-Fosi_GAL2178-scaled-1024x734.jpg 1024w, https:\/\/www.visitsoglianoalrubicone.it\/wp-content\/uploads\/2025\/07\/Pro-Loco-Sogliano-E-Zir-dal-Fosi_GAL2178-300x215.jpg 300w, https:\/\/www.visitsoglianoalrubicone.it\/wp-content\/uploads\/2025\/07\/Pro-Loco-Sogliano-E-Zir-dal-Fosi_GAL2178-768x550.jpg 768w, https:\/\/www.visitsoglianoalrubicone.it\/wp-content\/uploads\/2025\/07\/Pro-Loco-Sogliano-E-Zir-dal-Fosi_GAL2178-1536x1101.jpg 1536w, https:\/\/www.visitsoglianoalrubicone.it\/wp-content\/uploads\/2025\/07\/Pro-Loco-Sogliano-E-Zir-dal-Fosi_GAL2178-2048x1467.jpg 2048w, https:\/\/www.visitsoglianoalrubicone.it\/wp-content\/uploads\/2025\/07\/Pro-Loco-Sogliano-E-Zir-dal-Fosi_GAL2178-350x250.jpg 350w\" sizes=\"(max-width: 1024px) 100vw, 1024px\"\" \/>\n\t\t<div class=\"figc\">\n\t\t\t<div class=\"figc-inner\">\n\t\t\t\t\t\t\t\t\t\t\t\t\t\t\t<\/div>\n\t\t<\/div>\n\n\t<\/div>\n\n<\/div><div class=\"modula-item effect-pufrobo\" >\n\t<div class=\"modula-item-overlay\"><\/div>\n\n\t<div class=\"modula-item-content\">\n\n\t\t\t\t\n\t\t\t\t\t<a data-image-id=\"29655\" href=\"https:\/\/www.visitsoglianoalrubicone.it\/wp-content\/uploads\/2025\/07\/Pro-Loco-Sogliano-E-Zir-dal-Fosi_GAL2239-scaled.jpg\" rel=\"jtg-1615\" data-caption=\"Sogliano (FC); 17\/11\/2024: Pro Loco Sogliano, sagra E Zir dal F\u00f2si.\r\r\u00a9Riccardo Gallini \/GRPhoto\" class=\"tile-inner modula-item-link\"><\/a>\n\t\t\n\t\t<img class=\"pic\"  data-valign=\"middle\" data-halign=\"center\" alt=\"\" data-full=\"https:\/\/www.visitsoglianoalrubicone.it\/wp-content\/uploads\/2025\/07\/Pro-Loco-Sogliano-E-Zir-dal-Fosi_GAL2239.jpg\" title=\"Pro Loco Sogliano E Zir dal F\u00f2si_GAL2239\" width=\"1024\" height=\"689\" src=\"https:\/\/www.visitsoglianoalrubicone.it\/wp-content\/uploads\/2025\/07\/Pro-Loco-Sogliano-E-Zir-dal-Fosi_GAL2239-1024x689.jpg\" data-src=\"https:\/\/www.visitsoglianoalrubicone.it\/wp-content\/uploads\/2025\/07\/Pro-Loco-Sogliano-E-Zir-dal-Fosi_GAL2239-1024x689.jpg\" data-caption=\"Sogliano (FC); 17\/11\/2024: Pro Loco Sogliano, sagra E Zir dal F\u00f2si.\r\r\u00a9Riccardo Gallini \/GRPhoto\"srcset=\"https:\/\/www.visitsoglianoalrubicone.it\/wp-content\/uploads\/2025\/07\/Pro-Loco-Sogliano-E-Zir-dal-Fosi_GAL2239-scaled-1024x689.jpg 1024w, https:\/\/www.visitsoglianoalrubicone.it\/wp-content\/uploads\/2025\/07\/Pro-Loco-Sogliano-E-Zir-dal-Fosi_GAL2239-300x202.jpg 300w, https:\/\/www.visitsoglianoalrubicone.it\/wp-content\/uploads\/2025\/07\/Pro-Loco-Sogliano-E-Zir-dal-Fosi_GAL2239-768x517.jpg 768w, https:\/\/www.visitsoglianoalrubicone.it\/wp-content\/uploads\/2025\/07\/Pro-Loco-Sogliano-E-Zir-dal-Fosi_GAL2239-1536x1034.jpg 1536w, https:\/\/www.visitsoglianoalrubicone.it\/wp-content\/uploads\/2025\/07\/Pro-Loco-Sogliano-E-Zir-dal-Fosi_GAL2239-2048x1378.jpg 2048w\" sizes=\"(max-width: 1024px) 100vw, 1024px\"\" \/>\n\t\t<div class=\"figc\">\n\t\t\t<div class=\"figc-inner\">\n\t\t\t\t\t\t\t\t\t\t\t\t\t\t\t<\/div>\n\t\t<\/div>\n\n\t<\/div>\n\n<\/div><div class=\"modula-item effect-pufrobo\" >\n\t<div class=\"modula-item-overlay\"><\/div>\n\n\t<div class=\"modula-item-content\">\n\n\t\t\t\t\n\t\t\t\t\t<a data-image-id=\"29659\" href=\"https:\/\/www.visitsoglianoalrubicone.it\/wp-content\/uploads\/2025\/07\/Pro-Loco-Sogliano-E-Zir-dal-Fosi_GAL2232-scaled.jpg\" rel=\"jtg-1615\" data-caption=\"Sogliano (FC); 17\/11\/2024: Pro Loco Sogliano, sagra E Zir dal F\u00f2si.\r\r\u00a9Riccardo Gallini \/GRPhoto\" class=\"tile-inner modula-item-link\"><\/a>\n\t\t\n\t\t<img class=\"pic\"  data-valign=\"middle\" data-halign=\"center\" alt=\"\" data-full=\"https:\/\/www.visitsoglianoalrubicone.it\/wp-content\/uploads\/2025\/07\/Pro-Loco-Sogliano-E-Zir-dal-Fosi_GAL2232.jpg\" title=\"Pro Loco Sogliano E Zir dal F\u00f2si_GAL2232\" width=\"1024\" height=\"748\" src=\"https:\/\/www.visitsoglianoalrubicone.it\/wp-content\/uploads\/2025\/07\/Pro-Loco-Sogliano-E-Zir-dal-Fosi_GAL2232-1024x748.jpg\" data-src=\"https:\/\/www.visitsoglianoalrubicone.it\/wp-content\/uploads\/2025\/07\/Pro-Loco-Sogliano-E-Zir-dal-Fosi_GAL2232-1024x748.jpg\" data-caption=\"Sogliano (FC); 17\/11\/2024: Pro Loco Sogliano, sagra E Zir dal F\u00f2si.\r\r\u00a9Riccardo Gallini \/GRPhoto\"srcset=\"https:\/\/www.visitsoglianoalrubicone.it\/wp-content\/uploads\/2025\/07\/Pro-Loco-Sogliano-E-Zir-dal-Fosi_GAL2232-scaled-1024x748.jpg 1024w, https:\/\/www.visitsoglianoalrubicone.it\/wp-content\/uploads\/2025\/07\/Pro-Loco-Sogliano-E-Zir-dal-Fosi_GAL2232-300x219.jpg 300w, https:\/\/www.visitsoglianoalrubicone.it\/wp-content\/uploads\/2025\/07\/Pro-Loco-Sogliano-E-Zir-dal-Fosi_GAL2232-768x561.jpg 768w, https:\/\/www.visitsoglianoalrubicone.it\/wp-content\/uploads\/2025\/07\/Pro-Loco-Sogliano-E-Zir-dal-Fosi_GAL2232-1536x1122.jpg 1536w, https:\/\/www.visitsoglianoalrubicone.it\/wp-content\/uploads\/2025\/07\/Pro-Loco-Sogliano-E-Zir-dal-Fosi_GAL2232-2048x1496.jpg 2048w\" sizes=\"(max-width: 1024px) 100vw, 1024px\"\" \/>\n\t\t<div class=\"figc\">\n\t\t\t<div class=\"figc-inner\">\n\t\t\t\t\t\t\t\t\t\t\t\t\t\t\t<\/div>\n\t\t<\/div>\n\n\t<\/div>\n\n<\/div>\t\t\n\t<\/div>\n\n\t\n\t\n\t<script type=\"application\/ld+json\">\n\t{\n\t\t\"@context\": \"http:\/\/schema.org\",\n\t\t\"@type\"   : \"ImageGallery\",\n\t\t\"id\"      : \"https:\/\/www.visitsoglianoalrubicone.it\/fr\/wp-json\/wp\/v2\/posts\/23064\/\",\n\t\t\"url\"     : \"https:\/\/www.visitsoglianoalrubicone.it\/fr\/wp-json\/wp\/v2\/posts\/23064\/\"\n\t}\n\n    <\/script>\n\n\t\n<\/div>&#13;\n<p>[\/vc_column_text][vc_empty_space height=\u00a0\u00bb50px\u00a0\u00bb][\/vc_column_inner][\/vc_row_inner][\/vc_column][\/vc_row]<\/p>","protected":false},"excerpt":{"rendered":"<p>[vc_row full_width=\u00a0\u00bbstretch_row_content_no_spaces\u00a0\u00bb][vc_column][vc_single_image image=\u00a0\u00bb23070&Prime; img_size=\u00a0\u00bb1920 x 450&Prime; alignment=\u00a0\u00bbcenter\u00a0\u00bb el_class=\u00a0\u00bbinfotronik_banner_pagina\u00a0\u00bb][vc_empty_space height=\u00a0\u00bb20px\u00a0\u00bb][vc_row_inner][vc_column_inner][vc_column_text] Quando: domenica 17,24 novembre e 1 dicembre 2024Orari manifestazione: 9:00 &#8211; 22:00ingresso:&#8230;<\/p>\n","protected":false},"author":3,"featured_media":23069,"comment_status":"closed","ping_status":"open","sticky":false,"template":"","format":"standard","meta":{"loftloader_page_shortcode":""},"categories":[826,822,900,836],"tags":[977,825,979,972,970,971,974,829,918,975],"_links":{"self":[{"href":"https:\/\/www.visitsoglianoalrubicone.it\/fr\/wp-json\/wp\/v2\/posts\/23064"}],"collection":[{"href":"https:\/\/www.visitsoglianoalrubicone.it\/fr\/wp-json\/wp\/v2\/posts"}],"about":[{"href":"https:\/\/www.visitsoglianoalrubicone.it\/fr\/wp-json\/wp\/v2\/types\/post"}],"author":[{"embeddable":true,"href":"https:\/\/www.visitsoglianoalrubicone.it\/fr\/wp-json\/wp\/v2\/users\/3"}],"replies":[{"embeddable":true,"href":"https:\/\/www.visitsoglianoalrubicone.it\/fr\/wp-json\/wp\/v2\/comments?post=23064"}],"version-history":[{"count":2,"href":"https:\/\/www.visitsoglianoalrubicone.it\/fr\/wp-json\/wp\/v2\/posts\/23064\/revisions"}],"predecessor-version":[{"id":23119,"href":"https:\/\/www.visitsoglianoalrubicone.it\/fr\/wp-json\/wp\/v2\/posts\/23064\/revisions\/23119"}],"wp:featuredmedia":[{"embeddable":true,"href":"https:\/\/www.visitsoglianoalrubicone.it\/fr\/wp-json\/wp\/v2\/media\/23069"}],"wp:attachment":[{"href":"https:\/\/www.visitsoglianoalrubicone.it\/fr\/wp-json\/wp\/v2\/media?parent=23064"}],"wp:term":[{"taxonomy":"category","embeddable":true,"href":"https:\/\/www.visitsoglianoalrubicone.it\/fr\/wp-json\/wp\/v2\/categories?post=23064"},{"taxonomy":"post_tag","embeddable":true,"href":"https:\/\/www.visitsoglianoalrubicone.it\/fr\/wp-json\/wp\/v2\/tags?post=23064"}],"curies":[{"name":"wp","href":"https:\/\/api.w.org\/{rel}","templated":true}]}}