{"id":23225,"date":"2024-06-14T22:04:45","date_gmt":"2024-06-14T22:04:45","guid":{"rendered":"https:\/\/www.visitsoglianoalrubicone.it\/sabina-guzzanti-dans-liberidi-liberida-notturni-nel-bosco\/"},"modified":"2024-12-06T10:20:57","modified_gmt":"2024-12-06T10:20:57","slug":"sabina-guzzanti-dans-liberidi-liberida-notturni-nel-bosco","status":"publish","type":"post","link":"https:\/\/www.visitsoglianoalrubicone.it\/fr\/sabina-guzzanti-dans-liberidi-liberida-notturni-nel-bosco\/","title":{"rendered":"Sabina Guzzanti dans \u00ab\u00a0Liberid\u00ec liberid\u00e0\u00a0\u00bb \/\/ Notturni Nel Bosco"},"content":{"rendered":"<p>[vc_row full_width=\u00a0\u00bbstretch_row_content_no_spaces\u00a0\u00bb][vc_column][vc_single_image image=\u00a0\u00bb21901&Prime; img_size=\u00a0\u00bb1920 x 450&Prime; alignment=\u00a0\u00bbcenter\u00a0\u00bb el_class=\u00a0\u00bbinfotronik_banner_pagina\u00a0\u00bb][vc_empty_space height=\u00a0\u00bb20px\u00a0\u00bb][vc_row_inner][vc_column_inner][vc_column_text]<\/p>\n<p>\n<strong>.<\/strong>&#13;\n<p><strong>Date :<\/strong> jeudi 1er ao\u00fbt 2024<br\/><strong>Ouverture de la billetterie et rassemblement des spectateurs<\/strong>: 20:00<br\/><strong>D\u00e9but du spectacle<\/strong>: 21h30<br\/><strong>O\u00f9 :<\/strong> Parc San Donato &#8211; Loc. Vignola (Sogliano al Rubicone) <br\/><strong>Billets :<\/strong> \u20ac 22.00<span style=\"font-size: 1rem;\"><br\/><\/span><strong>Pr\u00e9vente : <\/strong><a href=\"https:\/\/www.liveticket.it\/evento.aspx?Id=508767\" target=\"_blank\" rel=\"noopener\">https:\/\/www.liveticket.it\/evento.aspx?Id=508767<\/a><strong><br\/><\/strong><strong>Info :<\/strong> Sillaba Ticket Office 370 3685093<\/p>&#13;\n<p>Depuis quelques ann\u00e9es, Guzzanti, fille, s\u0153ur et surtout m\u00e8re de nombreux orphelins du bon vieux temps, se consacre au dialogue avec Meloni et Schlein, dans le seul but d&rsquo;att\u00e9nuer les d\u00e9g\u00e2ts. Un travail exigeant, souvent \u00e9puisant, fait d&rsquo;abn\u00e9gation et de sacrifices, et qui ne d\u00e9bouche sur rien. D&rsquo;o\u00f9 l&rsquo;id\u00e9e de commencer \u00e0 mon\u00e9tiser cette activit\u00e9 par une s\u00e9rie de conf\u00e9rences, que les jeunes d&rsquo;aujourd&rsquo;hui appellent stand-up comedy, sur notre pr\u00e9sent troubl\u00e9. Ils ne parleront \u00e9videmment pas que de politique mais aussi de sujets vraiment importants comme le d\u00e9veloppement technologique aux mains de 4 et plus g\u00e9n\u00e9ralement comment garder une certaine forme de dignit\u00e9 au 21\u00e8me si\u00e8cle.   <\/p>&#13;\n<p>[\/vc_column_text][vc_empty_space height=\u00a0\u00bb50px\u00a0\u00bb][vc_single_image image=\u00a0\u00bb23230&Prime; img_size=\u00a0\u00bbfull\u00a0\u00bb alignment=\u00a0\u00bbcenter\u00a0\u00bb onclick=\u00a0\u00bblink_image\u00a0\u00bb][vc_single_image image=\u00a0\u00bb21873&Prime; img_size=\u00a0\u00bbfull\u00a0\u00bb alignment=\u00a0\u00bbcenter\u00a0\u00bb onclick=\u00a0\u00bblink_image\u00a0\u00bb][vc_single_image image=\u00a0\u00bb23231&Prime; img_size=\u00a0\u00bbfull\u00a0\u00bb alignment=\u00a0\u00bbcenter\u00a0\u00bb onclick=\u00a0\u00bblink_image\u00a0\u00bb][\/vc_column_inner][\/vc_row_inner][\/vc_column][\/vc_row]<\/p>","protected":false},"excerpt":{"rendered":"<p>[vc_row full_width=\u00a0\u00bbstretch_row_content_no_spaces\u00a0\u00bb][vc_column][vc_single_image image=\u00a0\u00bb21901&Prime; img_size=\u00a0\u00bb1920 x 450&Prime; alignment=\u00a0\u00bbcenter\u00a0\u00bb el_class=\u00a0\u00bbinfotronik_banner_pagina\u00a0\u00bb][vc_empty_space height=\u00a0\u00bb20px\u00a0\u00bb][vc_row_inner][vc_column_inner][vc_column_text] .&#13; Date : jeudi 1er ao\u00fbt 2024Ouverture de la billetterie et rassemblement&#8230;<\/p>\n","protected":false},"author":3,"featured_media":23232,"comment_status":"closed","ping_status":"open","sticky":false,"template":"","format":"standard","meta":{"loftloader_page_shortcode":""},"categories":[826,822],"tags":[825,840,830,945,829,946,947],"_links":{"self":[{"href":"https:\/\/www.visitsoglianoalrubicone.it\/fr\/wp-json\/wp\/v2\/posts\/23225"}],"collection":[{"href":"https:\/\/www.visitsoglianoalrubicone.it\/fr\/wp-json\/wp\/v2\/posts"}],"about":[{"href":"https:\/\/www.visitsoglianoalrubicone.it\/fr\/wp-json\/wp\/v2\/types\/post"}],"author":[{"embeddable":true,"href":"https:\/\/www.visitsoglianoalrubicone.it\/fr\/wp-json\/wp\/v2\/users\/3"}],"replies":[{"embeddable":true,"href":"https:\/\/www.visitsoglianoalrubicone.it\/fr\/wp-json\/wp\/v2\/comments?post=23225"}],"version-history":[{"count":2,"href":"https:\/\/www.visitsoglianoalrubicone.it\/fr\/wp-json\/wp\/v2\/posts\/23225\/revisions"}],"predecessor-version":[{"id":23261,"href":"https:\/\/www.visitsoglianoalrubicone.it\/fr\/wp-json\/wp\/v2\/posts\/23225\/revisions\/23261"}],"wp:featuredmedia":[{"embeddable":true,"href":"https:\/\/www.visitsoglianoalrubicone.it\/fr\/wp-json\/wp\/v2\/media\/23232"}],"wp:attachment":[{"href":"https:\/\/www.visitsoglianoalrubicone.it\/fr\/wp-json\/wp\/v2\/media?parent=23225"}],"wp:term":[{"taxonomy":"category","embeddable":true,"href":"https:\/\/www.visitsoglianoalrubicone.it\/fr\/wp-json\/wp\/v2\/categories?post=23225"},{"taxonomy":"post_tag","embeddable":true,"href":"https:\/\/www.visitsoglianoalrubicone.it\/fr\/wp-json\/wp\/v2\/tags?post=23225"}],"curies":[{"name":"wp","href":"https:\/\/api.w.org\/{rel}","templated":true}]}}