{"id":23237,"date":"2024-06-14T21:47:19","date_gmt":"2024-06-14T21:47:19","guid":{"rendered":"https:\/\/www.visitsoglianoalrubicone.it\/paola-turci-et-gino-castaldo-dans-il-tempo-dei-giganti-notturni-nel-bosco\/"},"modified":"2024-12-06T10:20:57","modified_gmt":"2024-12-06T10:20:57","slug":"paola-turci-et-gino-castaldo-dans-il-tempo-dei-giganti-notturni-nel-bosco","status":"publish","type":"post","link":"https:\/\/www.visitsoglianoalrubicone.it\/fr\/paola-turci-et-gino-castaldo-dans-il-tempo-dei-giganti-notturni-nel-bosco\/","title":{"rendered":"Paola Turci et Gino Castaldo dans \u00ab\u00a0Il tempo dei giganti\u00a0\u00bb \/\/ Notturni Nel Bosco"},"content":{"rendered":"<p>[vc_row full_width=\u00a0\u00bbstretch_row_content_no_spaces\u00a0\u00bb][vc_column][vc_single_image image=\u00a0\u00bb21901&Prime; img_size=\u00a0\u00bb1920 x 450&Prime; alignment=\u00a0\u00bbcenter\u00a0\u00bb el_class=\u00a0\u00bbinfotronik_banner_pagina\u00a0\u00bb][vc_empty_space height=\u00a0\u00bb20px\u00a0\u00bb][vc_row_inner][vc_column_inner][vc_column_text]<\/p>\n<p>\n<strong>.<\/strong>&#13;\n<p><strong>Date :<\/strong> lundi 29 juillet 2024<br\/><strong>Ouverture de la billetterie et rassemblement des spectateurs<\/strong>: 20:00<br\/><strong>D\u00e9but du spectacle<\/strong>: 21h30<br\/><strong>O\u00f9 :<\/strong> Prato Venturi, pont roman Loc. Montetiffi (Sogliano al Rubicone) <br\/><strong>Billets :<\/strong> \u20ac 22.00<span style=\"font-size: 1rem;\"><br\/><\/span><strong><br\/>Pr\u00e9vente :<\/strong><strong><strong>Info :<\/strong> Sillaba Ticket Office 370 3685093<\/strong><\/p>&#13;\n<p>Les trois ann\u00e9es magiques d&rsquo;\u00e9criture de chansons racont\u00e9es et chant\u00e9es par Paola Turci et Gino Castaldo, avec des documents d&rsquo;archives et des interpr\u00e9tations en direct. Dans la p\u00e9riode dor\u00e9e de 1979 \u00e0 1981 &#8211; les ann\u00e9es de Lucio Dalla, Pino Daniele, Fabrizio De Andr\u00e9, Vasco Rossi, Franco Battiato, Rino Gaetano, Lucio Battisti et bien d&rsquo;autres &#8211; avec une narration entrelac\u00e9e de souvenirs, d&rsquo;analyses et de performances en direct, int\u00e9grant paroles et musique en un seul r\u00e9cit. chanteuse, auteur-compositeur, musicienne, une \u00e2me dans laquelle se m\u00ealent \u00e9l\u00e9gance, rock, sensibilit\u00e9 et courage. L&rsquo;une des critiques musicales les plus connues d&rsquo;Italie, elle raconte en images et en mots, depuis pr\u00e8s de 40 ans, l&rsquo;histoire des grands noms de la musique italienne et internationale. Les repr\u00e9sentations ont lieu en plein air, en pleine nature, le long de sentiers forestiers, \u00e0 la tomb\u00e9e de la nuit. Artistes et spectateurs se rencontrent dans des lieux \u00e9vocateurs pour vivre des exp\u00e9riences culturelles uniques.      <\/p>&#13;\n<p>[\/vc_column_text][vc_empty_space height=\u00a0\u00bb50px\u00a0\u00bb][vc_single_image image=\u00a0\u00bb23238&Prime; img_size=\u00a0\u00bbfull\u00a0\u00bb alignment=\u00a0\u00bbcenter\u00a0\u00bb onclick=\u00a0\u00bblink_image\u00a0\u00bb][vc_single_image image=\u00a0\u00bb21873&Prime; img_size=\u00a0\u00bbfull\u00a0\u00bb alignment=\u00a0\u00bbcenter\u00a0\u00bb onclick=\u00a0\u00bblink_image\u00a0\u00bb][vc_single_image image=\u00a0\u00bb23231&Prime; img_size=\u00a0\u00bbfull\u00a0\u00bb alignment=\u00a0\u00bbcenter\u00a0\u00bb onclick=\u00a0\u00bblink_image\u00a0\u00bb][\/vc_column_inner][\/vc_row_inner][\/vc_column][\/vc_row]<\/p>","protected":false},"excerpt":{"rendered":"<p>[vc_row full_width=\u00a0\u00bbstretch_row_content_no_spaces\u00a0\u00bb][vc_column][vc_single_image image=\u00a0\u00bb21901&Prime; img_size=\u00a0\u00bb1920 x 450&Prime; alignment=\u00a0\u00bbcenter\u00a0\u00bb el_class=\u00a0\u00bbinfotronik_banner_pagina\u00a0\u00bb][vc_empty_space height=\u00a0\u00bb20px\u00a0\u00bb][vc_row_inner][vc_column_inner][vc_column_text] .&#13; Date : lundi 29 juillet 2024Ouverture de la billetterie et rassemblement&#8230;<\/p>\n","protected":false},"author":3,"featured_media":23239,"comment_status":"closed","ping_status":"open","sticky":false,"template":"","format":"standard","meta":{"loftloader_page_shortcode":""},"categories":[826,822],"tags":[825,840,830,945,829,946,947],"_links":{"self":[{"href":"https:\/\/www.visitsoglianoalrubicone.it\/fr\/wp-json\/wp\/v2\/posts\/23237"}],"collection":[{"href":"https:\/\/www.visitsoglianoalrubicone.it\/fr\/wp-json\/wp\/v2\/posts"}],"about":[{"href":"https:\/\/www.visitsoglianoalrubicone.it\/fr\/wp-json\/wp\/v2\/types\/post"}],"author":[{"embeddable":true,"href":"https:\/\/www.visitsoglianoalrubicone.it\/fr\/wp-json\/wp\/v2\/users\/3"}],"replies":[{"embeddable":true,"href":"https:\/\/www.visitsoglianoalrubicone.it\/fr\/wp-json\/wp\/v2\/comments?post=23237"}],"version-history":[{"count":2,"href":"https:\/\/www.visitsoglianoalrubicone.it\/fr\/wp-json\/wp\/v2\/posts\/23237\/revisions"}],"predecessor-version":[{"id":23263,"href":"https:\/\/www.visitsoglianoalrubicone.it\/fr\/wp-json\/wp\/v2\/posts\/23237\/revisions\/23263"}],"wp:featuredmedia":[{"embeddable":true,"href":"https:\/\/www.visitsoglianoalrubicone.it\/fr\/wp-json\/wp\/v2\/media\/23239"}],"wp:attachment":[{"href":"https:\/\/www.visitsoglianoalrubicone.it\/fr\/wp-json\/wp\/v2\/media?parent=23237"}],"wp:term":[{"taxonomy":"category","embeddable":true,"href":"https:\/\/www.visitsoglianoalrubicone.it\/fr\/wp-json\/wp\/v2\/categories?post=23237"},{"taxonomy":"post_tag","embeddable":true,"href":"https:\/\/www.visitsoglianoalrubicone.it\/fr\/wp-json\/wp\/v2\/tags?post=23237"}],"curies":[{"name":"wp","href":"https:\/\/api.w.org\/{rel}","templated":true}]}}