{"id":23240,"date":"2024-03-15T22:11:06","date_gmt":"2024-03-15T22:11:06","guid":{"rendered":"https:\/\/www.visitsoglianoalrubicone.it\/chemins-en-musique-2e-itineraire-une-promenade-dans-les-ravins\/"},"modified":"2024-12-06T10:20:59","modified_gmt":"2024-12-06T10:20:59","slug":"chemins-en-musique-2e-itineraire-une-promenade-dans-les-ravins","status":"publish","type":"post","link":"https:\/\/www.visitsoglianoalrubicone.it\/fr\/chemins-en-musique-2e-itineraire-une-promenade-dans-les-ravins\/","title":{"rendered":"Chemins en musique 2e itin\u00e9raire &#8211; Une promenade dans les ravins"},"content":{"rendered":"<p>[vc_row full_width=\u00a0\u00bbstretch_row_content_no_spaces\u00a0\u00bb][vc_column][vc_single_image image=\u00a0\u00bb22354&Prime; img_size=\u00a0\u00bb1920 x 450&Prime; alignment=\u00a0\u00bbcenter\u00a0\u00bb el_class=\u00a0\u00bbinfotronik_banner_pagina\u00a0\u00bb]\n\t\t\t<section class=\"do-normal-page-title-section infotronik_page_title_section_little\">\n\t\t\t\t<div class=\"container\">\n\t\t\t\t\t<div class=\"row uppercase\">\n\t\t\t\n\t\t\t\t\t\t<div class=\"do-page-title-wrapper\">\n\t\t\t\t\t\t\t<div class=\"do-default-page-title col-md-7 col-sm-7 col-xs-12\">\n\t\t\t\t\t\t\t\t<h2 info=65 class=\"infotronik_page_title_little\">Chemins en musique 2e itin\u00e9raire - Une promenade dans les ravins<\/h2>\n\t\t\t\t\t\t\t\t<p><\/p>\n\t\t\t\t\t\t\t<\/div>\n\t\t\t\n\t\t\t\t\t\t\t<div class=\"do-breadcumb\"><ul><\/ul><\/div>\n\t\t\t\t\t\t<\/div>\n\t\t\t\n\t\t\t\t\t<\/div>\n\t\t\t\t<\/div>\n\t\t\t<\/section>\n\t\t[vc_empty_space height=\u00a0\u00bb20px\u00a0\u00bb][vc_row_inner][vc_column_inner][vc_column_text]<\/p>\n<p>\n.&#13;\n<p><strong>Quand :<\/strong> Dimanche 4 ao\u00fbt 2024<br\/><strong>O\u00f9 :<\/strong> Restaurant \u00ab\u00a0La Gallia\u00a0\u00bb &#8211; Loc. Strigara, Sogliano al Rubicone <br\/><strong><br\/>R<\/strong> <strong>\u00e9union : <\/strong>17h00<strong>D\u00e9part :<\/strong> 17h30<br\/><br\/>C<strong>o\u00fbt : <\/strong>\u20ac 20 pour les adultes &#8211; \u20ac 12 pour les enfants jusqu&rsquo;\u00e0 12 ans y compris -Ev\u00e9nement limit\u00e9 &#8211; pr\u00e9-inscription obligatoire <br\/><em><strong><a href=\"https:\/\/www.rubiconeforsport.it\/sentieri-in-musica\/\" target=\"_blank\" rel=\"noopener\">https:\/\/www.rubiconeforsport.it\/sentieri-in-musica\/<\/a><\/strong><\/em><\/p>&#13;\n<p><br\/><br\/>Le billet donne droit \u00e0 l&rsquo;excursion, au concert et au d\u00eener-buffet.<strong>Informations et r\u00e9servations sur WhatsApp :<\/strong> 333 2893980<strong>lien<\/strong> <a href=\"https:\/\/www.facebook.com\/sentieriinmusica\/\" target=\"_blank\" rel=\"noopener\">: https:\/\/www.facebook.com\/sentieriinmusica\/<\/a><\/p>&#13;\n<p>D\u00e9part \u00e0 17h30 du restaurant La Gallia. Apr\u00e8s une l\u00e9g\u00e8re descente par le premier ravin, le panorama s&rsquo;ouvre sur toute la riviera, puis monte jusqu&rsquo;\u00e0 la source d&rsquo;Urgon, o\u00f9 une plaque comm\u00e9more Jules C\u00e9sar et son Alea iacta est. De l\u00e0, on monte au col de Meloni et on atteint le point culminant aux fragments des murs du ch\u00e2teau de Strigara. L&rsquo;itin\u00e9raire se termine au restaurant La Gallia, qui vous proposera un excellent d\u00eener avec des produits typiques de la r\u00e9gion. La soir\u00e9e sera rythm\u00e9e par la musique des Rubicon Rovers, au son de la harpe, du violon, des fl\u00fbtes irlandaises, du bodhran, de la basse et de la guitare.    <\/p>&#13;\n<div>\u00a0<\/div>&#13;\n<div>\u00a0<\/div>&#13;\n<p>\u26a0\ufe0f Le nombre de participants est limit\u00e9.<br\/>Vous devez vous inscrire \u00e0 l&rsquo;avance en ligne via le lien. A partir du jeudi 27 juin, les r\u00e9servations peuvent \u00eatre faites par message WhatsApp au 333 2893980. Frais d&rsquo;inscription : 20 \u20ac comprenant la marche, le d\u00eener et le concert. Pour les enfants jusqu&rsquo;\u00e0 12 ans inclus, les frais sont de 12 \u20ac. L&rsquo;option v\u00e9g\u00e9tarienne sera communiqu\u00e9e au moment de l&rsquo;inscription. La promenade r\u00e9cr\u00e9ative-motrice est accessible sans difficult\u00e9s particuli\u00e8res, mais l&rsquo;utilisation de chaussures de marche appropri\u00e9es est recommand\u00e9e.    <\/p>&#13;\n<p>Les Sentieri in Musica se d\u00e9roulent sur le territoire de Sogliano al Rubicone, sur les sentiers des \u00ab\u00a0I Sentieri dell&rsquo;Alto Rubicone\u00a0\u00bb, un r\u00e9seau de 16 itin\u00e9raires en boucle d&rsquo;une longueur totale de 155 km.<\/p>&#13;\n<p>[\/vc_column_text][vc_single_image image=\u00a0\u00bb23241&Prime; img_size=\u00a0\u00bbfull\u00a0\u00bb alignment=\u00a0\u00bbcenter\u00a0\u00bb onclick=\u00a0\u00bblink_image\u00a0\u00bb][vc_empty_space height=\u00a0\u00bb50px\u00a0\u00bb][vc_single_image image=\u00a0\u00bb23202&Prime; img_size=\u00a0\u00bbfull\u00a0\u00bb alignment=\u00a0\u00bbcenter\u00a0\u00bb onclick=\u00a0\u00bblink_image\u00a0\u00bb][vc_single_image image=\u00a0\u00bb23203&Prime; img_size=\u00a0\u00bbfull\u00a0\u00bb alignment=\u00a0\u00bbcenter\u00a0\u00bb onclick=\u00a0\u00bblink_image\u00a0\u00bb][\/vc_column_inner][\/vc_row_inner][\/vc_column][\/vc_row]<\/p>","protected":false},"excerpt":{"rendered":"<p>[vc_row full_width=\u00a0\u00bbstretch_row_content_no_spaces\u00a0\u00bb][vc_column][vc_single_image image=\u00a0\u00bb22354&Prime; img_size=\u00a0\u00bb1920 x 450&Prime; alignment=\u00a0\u00bbcenter\u00a0\u00bb el_class=\u00a0\u00bbinfotronik_banner_pagina\u00a0\u00bb][vc_empty_space height=\u00a0\u00bb20px\u00a0\u00bb][vc_row_inner][vc_column_inner][vc_column_text] .&#13; Quand : Dimanche 4 ao\u00fbt 2024O\u00f9 : Restaurant \u00ab\u00a0La Gallia\u00a0\u00bb &#8211;&#8230;<\/p>\n","protected":false},"author":3,"featured_media":23242,"comment_status":"closed","ping_status":"open","sticky":false,"template":"","format":"standard","meta":{"loftloader_page_shortcode":""},"categories":[822,835,836],"tags":[959,833,837,825,955,838,829,839,918],"_links":{"self":[{"href":"https:\/\/www.visitsoglianoalrubicone.it\/fr\/wp-json\/wp\/v2\/posts\/23240"}],"collection":[{"href":"https:\/\/www.visitsoglianoalrubicone.it\/fr\/wp-json\/wp\/v2\/posts"}],"about":[{"href":"https:\/\/www.visitsoglianoalrubicone.it\/fr\/wp-json\/wp\/v2\/types\/post"}],"author":[{"embeddable":true,"href":"https:\/\/www.visitsoglianoalrubicone.it\/fr\/wp-json\/wp\/v2\/users\/3"}],"replies":[{"embeddable":true,"href":"https:\/\/www.visitsoglianoalrubicone.it\/fr\/wp-json\/wp\/v2\/comments?post=23240"}],"version-history":[{"count":2,"href":"https:\/\/www.visitsoglianoalrubicone.it\/fr\/wp-json\/wp\/v2\/posts\/23240\/revisions"}],"predecessor-version":[{"id":23269,"href":"https:\/\/www.visitsoglianoalrubicone.it\/fr\/wp-json\/wp\/v2\/posts\/23240\/revisions\/23269"}],"wp:featuredmedia":[{"embeddable":true,"href":"https:\/\/www.visitsoglianoalrubicone.it\/fr\/wp-json\/wp\/v2\/media\/23242"}],"wp:attachment":[{"href":"https:\/\/www.visitsoglianoalrubicone.it\/fr\/wp-json\/wp\/v2\/media?parent=23240"}],"wp:term":[{"taxonomy":"category","embeddable":true,"href":"https:\/\/www.visitsoglianoalrubicone.it\/fr\/wp-json\/wp\/v2\/categories?post=23240"},{"taxonomy":"post_tag","embeddable":true,"href":"https:\/\/www.visitsoglianoalrubicone.it\/fr\/wp-json\/wp\/v2\/tags?post=23240"}],"curies":[{"name":"wp","href":"https:\/\/api.w.org\/{rel}","templated":true}]}}