{"id":23305,"date":"2024-05-11T12:53:38","date_gmt":"2024-05-11T12:53:38","guid":{"rendered":"https:\/\/www.visitsoglianoalrubicone.it\/trekking-a-lecole-dequitation-black-lily\/"},"modified":"2024-12-06T10:21:11","modified_gmt":"2024-12-06T10:21:11","slug":"trekking-a-lecole-dequitation-black-lily","status":"publish","type":"post","link":"https:\/\/www.visitsoglianoalrubicone.it\/fr\/trekking-a-lecole-dequitation-black-lily\/","title":{"rendered":"Trekking \u00e0 l&rsquo;\u00e9cole d&rsquo;\u00e9quitation Black Lily"},"content":{"rendered":"<p>[vc_row full_width=\u00a0\u00bbstretch_row_content_no_spaces\u00a0\u00bb][vc_column][vc_single_image image=\u00a0\u00bb23309&Prime; img_size=\u00a0\u00bb1920 x 450&Prime; alignment=\u00a0\u00bbcenter\u00a0\u00bb el_class=\u00a0\u00bbinfotronik_banner_pagina\u00a0\u00bb]\n\t\t\t<section class=\"do-normal-page-title-section infotronik_page_title_section\">\n\t\t\t\t<div class=\"container\">\n\t\t\t\t\t<div class=\"row uppercase\">\n\t\t\t\n\t\t\t\t\t\t<div class=\"do-page-title-wrapper\">\n\t\t\t\t\t\t\t<div class=\"do-default-page-title col-md-7 col-sm-7 col-xs-12\">\n\t\t\t\t\t\t\t\t<h2 info=32 class=\"infotronik_page_title\">Trekking al Maneggio Giglio Nero<\/h2>\n\t\t\t\t\t\t\t\t<p><\/p>\n\t\t\t\t\t\t\t<\/div>\n\t\t\t\n\t\t\t\t\t\t\t<div class=\"do-breadcumb\"><ul><\/ul><\/div>\n\t\t\t\t\t\t<\/div>\n\t\t\t\n\t\t\t\t\t<\/div>\n\t\t\t\t<\/div>\n\t\t\t<\/section>\n\t\t[vc_empty_space height=\u00a0\u00bb20px\u00a0\u00bb][vc_row_inner][vc_column_inner][vc_column_text]<strong>Samedi 25 MAI<\/strong><\/p>\n<p>Rendez-vous \u00e0 l&rsquo;\u00e9cole d&rsquo;\u00e9quitation \u00e0 8h30 et d\u00e9part ponctuel \u00e0 9h00 D\u00e9jeuner au restaurant<strong>\u00ab\u00a0Il Parco\u00a0\u00bb<\/strong> Retour \u00e0 l&rsquo;\u00e9cole d&rsquo;\u00e9quitation \u00e0 17h30 D\u00eener \u00e0 l&rsquo;\u00e9cole d&rsquo;\u00e9quitation pr\u00e9par\u00e9 par<strong>\u00ab\u00a0Osteria T\u00e8ra\u00a0\u00bb<\/strong> <strong>Concert de BAD BONES CREW<\/strong> &#8211; Rock italien des ann\u00e9es 70 \u00e0 90 (Possibilit\u00e9 de passer la nuit sous la tente ou dans une ferme)<\/p>\n<p><strong>Dimanche 26 mai<\/strong><\/p>\n<p>D\u00e9part de l&rsquo;\u00e9cole d&rsquo;\u00e9quitation 9h30 D\u00e9jeuner \u00e0 la ferme<strong>\u00ab\u00a0la Rocca\u00a0\u00bb<\/strong> Retour \u00e0 l&rsquo;\u00e9cole d&rsquo;\u00e9quitation<\/p>\n<p><strong>Pour les informations et les r\u00e9servations, Roberto 338 3967173<\/strong><\/p>\n<p>[\/vc_column_text][vc_single_image image=\u00a0\u00bb23313&Prime; img_size=\u00a0\u00bbfull\u00a0\u00bb alignment=\u00a0\u00bbcenter\u00a0\u00bb onclick=\u00a0\u00bblink_image\u00a0\u00bb][vc_empty_space height=\u00a0\u00bb50px\u00a0\u00bb][\/vc_column_inner][\/vc_row_inner][\/vc_column][\/vc_row]<\/p>\n","protected":false},"excerpt":{"rendered":"<p>[vc_row full_width=\u00a0\u00bbstretch_row_content_no_spaces\u00a0\u00bb][vc_column][vc_single_image image=\u00a0\u00bb23309&Prime; img_size=\u00a0\u00bb1920 x 450&Prime; alignment=\u00a0\u00bbcenter\u00a0\u00bb el_class=\u00a0\u00bbinfotronik_banner_pagina\u00a0\u00bb][vc_empty_space height=\u00a0\u00bb20px\u00a0\u00bb][vc_row_inner][vc_column_inner][vc_column_text]Samedi 25 MAI Rendez-vous \u00e0 l&rsquo;\u00e9cole d&rsquo;\u00e9quitation \u00e0 8h30 et d\u00e9part ponctuel \u00e0&#8230;<\/p>\n","protected":false},"author":3,"featured_media":23312,"comment_status":"closed","ping_status":"open","sticky":false,"template":"","format":"standard","meta":{"loftloader_page_shortcode":""},"categories":[822,835],"tags":[1279,1234,829,839,918],"_links":{"self":[{"href":"https:\/\/www.visitsoglianoalrubicone.it\/fr\/wp-json\/wp\/v2\/posts\/23305"}],"collection":[{"href":"https:\/\/www.visitsoglianoalrubicone.it\/fr\/wp-json\/wp\/v2\/posts"}],"about":[{"href":"https:\/\/www.visitsoglianoalrubicone.it\/fr\/wp-json\/wp\/v2\/types\/post"}],"author":[{"embeddable":true,"href":"https:\/\/www.visitsoglianoalrubicone.it\/fr\/wp-json\/wp\/v2\/users\/3"}],"replies":[{"embeddable":true,"href":"https:\/\/www.visitsoglianoalrubicone.it\/fr\/wp-json\/wp\/v2\/comments?post=23305"}],"version-history":[{"count":2,"href":"https:\/\/www.visitsoglianoalrubicone.it\/fr\/wp-json\/wp\/v2\/posts\/23305\/revisions"}],"predecessor-version":[{"id":23364,"href":"https:\/\/www.visitsoglianoalrubicone.it\/fr\/wp-json\/wp\/v2\/posts\/23305\/revisions\/23364"}],"wp:featuredmedia":[{"embeddable":true,"href":"https:\/\/www.visitsoglianoalrubicone.it\/fr\/wp-json\/wp\/v2\/media\/23312"}],"wp:attachment":[{"href":"https:\/\/www.visitsoglianoalrubicone.it\/fr\/wp-json\/wp\/v2\/media?parent=23305"}],"wp:term":[{"taxonomy":"category","embeddable":true,"href":"https:\/\/www.visitsoglianoalrubicone.it\/fr\/wp-json\/wp\/v2\/categories?post=23305"},{"taxonomy":"post_tag","embeddable":true,"href":"https:\/\/www.visitsoglianoalrubicone.it\/fr\/wp-json\/wp\/v2\/tags?post=23305"}],"curies":[{"name":"wp","href":"https:\/\/api.w.org\/{rel}","templated":true}]}}