{"id":23341,"date":"2024-04-24T23:47:45","date_gmt":"2024-04-24T23:47:45","guid":{"rendered":"https:\/\/www.visitsoglianoalrubicone.it\/festival-du-sanglier-2024\/"},"modified":"2024-12-06T10:21:11","modified_gmt":"2024-12-06T10:21:11","slug":"festival-du-sanglier-2024","status":"publish","type":"post","link":"https:\/\/www.visitsoglianoalrubicone.it\/fr\/festival-du-sanglier-2024\/","title":{"rendered":"Festival du sanglier 2024"},"content":{"rendered":"<p>[vc_row full_width=\u00a0\u00bbstretch_row_content_no_spaces\u00a0\u00bb][vc_column][vc_single_image image=\u00a0\u00bb17826&Prime; img_size=\u00a0\u00bb1920 x 450&Prime; alignment=\u00a0\u00bbcenter\u00a0\u00bb el_class=\u00a0\u00bbinfotronik_banner_pagina\u00a0\u00bb]\n\t\t\t<section class=\"do-normal-page-title-section\">\n\t\t\t\t<div class=\"container\">\n\t\t\t\t\t<div class=\"row uppercase\">\n\t\t\t\n\t\t\t\t\t\t<div class=\"do-page-title-wrapper\">\n\t\t\t\t\t\t\t<div class=\"do-default-page-title col-md-7 col-sm-7 col-xs-12\">\n\t\t\t\t\t\t\t\t<h2 info=24 class=\"infotronik_page_title_big\">Sagra del Cinghiale 2024<\/h2>\n\t\t\t\t\t\t\t\t<p><\/p>\n\t\t\t\t\t\t\t<\/div>\n\t\t\t\n\t\t\t\t\t\t\t<div class=\"do-breadcumb\"><ul><\/ul><\/div>\n\t\t\t\t\t\t<\/div>\n\t\t\t\n\t\t\t\t\t<\/div>\n\t\t\t\t<\/div>\n\t\t\t<\/section>\n\t\t[vc_empty_space height=\u00a0\u00bb20px\u00a0\u00bb][vc_row_inner][vc_column_inner][vc_column_text]<strong>Quand :<\/strong> vendredi 26, samedi 27 et dimanche 28 juillet 2024 <strong>D\u00e9but :<\/strong> 17h00 <strong>Lieu :<\/strong> Piazza en face de l&rsquo;\u00e9glise Ponte Uso <strong>Acc\u00e8s : <\/strong>entr\u00e9e gratuite <strong>Info :<\/strong> Pro Loco Arcobaleno Le Festival du sanglier s&rsquo;\u00e9tale sur trois jours.<\/p>\n<p>Le premier est consacr\u00e9 au burger de Cinghio et sera interpr\u00e9t\u00e9 \u00e0 21 heures par le c\u00e9l\u00e8bre groupe riminais Nashville &amp; Backbones. Les sp\u00e9cialit\u00e9s du 26 juillet sont le burger de sanglier et la piadina de l&rsquo;azdore di Ponte Uso. Les deux autres soir\u00e9es sont consacr\u00e9es \u00e0 la tradition. Le samedi 27 juillet, l&rsquo;orchestre Gli Amici del Sole jouera avec la participation sp\u00e9ciale de Luana Babini. Le dimanche 28 juillet, l&rsquo;orchestre Edmondo Comandini jouera. Les deux soirs, \u00e0 partir de 18 heures, le stand des sp\u00e9cialit\u00e9s typiques du sanglier sera ouvert.<br \/>\nSaucisse et rago\u00fbt, piadina, tagliatelles tir\u00e9es au rouleau \u00e0 p\u00e2tisserie, strozzapreti faits main&#8230; Les stands sont ouverts m\u00eame sous la pluie ![\/vc_column_text][vc_single_image image=\u00a0\u00bb23343&Prime; img_size=\u00a0\u00bbfull\u00a0\u00bb alignment=\u00a0\u00bbcenter\u00a0\u00bb onclick=\u00a0\u00bblink_image\u00a0\u00bb][vc_single_image image=\u00a0\u00bb23346&Prime; img_size=\u00a0\u00bbfull\u00a0\u00bb alignment=\u00a0\u00bbcenter\u00a0\u00bb onclick=\u00a0\u00bblink_image\u00a0\u00bb][vc_single_image image=\u00a0\u00bb23344&Prime; img_size=\u00a0\u00bbfull\u00a0\u00bb alignment=\u00a0\u00bbcenter\u00a0\u00bb onclick=\u00a0\u00bblink_image\u00a0\u00bb][vc_single_image image=\u00a0\u00bb17828&Prime; img_size=\u00a0\u00bbfull\u00a0\u00bb alignment=\u00a0\u00bbcenter\u00a0\u00bb onclick=\u00a0\u00bblink_image\u00a0\u00bb][vc_empty_space height=\u00a0\u00bb50px\u00a0\u00bb][\/vc_column_inner][\/vc_row_inner][\/vc_column][\/vc_row]<\/p>\n","protected":false},"excerpt":{"rendered":"<p>[vc_row full_width=\u00a0\u00bbstretch_row_content_no_spaces\u00a0\u00bb][vc_column][vc_single_image image=\u00a0\u00bb17826&Prime; img_size=\u00a0\u00bb1920 x 450&Prime; alignment=\u00a0\u00bbcenter\u00a0\u00bb el_class=\u00a0\u00bbinfotronik_banner_pagina\u00a0\u00bb][vc_empty_space height=\u00a0\u00bb20px\u00a0\u00bb][vc_row_inner][vc_column_inner][vc_column_text]Quand : vendredi 26, samedi 27 et dimanche 28 juillet 2024 D\u00e9but :&#8230;<\/p>\n","protected":false},"author":3,"featured_media":23343,"comment_status":"closed","ping_status":"open","sticky":false,"template":"","format":"standard","meta":{"loftloader_page_shortcode":""},"categories":[822,836],"tags":[920,921,919,829,918],"_links":{"self":[{"href":"https:\/\/www.visitsoglianoalrubicone.it\/fr\/wp-json\/wp\/v2\/posts\/23341"}],"collection":[{"href":"https:\/\/www.visitsoglianoalrubicone.it\/fr\/wp-json\/wp\/v2\/posts"}],"about":[{"href":"https:\/\/www.visitsoglianoalrubicone.it\/fr\/wp-json\/wp\/v2\/types\/post"}],"author":[{"embeddable":true,"href":"https:\/\/www.visitsoglianoalrubicone.it\/fr\/wp-json\/wp\/v2\/users\/3"}],"replies":[{"embeddable":true,"href":"https:\/\/www.visitsoglianoalrubicone.it\/fr\/wp-json\/wp\/v2\/comments?post=23341"}],"version-history":[{"count":2,"href":"https:\/\/www.visitsoglianoalrubicone.it\/fr\/wp-json\/wp\/v2\/posts\/23341\/revisions"}],"predecessor-version":[{"id":23367,"href":"https:\/\/www.visitsoglianoalrubicone.it\/fr\/wp-json\/wp\/v2\/posts\/23341\/revisions\/23367"}],"wp:featuredmedia":[{"embeddable":true,"href":"https:\/\/www.visitsoglianoalrubicone.it\/fr\/wp-json\/wp\/v2\/media\/23343"}],"wp:attachment":[{"href":"https:\/\/www.visitsoglianoalrubicone.it\/fr\/wp-json\/wp\/v2\/media?parent=23341"}],"wp:term":[{"taxonomy":"category","embeddable":true,"href":"https:\/\/www.visitsoglianoalrubicone.it\/fr\/wp-json\/wp\/v2\/categories?post=23341"},{"taxonomy":"post_tag","embeddable":true,"href":"https:\/\/www.visitsoglianoalrubicone.it\/fr\/wp-json\/wp\/v2\/tags?post=23341"}],"curies":[{"name":"wp","href":"https:\/\/api.w.org\/{rel}","templated":true}]}}