{"id":23976,"date":"2023-06-01T12:23:46","date_gmt":"2023-06-01T12:23:46","guid":{"rendered":"https:\/\/www.visitsoglianoalrubicone.it\/fete-du-sacre-coeur-2023\/"},"modified":"2024-12-06T10:22:56","modified_gmt":"2024-12-06T10:22:56","slug":"fete-du-sacre-coeur-2023","status":"publish","type":"post","link":"https:\/\/www.visitsoglianoalrubicone.it\/fr\/fete-du-sacre-coeur-2023\/","title":{"rendered":"F\u00eate du Sacr\u00e9-C\u0153ur 2023"},"content":{"rendered":"<p>[vc_row full_width=\u00a0\u00bbstretch_row_content_no_spaces\u00a0\u00bb][vc_column][vc_single_image image=\u00a0\u00bb17728&Prime; img_size=\u00a0\u00bb1920 x 450&Prime; alignment=\u00a0\u00bbcenter\u00a0\u00bb el_class=\u00a0\u00bbinfotronik_banner_pagina\u00a0\u00bb]\n\t\t\t<section class=\"do-normal-page-title-section\">\n\t\t\t\t<div class=\"container\">\n\t\t\t\t\t<div class=\"row uppercase\">\n\t\t\t\n\t\t\t\t\t\t<div class=\"do-page-title-wrapper\">\n\t\t\t\t\t\t\t<div class=\"do-default-page-title col-md-7 col-sm-7 col-xs-12\">\n\t\t\t\t\t\t\t\t<h2 info=26 class=\"infotronik_page_title_big\">Festa del Sacro Cuore 2023<\/h2>\n\t\t\t\t\t\t\t\t<p><\/p>\n\t\t\t\t\t\t\t<\/div>\n\t\t\t\n\t\t\t\t\t\t\t<div class=\"do-breadcumb\"><ul><\/ul><\/div>\n\t\t\t\t\t\t<\/div>\n\t\t\t\n\t\t\t\t\t<\/div>\n\t\t\t\t<\/div>\n\t\t\t<\/section>\n\t\t[vc_empty_space height=\u00a0\u00bb20px\u00a0\u00bb][vc_row_inner][vc_column_inner][vc_column_text]<strong>Quand :<\/strong> samedi 16 et dimanche 17 septembre 2023 <strong>Lieu :<\/strong> Borgo di Montetiffi &#8211; <span style=\"color: #000000;\"><span style=\"font-family: Verdana, sans-serif;\"><span style=\"font-size: small;\">Sogliano al Rubicone<\/span><\/span><\/span> <strong>Acc\u00e8s : <\/strong>Entr\u00e9e libre <strong>Info : <\/strong>3358432244<\/p>\n<div class=\"\" data-block=\"true\" data-editor=\"9nspi\" data-offset-key=\"5n9hp-0-0\"><\/div>\n<p>S<strong>amedi 16 septembre<\/strong> 18:00 \u00ab\u00a0VERTICAL EVENTS\u00a0\u00bb spectacles d&rsquo;acrobates suspendus 21:00 : Musique des ann\u00e9es 80\/90 \u00ab\u00a0MAMA PARTY BAND\u00a0\u00bb Stands gastronomiques<strong>Dimanche 17 septembre<\/strong> 11:00 &#8211; Messe avec procession 12:00 Stands gastronomiques 13:30 &#8211; Orchestre \u00ab\u00a0LA TRADUZIONE\u00a0\u00bb.<\/p>\n<p><span style=\"font-size: 1rem;\">L&rsquo;abbaye de San Leonardo et le mus\u00e9e Agostino Venanzio Reali, l&rsquo;atelier de cuisson et son ancien four seront ouverts \u00e0 la visite.<\/span><\/p>\n<div class=\"\" data-block=\"true\" data-editor=\"9nspi\" data-offset-key=\"5n9hp-0-0\">\n<div class=\"_1mf _1mj\" data-offset-key=\"5n9hp-0-0\">\n<p><span style=\"font-size: 1rem;\">Le long du village, des artisans de m\u00e9tiers anciens, des jeux et des stands de restauration, des animations pour les enfants et un spectacle de feu final.<\/span><\/p>\n<\/div>\n<\/div>\n<p>[\/vc_column_text][vc_single_image image=\u00a0\u00bb23980&Prime; img_size=\u00a0\u00bbfull\u00a0\u00bb alignment=\u00a0\u00bbcenter\u00a0\u00bb onclick=\u00a0\u00bbimg_link_large\u00a0\u00bb][vc_empty_space height=\u00a0\u00bb20px\u00a0\u00bb][vc_single_image image=\u00a0\u00bb23978&Prime; img_size=\u00a0\u00bbfull\u00a0\u00bb alignment=\u00a0\u00bbcenter\u00a0\u00bb onclick=\u00a0\u00bbimg_link_large\u00a0\u00bb][\/vc_column_inner][\/vc_row_inner][\/vc_column][\/vc_row]<\/p>\n","protected":false},"excerpt":{"rendered":"<p>[vc_row full_width=\u00a0\u00bbstretch_row_content_no_spaces\u00a0\u00bb][vc_column][vc_single_image image=\u00a0\u00bb17728&Prime; img_size=\u00a0\u00bb1920 x 450&Prime; alignment=\u00a0\u00bbcenter\u00a0\u00bb el_class=\u00a0\u00bbinfotronik_banner_pagina\u00a0\u00bb][vc_empty_space height=\u00a0\u00bb20px\u00a0\u00bb][vc_row_inner][vc_column_inner][vc_column_text]Quand : samedi 16 et dimanche 17 septembre 2023 Lieu : Borgo di&#8230;<\/p>\n","protected":false},"author":3,"featured_media":23979,"comment_status":"closed","ping_status":"open","sticky":false,"template":"","format":"standard","meta":{"loftloader_page_shortcode":""},"categories":[826,822,836],"tags":[904,1027,866,905,1026,829,918],"_links":{"self":[{"href":"https:\/\/www.visitsoglianoalrubicone.it\/fr\/wp-json\/wp\/v2\/posts\/23976"}],"collection":[{"href":"https:\/\/www.visitsoglianoalrubicone.it\/fr\/wp-json\/wp\/v2\/posts"}],"about":[{"href":"https:\/\/www.visitsoglianoalrubicone.it\/fr\/wp-json\/wp\/v2\/types\/post"}],"author":[{"embeddable":true,"href":"https:\/\/www.visitsoglianoalrubicone.it\/fr\/wp-json\/wp\/v2\/users\/3"}],"replies":[{"embeddable":true,"href":"https:\/\/www.visitsoglianoalrubicone.it\/fr\/wp-json\/wp\/v2\/comments?post=23976"}],"version-history":[{"count":2,"href":"https:\/\/www.visitsoglianoalrubicone.it\/fr\/wp-json\/wp\/v2\/posts\/23976\/revisions"}],"predecessor-version":[{"id":24025,"href":"https:\/\/www.visitsoglianoalrubicone.it\/fr\/wp-json\/wp\/v2\/posts\/23976\/revisions\/24025"}],"wp:featuredmedia":[{"embeddable":true,"href":"https:\/\/www.visitsoglianoalrubicone.it\/fr\/wp-json\/wp\/v2\/media\/23979"}],"wp:attachment":[{"href":"https:\/\/www.visitsoglianoalrubicone.it\/fr\/wp-json\/wp\/v2\/media?parent=23976"}],"wp:term":[{"taxonomy":"category","embeddable":true,"href":"https:\/\/www.visitsoglianoalrubicone.it\/fr\/wp-json\/wp\/v2\/categories?post=23976"},{"taxonomy":"post_tag","embeddable":true,"href":"https:\/\/www.visitsoglianoalrubicone.it\/fr\/wp-json\/wp\/v2\/tags?post=23976"}],"curies":[{"name":"wp","href":"https:\/\/api.w.org\/{rel}","templated":true}]}}