{"id":24088,"date":"2023-05-10T11:19:28","date_gmt":"2023-05-10T11:19:28","guid":{"rendered":"https:\/\/www.visitsoglianoalrubicone.it\/laboratori-2023-de-manolo-benvenuti-rendez-vous-annules\/"},"modified":"2024-12-06T10:23:09","modified_gmt":"2024-12-06T10:23:09","slug":"laboratori-2023-de-manolo-benvenuti-rendez-vous-annules","status":"publish","type":"post","link":"https:\/\/www.visitsoglianoalrubicone.it\/fr\/laboratori-2023-de-manolo-benvenuti-rendez-vous-annules\/","title":{"rendered":"LaboratORI 2023 de Manolo Benvenuti &#8211; rendez-vous annul\u00e9s"},"content":{"rendered":"<p>[vc_row full_width=\u00a0\u00bbstretch_row_content_no_spaces\u00a0\u00bb][vc_column][vc_single_image image=\u00a0\u00bb24090&Prime; img_size=\u00a0\u00bb1920 x 450&Prime; alignment=\u00a0\u00bbcenter\u00a0\u00bb el_class=\u00a0\u00bbinfotronik_banner_pagina\u00a0\u00bb]\n\t\t\t<section class=\"do-normal-page-title-section infotronik_page_title_section_little\">\n\t\t\t\t<div class=\"container\">\n\t\t\t\t\t<div class=\"row uppercase\">\n\t\t\t\n\t\t\t\t\t\t<div class=\"do-page-title-wrapper\">\n\t\t\t\t\t\t\t<div class=\"do-default-page-title col-md-7 col-sm-7 col-xs-12\">\n\t\t\t\t\t\t\t\t<h2 info=42 class=\"infotronik_page_title_little\">LaboratORI 2023 a cura di Manolo Benvenuti<\/h2>\n\t\t\t\t\t\t\t\t<p><\/p>\n\t\t\t\t\t\t\t<\/div>\n\t\t\t\n\t\t\t\t\t\t\t<div class=\"do-breadcumb\"><ul><\/ul><\/div>\n\t\t\t\t\t\t<\/div>\n\t\t\t\n\t\t\t\t\t<\/div>\n\t\t\t\t<\/div>\n\t\t\t<\/section>\n\t\t[vc_empty_space height=\u00a0\u00bb20px\u00a0\u00bb][vc_row_inner][vc_column_inner][vc_column_text]<\/p>\n<p style=\"text-align: left;\"><strong>Les journ\u00e9es d&rsquo;atelier pr\u00e9vues les vendredi 26 et samedi 27 n&rsquo;auront pas lieu en raison de l&rsquo;annulation de l&rsquo;\u00e9v\u00e9nement Ori \u00e0 Sogliano.<\/strong><\/p>\n<p><strong>Lieu de travail :  <\/strong><strong> <\/strong><br \/>\npiazza Matteotti, Centro Storico Sogliano al Rubicone (en cas de mauvais temps, il sera d\u00e9plac\u00e9 \u00e0 l&rsquo;int\u00e9rieur de l&rsquo;ancienne \u00e9cole) <strong>Participation : <\/strong>gratuite <strong>Inscription : <\/strong>bienvenue en envoyant un e-mail avec : nom, pr\u00e9nom, num\u00e9ro de t\u00e9l\u00e9phone \u00e0 <a href=\"mailto:ufficioturisitico@comune.sogliano.fc.it\" target=\"_blank\" rel=\"noopener\">ufficioturisitico@comune.sogliano.fc.it<\/a> ou en t\u00e9l\u00e9phonant au<strong>0541\/817340<\/strong> pendant les heures suivantes (8:30-14:30 lundi, mercredi, jeudi et vendredi ; 10:00-13:00 samedi et dimanche)[\/vc_column_text][vc_single_image image=\u00a0\u00bb24092&Prime; img_size=\u00a0\u00bbfull\u00a0\u00bb alignment=\u00a0\u00bbcenter\u00a0\u00bb onclick=\u00a0\u00bblink_image\u00a0\u00bb][vc_empty_space height=\u00a0\u00bb50px\u00a0\u00bb][\/vc_column_inner][\/vc_row_inner][\/vc_column][\/vc_row]<\/p>\n","protected":false},"excerpt":{"rendered":"<p>[vc_row full_width=\u00a0\u00bbstretch_row_content_no_spaces\u00a0\u00bb][vc_column][vc_single_image image=\u00a0\u00bb24090&Prime; img_size=\u00a0\u00bb1920 x 450&Prime; alignment=\u00a0\u00bbcenter\u00a0\u00bb el_class=\u00a0\u00bbinfotronik_banner_pagina\u00a0\u00bb][vc_empty_space height=\u00a0\u00bb20px\u00a0\u00bb][vc_row_inner][vc_column_inner][vc_column_text] Les journ\u00e9es d&rsquo;atelier pr\u00e9vues les vendredi 26 et samedi 27 n&rsquo;auront pas&#8230;<\/p>\n","protected":false},"author":3,"featured_media":24091,"comment_status":"closed","ping_status":"open","sticky":false,"template":"","format":"standard","meta":{"loftloader_page_shortcode":""},"categories":[826,822],"tags":[825,1199,1200,1083,829,918],"_links":{"self":[{"href":"https:\/\/www.visitsoglianoalrubicone.it\/fr\/wp-json\/wp\/v2\/posts\/24088"}],"collection":[{"href":"https:\/\/www.visitsoglianoalrubicone.it\/fr\/wp-json\/wp\/v2\/posts"}],"about":[{"href":"https:\/\/www.visitsoglianoalrubicone.it\/fr\/wp-json\/wp\/v2\/types\/post"}],"author":[{"embeddable":true,"href":"https:\/\/www.visitsoglianoalrubicone.it\/fr\/wp-json\/wp\/v2\/users\/3"}],"replies":[{"embeddable":true,"href":"https:\/\/www.visitsoglianoalrubicone.it\/fr\/wp-json\/wp\/v2\/comments?post=24088"}],"version-history":[{"count":2,"href":"https:\/\/www.visitsoglianoalrubicone.it\/fr\/wp-json\/wp\/v2\/posts\/24088\/revisions"}],"predecessor-version":[{"id":24109,"href":"https:\/\/www.visitsoglianoalrubicone.it\/fr\/wp-json\/wp\/v2\/posts\/24088\/revisions\/24109"}],"wp:featuredmedia":[{"embeddable":true,"href":"https:\/\/www.visitsoglianoalrubicone.it\/fr\/wp-json\/wp\/v2\/media\/24091"}],"wp:attachment":[{"href":"https:\/\/www.visitsoglianoalrubicone.it\/fr\/wp-json\/wp\/v2\/media?parent=24088"}],"wp:term":[{"taxonomy":"category","embeddable":true,"href":"https:\/\/www.visitsoglianoalrubicone.it\/fr\/wp-json\/wp\/v2\/categories?post=24088"},{"taxonomy":"post_tag","embeddable":true,"href":"https:\/\/www.visitsoglianoalrubicone.it\/fr\/wp-json\/wp\/v2\/tags?post=24088"}],"curies":[{"name":"wp","href":"https:\/\/api.w.org\/{rel}","templated":true}]}}