{"id":24158,"date":"2023-04-29T10:54:46","date_gmt":"2023-04-29T10:54:46","guid":{"rendered":"https:\/\/www.visitsoglianoalrubicone.it\/xxii-9-neuf-collines-en-vespa\/"},"modified":"2024-12-06T10:24:12","modified_gmt":"2024-12-06T10:24:12","slug":"xxii-9-neuf-collines-en-vespa","status":"publish","type":"post","link":"https:\/\/www.visitsoglianoalrubicone.it\/fr\/xxii-9-neuf-collines-en-vespa\/","title":{"rendered":"XXII 9 Neuf collines en Vespa"},"content":{"rendered":"<p>[vc_row full_width=\u00a0\u00bbstretch_row_content_no_spaces\u00a0\u00bb][vc_column][vc_single_image image=\u00a0\u00bb24162&Prime; img_size=\u00a0\u00bb1920 x 450&Prime; alignment=\u00a0\u00bbcenter\u00a0\u00bb el_class=\u00a0\u00bbinfotronik_banner_pagina\u00a0\u00bb]\n\t\t\t<section class=\"do-normal-page-title-section\">\n\t\t\t\t<div class=\"container\">\n\t\t\t\t\t<div class=\"row uppercase\">\n\t\t\t\n\t\t\t\t\t\t<div class=\"do-page-title-wrapper\">\n\t\t\t\t\t\t\t<div class=\"do-default-page-title col-md-7 col-sm-7 col-xs-12\">\n\t\t\t\t\t\t\t\t<h2 info=24 class=\"infotronik_page_title_big\">XXII Nove Colli in Vespa<\/h2>\n\t\t\t\t\t\t\t\t<p><\/p>\n\t\t\t\t\t\t\t<\/div>\n\t\t\t\n\t\t\t\t\t\t\t<div class=\"do-breadcumb\"><ul><\/ul><\/div>\n\t\t\t\t\t\t<\/div>\n\t\t\t\n\t\t\t\t\t<\/div>\n\t\t\t\t<\/div>\n\t\t\t<\/section>\n\t\t[vc_empty_space height=\u00a0\u00bb20px\u00a0\u00bb][vc_row_inner][vc_column_inner][vc_column_text]<strong>\u00c9V\u00c9NEMENT ANNUL\u00c9<\/strong><\/p>\n<p>Dimanche 28 mai, tout le monde en selle pour rouler sur les routes du NOVE COLLI \u00c0 VESPA !<\/p>\n<p>PROGRAMME DE L&rsquo;\u00c9V\u00c9NEMENT 7h30 Rendez-vous au Bar Berardi (bar bot), via XX SETTEMBRE, \u00e0 c\u00f4t\u00e9 du terrain de sport de San Mauro Pascoli &#8211; FC. 7h45 Accueil des inscrits complets et l\u00e9gers (remise du dossier d&rsquo;inscription) Petit d\u00e9jeuner au bar. 9h00 Cl\u00f4ture des inscriptions. 9h15 D\u00e9part pour les XXII Nove Colli in Vespa.<\/p>\n<p>10 h 45 Arr\u00eat ravitaillement au Mercato Saraceno. 12 h 30 &#8211; 13 h 00 Arriv\u00e9e au Pro Loco di Sogliano al Rubicone o\u00f9 nous d\u00e9jeunerons et remettrons un souvenir de l&rsquo;\u00e9v\u00e9nement \u00e0 tous les clubs Vespa participant \u00e0 l&rsquo;\u00e9v\u00e9nement. INSCRIPTION L\u00c9G\u00c8RE :15 \u20ac petit d\u00e9jeuner &#8211; chemise INSCRIPTION COMPL\u00c8TE :35 \u20ac petit d\u00e9jeuner &#8211; chemise &#8211; d\u00e9jeuner Pour info : Tomaso 328 3663314 &#8211; Loris 335 8272775 &#8211; Maurizio 335 5759321[\/vc_column_text][vc_single_image image=\u00a0\u00bb24160&Prime; img_size=\u00a0\u00bbfull\u00a0\u00bb alignment=\u00a0\u00bbcenter\u00a0\u00bb onclick=\u00a0\u00bblink_image\u00a0\u00bb][vc_empty_space height=\u00a0\u00bb20px\u00a0\u00bb][\/vc_column_inner][\/vc_row_inner][\/vc_column][\/vc_row]<\/p>\n","protected":false},"excerpt":{"rendered":"<p>[vc_row full_width=\u00a0\u00bbstretch_row_content_no_spaces\u00a0\u00bb][vc_column][vc_single_image image=\u00a0\u00bb24162&Prime; img_size=\u00a0\u00bb1920 x 450&Prime; alignment=\u00a0\u00bbcenter\u00a0\u00bb el_class=\u00a0\u00bbinfotronik_banner_pagina\u00a0\u00bb][vc_empty_space height=\u00a0\u00bb20px\u00a0\u00bb][vc_row_inner][vc_column_inner][vc_column_text]\u00c9V\u00c9NEMENT ANNUL\u00c9 Dimanche 28 mai, tout le monde en selle pour rouler sur&#8230;<\/p>\n","protected":false},"author":3,"featured_media":24161,"comment_status":"closed","ping_status":"open","sticky":false,"template":"","format":"standard","meta":{"loftloader_page_shortcode":""},"categories":[822,835],"tags":[825,1116,1398,1399,829,1397],"_links":{"self":[{"href":"https:\/\/www.visitsoglianoalrubicone.it\/fr\/wp-json\/wp\/v2\/posts\/24158"}],"collection":[{"href":"https:\/\/www.visitsoglianoalrubicone.it\/fr\/wp-json\/wp\/v2\/posts"}],"about":[{"href":"https:\/\/www.visitsoglianoalrubicone.it\/fr\/wp-json\/wp\/v2\/types\/post"}],"author":[{"embeddable":true,"href":"https:\/\/www.visitsoglianoalrubicone.it\/fr\/wp-json\/wp\/v2\/users\/3"}],"replies":[{"embeddable":true,"href":"https:\/\/www.visitsoglianoalrubicone.it\/fr\/wp-json\/wp\/v2\/comments?post=24158"}],"version-history":[{"count":2,"href":"https:\/\/www.visitsoglianoalrubicone.it\/fr\/wp-json\/wp\/v2\/posts\/24158\/revisions"}],"predecessor-version":[{"id":24204,"href":"https:\/\/www.visitsoglianoalrubicone.it\/fr\/wp-json\/wp\/v2\/posts\/24158\/revisions\/24204"}],"wp:featuredmedia":[{"embeddable":true,"href":"https:\/\/www.visitsoglianoalrubicone.it\/fr\/wp-json\/wp\/v2\/media\/24161"}],"wp:attachment":[{"href":"https:\/\/www.visitsoglianoalrubicone.it\/fr\/wp-json\/wp\/v2\/media?parent=24158"}],"wp:term":[{"taxonomy":"category","embeddable":true,"href":"https:\/\/www.visitsoglianoalrubicone.it\/fr\/wp-json\/wp\/v2\/categories?post=24158"},{"taxonomy":"post_tag","embeddable":true,"href":"https:\/\/www.visitsoglianoalrubicone.it\/fr\/wp-json\/wp\/v2\/tags?post=24158"}],"curies":[{"name":"wp","href":"https:\/\/api.w.org\/{rel}","templated":true}]}}