{"id":24302,"date":"2023-02-11T08:39:10","date_gmt":"2023-02-11T08:39:10","guid":{"rendered":"https:\/\/www.visitsoglianoalrubicone.it\/fuoriluogo-9eme-edition\/"},"modified":"2024-12-06T10:24:38","modified_gmt":"2024-12-06T10:24:38","slug":"fuoriluogo-9eme-edition","status":"publish","type":"post","link":"https:\/\/www.visitsoglianoalrubicone.it\/fr\/fuoriluogo-9eme-edition\/","title":{"rendered":"FuoriLuogo &#8211; 9\u00e8me \u00e9dition"},"content":{"rendered":"<p>[vc_row full_width=\u00a0\u00bbstretch_row_content_no_spaces\u00a0\u00bb][vc_column][vc_single_image image=\u00a0\u00bb24305&Prime; img_size=\u00a0\u00bb1920 x 450&Prime; alignment=\u00a0\u00bbcenter\u00a0\u00bb el_class=\u00a0\u00bbinfotronik_banner_pagina\u00a0\u00bb]\n\t\t\t<section class=\"do-normal-page-title-section infotronik_page_title_section_little\">\n\t\t\t\t<div class=\"container\">\n\t\t\t\t\t<div class=\"row uppercase\">\n\t\t\t\n\t\t\t\t\t\t<div class=\"do-page-title-wrapper\">\n\t\t\t\t\t\t\t<div class=\"do-default-page-title col-md-7 col-sm-7 col-xs-12\">\n\t\t\t\t\t\t\t\t<h2 info=50 class=\"infotronik_page_title_little\">FuoriLuogo - Teatro fuori dal teatro - IX edizione<\/h2>\n\t\t\t\t\t\t\t\t<p><\/p>\n\t\t\t\t\t\t\t<\/div>\n\t\t\t\n\t\t\t\t\t\t\t<div class=\"do-breadcumb\"><ul><\/ul><\/div>\n\t\t\t\t\t\t<\/div>\n\t\t\t\n\t\t\t\t\t<\/div>\n\t\t\t\t<\/div>\n\t\t\t<\/section>\n\t\t[vc_empty_space height=\u00a0\u00bb20px\u00a0\u00bb][vc_row_inner][vc_column_inner][vc_column_text]Dans la programmation de \u00ab\u00a0Prova d&rsquo;Attore\u00a0\u00bb revient<strong>\u00ab\u00a0FuoriLuogo\u00a0\u00bb<\/strong>, une revue consacr\u00e9e \u00e0 la narration th\u00e9\u00e2trale dans des espaces de mise en sc\u00e8ne non conventionnels. Une pratique sous le signe du th\u00e9\u00e2tre diffus, pour donner place au th\u00e9\u00e2tre aussi en dehors du th\u00e9\u00e2tre, en nourrissant et en consolidant une dimension effective (et affective) de la communaut\u00e9 th\u00e9\u00e2trale. <\/p>\n<p><strong>MARCO CORTESI &#8211; MARA MOSCHINI par Marco Cortesi &#8211; Comment je sauve votre plan\u00e8te<\/strong><br \/>\n<em><strong>28 janvier \u00e0 21h00<\/strong><\/em><br \/>\n<em><strong>Montetiffi, Abbaye de San Leonardo<\/strong><\/em><br \/>\nLa production Ass. Moka \u00ab\u00a0How I save your Planet\u00a0\u00bb est le premier \u00e9v\u00e9nement en direct de Green Storytellers &#8211; TV Series. Un \u00e9v\u00e9nement-spectacle o\u00f9 nous aborderons les th\u00e8mes d\u00e9licats de la durabilit\u00e9, du respect de la plan\u00e8te et de la crise climatique dans un seul but : transmettre le d\u00e9sir de changer les choses ! Un \u00e9v\u00e9nement qui vous fera sourire, sans jamais perdre le s\u00e9rieux de l&rsquo;approche scientifique, mais avec la conviction que, si nous le voulons, nous pouvons vraiment faire la diff\u00e9rence en nous red\u00e9couvrant plus conscients et plus heureux. Le spectacle \u00ab\u00a0How I&rsquo;m Saving Your Planet\u00a0\u00bb met en sc\u00e8ne quatre histoires tr\u00e8s personnelles, ironiques, dr\u00f4les, absurdes et \u00e9mouvantes pour vous raconter comment nous avons r\u00e9alis\u00e9 que faire quelque chose pour la plan\u00e8te est transformateur. Il n&rsquo;est jamais facile de parler de d\u00e9veloppement durable. C&rsquo;est un sujet qui s&rsquo;accompagne souvent d&rsquo;un sentiment de d\u00e9faite et de pessimisme, mais pas dans notre cas&#8230; Le gaspillage alimentaire, la lutte contre la faim, la pollution plastique, la mobilit\u00e9 durable, la r\u00e9utilisation et le recyclage&#8230; Nous parlerons de tout cela et de bien d&rsquo;autres choses encore dans notre style caract\u00e9ristique : chercher le positif dans le monde qui nous entoure et avoir le courage de changer les choses. On dit que ce spectacle est capable de faire rire aux \u00e9clats et d&rsquo;\u00e9mouvoir aux larmes&#8230; Nous essayons simplement de vous dire ce en quoi nous croyons profond\u00e9ment. L&rsquo;objectif est de vous faire vivre le m\u00eame parcours d&rsquo;exp\u00e9riences et de rencontres qui nous a permis de d\u00e9couvrir que prendre soin de l&rsquo;environnement \u00e9tait l&rsquo;une des plus belles choses que l&rsquo;on pouvait choisir ! <\/p>\n<p><strong>FRANCESCO GOBBI &#8211; Et maintenant, nous sommes quoi ?<\/strong><br \/>\n<em><strong>3 mars \u00e0 21h00<\/strong><\/em><br \/>\n<em><strong>Bagnolo, centre civique (ancienne carrosserie), via Bagnolo Chiesa 4<\/strong><\/em><\/p>\n<p>\u00ab\u00a0&#8230;And now we are what\u00a0\u00bb raconte un voyage en compagnie de disques et de platines qui traverse les d\u00e9cennies des ann\u00e9es 70, 80 et 90 du si\u00e8cle dernier. Il raconte les nombreuses fa\u00e7ons d&rsquo;\u00eatre, mais pas seulement : nous pouvions choisir, \u00e0 cette \u00e9poque, de nombreuses sous-cultures qui pouvaient \u00eatre \u00ab\u00a0mari\u00e9es\u00a0\u00bb. Vous vous souvenez ?<br \/>\nLes punks, les m\u00e9tallos, les paninariens, les rappeurs&#8230; les v\u00eatements, la fa\u00e7on de penser, d&rsquo;\u00eatre ou peut-\u00eatre seulement de regarder&#8230; Ils nous faisaient r\u00eaver au monde que nous voulions, qui nous semblait plus juste, un monde confortable en tout cas, parce que nous avions tout ou une bonne partie de tout : le bien-\u00eatre, les libert\u00e9s&#8230; ils \u00e9taient si nombreux, surtout en \u00e9t\u00e9, quand nous ne rentrions \u00e0 la maison que pour manger et faire ce petit bout de devoir, tandis que nous grandissions entre amis, en bande.  <\/p>\n<p><strong>ANDREA MARINELLI &#8211; Je ne voulais pas \u00eatre agricultrice<\/strong><br \/>\n<strong><em>6 avril \u00e0 21h00<\/em><\/strong><br \/>\n<strong><em>Montetiffi, atelier Teglie, via Montetiffi Fosso Ville 79<\/em><\/strong><\/p>\n<p>Bas\u00e9 sur le livre du m\u00eame nom de Matteo Pagliarani, il offrira des conseils pratiques sur la mani\u00e8re d&rsquo;aborder le travail de la terre, celui de l&rsquo;agriculteur, avec un nouveau regard, attach\u00e9 aux traditions mais aussi tourn\u00e9 vers l&rsquo;innovation.<\/p>\n<p><strong>BILLETS : \u20ac 5<\/strong><br \/>\n<strong>INFORMATIONS ET R\u00c9SERVATIONS : 3703685093<br \/>\n<\/strong>[\/vc_column_text][vc_empty_space height=\u00a0\u00bb50px\u00a0\u00bb][vc_single_image image=\u00a0\u00bb24306&Prime; img_size=\u00a0\u00bbfull\u00a0\u00bb alignment=\u00a0\u00bbcenter\u00a0\u00bb onclick=\u00a0\u00bblink_image\u00a0\u00bb][vc_single_image image=\u00a0\u00bb24307&Prime; img_size=\u00a0\u00bbfull\u00a0\u00bb alignment=\u00a0\u00bbcenter\u00a0\u00bb onclick=\u00a0\u00bblink_image\u00a0\u00bb][vc_single_image image=\u00a0\u00bb24308&Prime; img_size=\u00a0\u00bbfull\u00a0\u00bb alignment=\u00a0\u00bbcenter\u00a0\u00bb onclick=\u00a0\u00bblink_image\u00a0\u00bb][vc_single_image image=\u00a0\u00bb24309&Prime; img_size=\u00a0\u00bbfull\u00a0\u00bb alignment=\u00a0\u00bbcenter\u00a0\u00bb onclick=\u00a0\u00bblink_image\u00a0\u00bb][\/vc_column_inner][\/vc_row_inner][\/vc_column][\/vc_row]<\/p>\n","protected":false},"excerpt":{"rendered":"<p>[vc_row full_width=\u00a0\u00bbstretch_row_content_no_spaces\u00a0\u00bb][vc_column][vc_single_image image=\u00a0\u00bb24305&Prime; img_size=\u00a0\u00bb1920 x 450&Prime; alignment=\u00a0\u00bbcenter\u00a0\u00bb el_class=\u00a0\u00bbinfotronik_banner_pagina\u00a0\u00bb][vc_empty_space height=\u00a0\u00bb20px\u00a0\u00bb][vc_row_inner][vc_column_inner][vc_column_text]Dans la programmation de \u00ab\u00a0Prova d&rsquo;Attore\u00a0\u00bb revient\u00ab\u00a0FuoriLuogo\u00a0\u00bb, une revue consacr\u00e9e \u00e0 la narration&#8230;<\/p>\n","protected":false},"author":3,"featured_media":24304,"comment_status":"closed","ping_status":"open","sticky":false,"template":"","format":"standard","meta":{"loftloader_page_shortcode":""},"categories":[826,822],"tags":[1429,825,1337,1122,1338,829],"_links":{"self":[{"href":"https:\/\/www.visitsoglianoalrubicone.it\/fr\/wp-json\/wp\/v2\/posts\/24302"}],"collection":[{"href":"https:\/\/www.visitsoglianoalrubicone.it\/fr\/wp-json\/wp\/v2\/posts"}],"about":[{"href":"https:\/\/www.visitsoglianoalrubicone.it\/fr\/wp-json\/wp\/v2\/types\/post"}],"author":[{"embeddable":true,"href":"https:\/\/www.visitsoglianoalrubicone.it\/fr\/wp-json\/wp\/v2\/users\/3"}],"replies":[{"embeddable":true,"href":"https:\/\/www.visitsoglianoalrubicone.it\/fr\/wp-json\/wp\/v2\/comments?post=24302"}],"version-history":[{"count":2,"href":"https:\/\/www.visitsoglianoalrubicone.it\/fr\/wp-json\/wp\/v2\/posts\/24302\/revisions"}],"predecessor-version":[{"id":24374,"href":"https:\/\/www.visitsoglianoalrubicone.it\/fr\/wp-json\/wp\/v2\/posts\/24302\/revisions\/24374"}],"wp:featuredmedia":[{"embeddable":true,"href":"https:\/\/www.visitsoglianoalrubicone.it\/fr\/wp-json\/wp\/v2\/media\/24304"}],"wp:attachment":[{"href":"https:\/\/www.visitsoglianoalrubicone.it\/fr\/wp-json\/wp\/v2\/media?parent=24302"}],"wp:term":[{"taxonomy":"category","embeddable":true,"href":"https:\/\/www.visitsoglianoalrubicone.it\/fr\/wp-json\/wp\/v2\/categories?post=24302"},{"taxonomy":"post_tag","embeddable":true,"href":"https:\/\/www.visitsoglianoalrubicone.it\/fr\/wp-json\/wp\/v2\/tags?post=24302"}],"curies":[{"name":"wp","href":"https:\/\/api.w.org\/{rel}","templated":true}]}}