{"id":24398,"date":"2023-02-15T08:45:06","date_gmt":"2023-02-15T08:45:06","guid":{"rendered":"https:\/\/www.visitsoglianoalrubicone.it\/piste-du-rubicon-2023\/"},"modified":"2024-12-06T10:24:49","modified_gmt":"2024-12-06T10:24:49","slug":"piste-du-rubicon-2023","status":"publish","type":"post","link":"https:\/\/www.visitsoglianoalrubicone.it\/fr\/piste-du-rubicon-2023\/","title":{"rendered":"Piste du Rubicon 2023"},"content":{"rendered":"<p>[vc_row full_width=\u00a0\u00bbstretch_row_content_no_spaces\u00a0\u00bb][vc_column][vc_single_image image=\u00a0\u00bb22323&Prime; img_size=\u00a0\u00bb1920 x 450&Prime; alignment=\u00a0\u00bbcenter\u00a0\u00bb el_class=\u00a0\u00bbinfotronik_banner_pagina\u00a0\u00bb]\n\t\t\t<section class=\"do-normal-page-title-section\">\n\t\t\t\t<div class=\"container\">\n\t\t\t\t\t<div class=\"row uppercase\">\n\t\t\t\n\t\t\t\t\t\t<div class=\"do-page-title-wrapper\">\n\t\t\t\t\t\t\t<div class=\"do-default-page-title col-md-7 col-sm-7 col-xs-12\">\n\t\t\t\t\t\t\t\t<h2 info=21 class=\"infotronik_page_title_big\">Piste du Rubicon 2023<\/h2>\n\t\t\t\t\t\t\t\t<p><\/p>\n\t\t\t\t\t\t\t<\/div>\n\t\t\t\n\t\t\t\t\t\t\t<div class=\"do-breadcumb\"><ul><\/ul><\/div>\n\t\t\t\t\t\t<\/div>\n\t\t\t\n\t\t\t\t\t<\/div>\n\t\t\t\t<\/div>\n\t\t\t<\/section>\n\t\t[vc_empty_space height=\u00a0\u00bb20px\u00a0\u00bb][vc_row_inner][vc_column_inner][vc_column_text]<\/p>\n<p>\n<strong>Periodo:<\/strong> domenica 02 aprile 2023<br\/><strong>Ora inizio:<\/strong> 05:30<br\/><strong>Luogo: <\/strong>piazza Matteotti, Sogliano al Rubicone<br\/><strong>Quota di partecipazione:<\/strong> a seconda del percorso scelto\u00a0 &#8211; prenotazione obbligatoria<br\/><strong>Iscrizione e termine:<\/strong> le iscrizioni verranno chiuse il 31 Marzo o al raggiungimento di 600 iscritti totali.<br\/><strong>Info e prenotazioni:<\/strong><a href=\"mailto:trailrubicone@gmail.com\">\u00a0<\/a><strong><a href=\"https:\/\/www.rubiconeforsport.it\/\" target=\"_blank\" rel=\"noopener\">https:\/\/www.rubiconeforsport.it\/\u00a0<\/a>\u00a0 &#8211;\u00a0<\/strong><a href=\"mailto:trailrubicone@gmail.com\">trailrubicone@gmail.com<\/a>&#13;\n<p>7\u00e8me \u00e9dition du TRAIL DEL RUBICONE, la passion pour la course \u00e0 pied, la nature et le territoire se conjuguent avec le tourisme et les institutions de la r\u00e9gion. C&rsquo;est ainsi qu&rsquo;est n\u00e9e l&rsquo;opportunit\u00e9 de d\u00e9couvrir, en s&rsquo;amusant, les sentiers charg\u00e9s d&rsquo;histoire qui traversent la commune de Sogliano al Rubicone. <\/p>&#13;\n<p>Le TRAIL RUBICONE est une comp\u00e9tition de course \u00e0 pied et de marche r\u00e9cr\u00e9ative dans la nature. Le parcours se d\u00e9roulera le long des \u00ab\u00a0Sentieri dell&rsquo; Alto Rubicone\u00a0\u00bb (Sentiers du Haut Rubicone), avec un d\u00e9part et une arriv\u00e9e sur la place de Sogliano al Rubicone (FC). <br\/>La passion de la course \u00e0 pied, de la nature et du territoire, associ\u00e9e \u00e0 de bonnes amiti\u00e9s et \u00e0 des comp\u00e9tences professionnelles diff\u00e9rentes, ont donn\u00e9 naissance \u00e0 ce projet sp\u00e9cial : un \u00e9v\u00e9nement sportif o\u00f9 l&rsquo;histoire, le sport, le divertissement, le tourisme et les institutions s&rsquo;int\u00e8grent parfaitement.<\/p>&#13;\n<p>[\/vc_column_text][vc_single_image image=\u00a0\u00bb24400&Prime; img_size=\u00a0\u00bbfull\u00a0\u00bb alignment=\u00a0\u00bbcenter\u00a0\u00bb onclick=\u00a0\u00bblink_image\u00a0\u00bb][vc_empty_space height=\u00a0\u00bb50px\u00a0\u00bb][\/vc_column_inner][\/vc_row_inner][\/vc_column][\/vc_row]<\/p>","protected":false},"excerpt":{"rendered":"<p>[vc_row full_width=\u00a0\u00bbstretch_row_content_no_spaces\u00a0\u00bb][vc_column][vc_single_image image=\u00a0\u00bb22323&Prime; img_size=\u00a0\u00bb1920 x 450&Prime; alignment=\u00a0\u00bbcenter\u00a0\u00bb el_class=\u00a0\u00bbinfotronik_banner_pagina\u00a0\u00bb][vc_empty_space height=\u00a0\u00bb20px\u00a0\u00bb][vc_row_inner][vc_column_inner][vc_column_text] Periodo: domenica 02 aprile 2023Ora inizio: 05:30Luogo: piazza Matteotti, Sogliano al RubiconeQuota&#8230;<\/p>\n","protected":false},"author":3,"featured_media":21225,"comment_status":"closed","ping_status":"open","sticky":false,"template":"","format":"standard","meta":{"loftloader_page_shortcode":""},"categories":[822,835,967],"tags":[833,837,825,829,961,1322,839],"_links":{"self":[{"href":"https:\/\/www.visitsoglianoalrubicone.it\/fr\/wp-json\/wp\/v2\/posts\/24398"}],"collection":[{"href":"https:\/\/www.visitsoglianoalrubicone.it\/fr\/wp-json\/wp\/v2\/posts"}],"about":[{"href":"https:\/\/www.visitsoglianoalrubicone.it\/fr\/wp-json\/wp\/v2\/types\/post"}],"author":[{"embeddable":true,"href":"https:\/\/www.visitsoglianoalrubicone.it\/fr\/wp-json\/wp\/v2\/users\/3"}],"replies":[{"embeddable":true,"href":"https:\/\/www.visitsoglianoalrubicone.it\/fr\/wp-json\/wp\/v2\/comments?post=24398"}],"version-history":[{"count":2,"href":"https:\/\/www.visitsoglianoalrubicone.it\/fr\/wp-json\/wp\/v2\/posts\/24398\/revisions"}],"predecessor-version":[{"id":24429,"href":"https:\/\/www.visitsoglianoalrubicone.it\/fr\/wp-json\/wp\/v2\/posts\/24398\/revisions\/24429"}],"wp:featuredmedia":[{"embeddable":true,"href":"https:\/\/www.visitsoglianoalrubicone.it\/fr\/wp-json\/wp\/v2\/media\/21225"}],"wp:attachment":[{"href":"https:\/\/www.visitsoglianoalrubicone.it\/fr\/wp-json\/wp\/v2\/media?parent=24398"}],"wp:term":[{"taxonomy":"category","embeddable":true,"href":"https:\/\/www.visitsoglianoalrubicone.it\/fr\/wp-json\/wp\/v2\/categories?post=24398"},{"taxonomy":"post_tag","embeddable":true,"href":"https:\/\/www.visitsoglianoalrubicone.it\/fr\/wp-json\/wp\/v2\/tags?post=24398"}],"curies":[{"name":"wp","href":"https:\/\/api.w.org\/{rel}","templated":true}]}}