{"id":24708,"date":"2021-07-11T16:28:35","date_gmt":"2021-07-11T16:28:35","guid":{"rendered":"https:\/\/www.visitsoglianoalrubicone.it\/borgo-sonoro-in-my-ellington-mood-hommage-a-duke-ellington\/"},"modified":"2024-12-06T10:48:23","modified_gmt":"2024-12-06T10:48:23","slug":"borgo-sonoro-in-my-ellington-mood-hommage-a-duke-ellington","status":"publish","type":"post","link":"https:\/\/www.visitsoglianoalrubicone.it\/fr\/borgo-sonoro-in-my-ellington-mood-hommage-a-duke-ellington\/","title":{"rendered":"Borgo Sonoro &#8211; In my Ellington Mood &#8211; Hommage \u00e0 Duke Ellington"},"content":{"rendered":"<p>[vc_row full_width=\u00a0\u00bbstretch_row_content_no_spaces\u00a0\u00bb][vc_column][vc_single_image image=\u00a0\u00bb24609&Prime; img_size=\u00a0\u00bb1920 x 450&Prime; alignment=\u00a0\u00bbcenter\u00a0\u00bb el_class=\u00a0\u00bbinfotronik_banner_pagina\u00a0\u00bb]\n\t\t\t<section class=\"do-normal-page-title-section\">\n\t\t\t\t<div class=\"container\">\n\t\t\t\t\t<div class=\"row uppercase\">\n\t\t\t\n\t\t\t\t\t\t<div class=\"do-page-title-wrapper\">\n\t\t\t\t\t\t\t<div class=\"do-default-page-title col-md-7 col-sm-7 col-xs-12\">\n\t\t\t\t\t\t\t\t<h2 info=20 class=\"infotronik_page_title_big\">In my Ellington Mood<\/h2>\n\t\t\t\t\t\t\t\t<p><\/p>\n\t\t\t\t\t\t\t<\/div>\n\t\t\t\n\t\t\t\t\t\t\t<div class=\"do-breadcumb\"><ul><\/ul><\/div>\n\t\t\t\t\t\t<\/div>\n\t\t\t\n\t\t\t\t\t<\/div>\n\t\t\t\t<\/div>\n\t\t\t<\/section>\n\t\t[vc_empty_space height=\u00a0\u00bb20px\u00a0\u00bb][vc_row_inner][vc_column_inner][vc_column_text]<strong>Date :<\/strong> jeudi 12 ao\u00fbt 2021 <strong>D\u00e9but :<\/strong> 21 h 15 <strong>Co\u00fbt : <\/strong>6,00 \u20ac &#8211; r\u00e9servation obligatoire <strong>Lieu : <\/strong><span style=\"font-size: small;\">via Montegelli Chiesa, Montegelli<\/span> <strong>Info :<\/strong> +39 <span style=\"color: #050505;\"><span style=\"font-family: Segoe UI Historic, Segoe UI, Helvetica, Arial, sans-serif;\"><span style=\"font-size: small;\">351 791 7480<\/span><\/span><\/span> <strong>lien<\/strong>: <\/p>\n<p> <span style=\"color: #050505;\"><span style=\"font-family: Verdana, sans-serif;\"><span style=\"font-size: small;\"> <\/span><\/span><\/span><a href=\"https:\/\/biglietteriaonline.tm.vivaticket.com\/biglietteria\/listaEventiPub.do?idOwner=136146\" target=\"_blank\" rel=\"noopener\"><span style=\"font-size: small;\">https:\/\/www.vivaticket.com<\/span><\/a><\/p>\n<p>Le quartet propose une r\u00e9interpr\u00e9tation fra\u00eeche et dynamique de certains des morceaux les plus embl\u00e9matiques de la production de Duke Ellington, avec des arrangements originaux qui ne manquent pas de rendre hommage aux traits stylistiques les plus exquis d&rsquo;Ellington. La musique se d\u00e9ploie dans un voyage aux multiples facettes : des images sonores caract\u00e9ristiques de mondes r\u00eaveurs et sauvages aux ballades plus introspectives, tandis qu&rsquo;avec l&rsquo;ironie qui l&rsquo;a toujours distingu\u00e9, Ellington nous rappelle qu&rsquo;apr\u00e8s tout, dans la vie&#8230; \u00ab\u00a0rien ne compte si vous n&rsquo;avez pas ce swing !\u00a0\u00bb. Les chansons de ce concert sont extraites du projet d&rsquo;enregistrement In my Ellington mood, qui vient d&rsquo;\u00eatre publi\u00e9 sous le label Notami Jazz Records.[\/vc_column_text][vc_single_image image=\u00a0\u00bb24691&Prime; img_size=\u00a0\u00bbfull\u00a0\u00bb alignment=\u00a0\u00bbcenter\u00a0\u00bb onclick=\u00a0\u00bblink_image\u00a0\u00bb][vc_empty_space height=\u00a0\u00bb50px\u00a0\u00bb][\/vc_column_inner][\/vc_row_inner][\/vc_column][\/vc_row]<\/p>\n","protected":false},"excerpt":{"rendered":"<p>[vc_row full_width=\u00a0\u00bbstretch_row_content_no_spaces\u00a0\u00bb][vc_column][vc_single_image image=\u00a0\u00bb24609&Prime; img_size=\u00a0\u00bb1920 x 450&Prime; alignment=\u00a0\u00bbcenter\u00a0\u00bb el_class=\u00a0\u00bbinfotronik_banner_pagina\u00a0\u00bb][vc_empty_space height=\u00a0\u00bb20px\u00a0\u00bb][vc_row_inner][vc_column_inner][vc_column_text]Date : jeudi 12 ao\u00fbt 2021 D\u00e9but : 21 h 15 Co\u00fbt :&#8230;<\/p>\n","protected":false},"author":3,"featured_media":24691,"comment_status":"closed","ping_status":"open","sticky":false,"template":"","format":"standard","meta":{"loftloader_page_shortcode":""},"categories":[826,822],"tags":[909,825,829],"_links":{"self":[{"href":"https:\/\/www.visitsoglianoalrubicone.it\/fr\/wp-json\/wp\/v2\/posts\/24708"}],"collection":[{"href":"https:\/\/www.visitsoglianoalrubicone.it\/fr\/wp-json\/wp\/v2\/posts"}],"about":[{"href":"https:\/\/www.visitsoglianoalrubicone.it\/fr\/wp-json\/wp\/v2\/types\/post"}],"author":[{"embeddable":true,"href":"https:\/\/www.visitsoglianoalrubicone.it\/fr\/wp-json\/wp\/v2\/users\/3"}],"replies":[{"embeddable":true,"href":"https:\/\/www.visitsoglianoalrubicone.it\/fr\/wp-json\/wp\/v2\/comments?post=24708"}],"version-history":[{"count":2,"href":"https:\/\/www.visitsoglianoalrubicone.it\/fr\/wp-json\/wp\/v2\/posts\/24708\/revisions"}],"predecessor-version":[{"id":24742,"href":"https:\/\/www.visitsoglianoalrubicone.it\/fr\/wp-json\/wp\/v2\/posts\/24708\/revisions\/24742"}],"wp:featuredmedia":[{"embeddable":true,"href":"https:\/\/www.visitsoglianoalrubicone.it\/fr\/wp-json\/wp\/v2\/media\/24691"}],"wp:attachment":[{"href":"https:\/\/www.visitsoglianoalrubicone.it\/fr\/wp-json\/wp\/v2\/media?parent=24708"}],"wp:term":[{"taxonomy":"category","embeddable":true,"href":"https:\/\/www.visitsoglianoalrubicone.it\/fr\/wp-json\/wp\/v2\/categories?post=24708"},{"taxonomy":"post_tag","embeddable":true,"href":"https:\/\/www.visitsoglianoalrubicone.it\/fr\/wp-json\/wp\/v2\/tags?post=24708"}],"curies":[{"name":"wp","href":"https:\/\/api.w.org\/{rel}","templated":true}]}}