{"id":26656,"date":"2025-01-29T19:51:55","date_gmt":"2025-01-29T19:51:55","guid":{"rendered":"https:\/\/www.visitsoglianoalrubicone.it\/?p=26656"},"modified":"2025-12-12T08:37:43","modified_gmt":"2025-12-12T08:37:43","slug":"un-apres-midi-avec-lauteur-histoire-inachevee-dun-voyageur-solitaire-2","status":"publish","type":"post","link":"https:\/\/www.visitsoglianoalrubicone.it\/fr\/un-apres-midi-avec-lauteur-histoire-inachevee-dun-voyageur-solitaire-2\/","title":{"rendered":"Sur le fil de la vie &#8211; Pr\u00e9sentation du livre de Dante Orlandi"},"content":{"rendered":"<p>[vc_row full_width=\u00a0\u00bbstretch_row_content_no_spaces\u00a0\u00bb][vc_column][vc_single_image image=\u00a0\u00bb18250&Prime; img_size=\u00a0\u00bb1920 x 450&Prime; alignment=\u00a0\u00bbcenter\u00a0\u00bb el_class=\u00a0\u00bbinfotronik_banner_pagina\u00a0\u00bb]\n\t\t\t<section class=\"do-normal-page-title-section infotronik_page_title_section_little\">\n\t\t\t\t<div class=\"container\">\n\t\t\t\t\t<div class=\"row uppercase\">\n\t\t\t\n\t\t\t\t\t\t<div class=\"do-page-title-wrapper\">\n\t\t\t\t\t\t\t<div class=\"do-default-page-title col-md-7 col-sm-7 col-xs-12\">\n\t\t\t\t\t\t\t\t<h2 info=62 class=\"infotronik_page_title_little\">Sul filo della vita - Presentazione del libro di Dante Orlandi<\/h2>\n\t\t\t\t\t\t\t\t<p><\/p>\n\t\t\t\t\t\t\t<\/div>\n\t\t\t\n\t\t\t\t\t\t\t<div class=\"do-breadcumb\"><ul><\/ul><\/div>\n\t\t\t\t\t\t<\/div>\n\t\t\t\n\t\t\t\t\t<\/div>\n\t\t\t\t<\/div>\n\t\t\t<\/section>\n\t\t[vc_empty_space height=\u00a0\u00bb20px\u00a0\u00bb][vc_row_inner][vc_column_inner][vc_column_text]\u00e9tiquette.<\/p>\n<p><strong>Quand : <\/strong>samedi 8 f\u00e9vrier 2025<br \/>\n<strong>Lieu :<\/strong> Biblioth\u00e8que municipale \u00ab Padre Venanzio Reali, Piazza Garibaldi<br \/>\n<strong>\u00bb Heure de d\u00e9but : <\/strong>16h00<strong><br \/>\n<\/strong><strong>Entr\u00e9e :<\/strong> <strong>Informations gratuites<\/strong><br \/>\n : 0541817350 &#8211; <a href=\"biblioteca@comune.sogliano.fc.it\">biblioteca@comune.sogliano.fc.it<\/a>[\/vc_column_text][vc_empty_space height=\u00a0\u00bb50px\u00a0\u00bb][vc_single_image image=\u00a0\u00bb26676&Prime; img_size=\u00a0\u00bbfull\u00a0\u00bb alignment=\u00a0\u00bbcenter\u00a0\u00bb onclick=\u00a0\u00bblink_image\u00a0\u00bb][\/vc_column_inner][\/vc_row_inner][\/vc_column][\/vc_row]<\/p>\n","protected":false},"excerpt":{"rendered":"<p>[vc_row full_width=\u00a0\u00bbstretch_row_content_no_spaces\u00a0\u00bb][vc_column][vc_single_image image=\u00a0\u00bb18250&Prime; img_size=\u00a0\u00bb1920 x 450&Prime; alignment=\u00a0\u00bbcenter\u00a0\u00bb el_class=\u00a0\u00bbinfotronik_banner_pagina\u00a0\u00bb][vc_empty_space height=\u00a0\u00bb20px\u00a0\u00bb][vc_row_inner][vc_column_inner][vc_column_text]\u00e9tiquette. Quand : samedi 8 f\u00e9vrier 2025 Lieu : Biblioth\u00e8que municipale \u00ab Padre&#8230;<\/p>\n","protected":false},"author":3,"featured_media":26668,"comment_status":"closed","ping_status":"open","sticky":false,"template":"","format":"standard","meta":{"loftloader_page_shortcode":""},"categories":[826,822],"tags":[1224,825,829,997,918],"_links":{"self":[{"href":"https:\/\/www.visitsoglianoalrubicone.it\/fr\/wp-json\/wp\/v2\/posts\/26656"}],"collection":[{"href":"https:\/\/www.visitsoglianoalrubicone.it\/fr\/wp-json\/wp\/v2\/posts"}],"about":[{"href":"https:\/\/www.visitsoglianoalrubicone.it\/fr\/wp-json\/wp\/v2\/types\/post"}],"author":[{"embeddable":true,"href":"https:\/\/www.visitsoglianoalrubicone.it\/fr\/wp-json\/wp\/v2\/users\/3"}],"replies":[{"embeddable":true,"href":"https:\/\/www.visitsoglianoalrubicone.it\/fr\/wp-json\/wp\/v2\/comments?post=26656"}],"version-history":[{"count":11,"href":"https:\/\/www.visitsoglianoalrubicone.it\/fr\/wp-json\/wp\/v2\/posts\/26656\/revisions"}],"predecessor-version":[{"id":32933,"href":"https:\/\/www.visitsoglianoalrubicone.it\/fr\/wp-json\/wp\/v2\/posts\/26656\/revisions\/32933"}],"wp:featuredmedia":[{"embeddable":true,"href":"https:\/\/www.visitsoglianoalrubicone.it\/fr\/wp-json\/wp\/v2\/media\/26668"}],"wp:attachment":[{"href":"https:\/\/www.visitsoglianoalrubicone.it\/fr\/wp-json\/wp\/v2\/media?parent=26656"}],"wp:term":[{"taxonomy":"category","embeddable":true,"href":"https:\/\/www.visitsoglianoalrubicone.it\/fr\/wp-json\/wp\/v2\/categories?post=26656"},{"taxonomy":"post_tag","embeddable":true,"href":"https:\/\/www.visitsoglianoalrubicone.it\/fr\/wp-json\/wp\/v2\/tags?post=26656"}],"curies":[{"name":"wp","href":"https:\/\/api.w.org\/{rel}","templated":true}]}}