{"id":26984,"date":"2024-11-04T11:02:31","date_gmt":"2024-11-04T11:02:31","guid":{"rendered":"https:\/\/www.visitsoglianoalrubicone.it\/?p=26984"},"modified":"2025-12-12T08:38:56","modified_gmt":"2025-12-12T08:38:56","slug":"un-apres-midi-avec-lauteur-histoire-inachevee-dun-voyageur-solitaire-3","status":"publish","type":"post","link":"https:\/\/www.visitsoglianoalrubicone.it\/fr\/un-apres-midi-avec-lauteur-histoire-inachevee-dun-voyageur-solitaire-3\/","title":{"rendered":"L\u00f2m \u00e0 Merz &#8211; Le Teglie di Montetiffi"},"content":{"rendered":"<p>[vc_row full_width=\u00a0\u00bbstretch_row_content_no_spaces\u00a0\u00bb][vc_column][vc_single_image image=\u00a0\u00bb18250&Prime; img_size=\u00a0\u00bb1920 x 450&Prime; alignment=\u00a0\u00bbcenter\u00a0\u00bb el_class=\u00a0\u00bbinfotronik_banner_pagina\u00a0\u00bb]\n\t\t\t<section class=\"do-normal-page-title-section\">\n\t\t\t\t<div class=\"container\">\n\t\t\t\t\t<div class=\"row uppercase\">\n\t\t\t\n\t\t\t\t\t\t<div class=\"do-page-title-wrapper\">\n\t\t\t\t\t\t\t<div class=\"do-default-page-title col-md-7 col-sm-7 col-xs-12\">\n\t\t\t\t\t\t\t\t<h2 info=11 class=\"infotronik_page_title_big\">L\u00f2m a Merz<\/h2>\n\t\t\t\t\t\t\t\t<p><\/p>\n\t\t\t\t\t\t\t<\/div>\n\t\t\t\n\t\t\t\t\t\t\t<div class=\"do-breadcumb\"><ul><\/ul><\/div>\n\t\t\t\t\t\t<\/div>\n\t\t\t\n\t\t\t\t\t<\/div>\n\t\t\t\t<\/div>\n\t\t\t<\/section>\n\t\t[vc_empty_space height=\u00a0\u00bb20px\u00a0\u00bb][vc_row_inner][vc_column_inner][vc_column_text].<\/p>\n<p><strong>Quand : <\/strong>lundi 3 mars 2025<br \/>\n<strong>Lieu:<\/strong> Le Teglie di Montetiffi, via Ville Montetiffi 79, Sogliano al Rubicone<br \/>\n<strong>Heure de d\u00e9but : <\/strong>17h00<strong><br \/>\n<\/strong><strong>Entr\u00e9e:<\/strong> Libre<br \/>\n<strong>Infos :<\/strong> 0541940708 &#8211; 3292674296<\/p>\n<p>Au laboratoire de production des anciennes po\u00eales Montetiffi, document\u00e9es depuis 1527 pour la cuisson de la piada, \u00e9galement appel\u00e9e teggia ou testo, unique en son genre<\/p>\n<p>Programme :<br \/>\n 17h00<br \/>\n \u2022 Gregorio Carlini : marche \u00e0 la recherche d\u2019\u00e9coles rurales, adapt\u00e9es aux jeunes et aux moins grands, rencontre au Teglie di Montetiffi<\/p>\n<p>\u00c0 partir de 18h<br \/>\n\u2022 Allumage du feu et possibilit\u00e9 d\u2019un d\u00eener pour tous<br \/>\n\u2022 Salutations de la maire de Sogliano al Rubicone, Tania Bocchini.<br \/>\n\u2022 Petites \u00e9coles rurales hier et aujourd\u2019hui avec Fabio Molari, l\u2019exemple de l\u2019\u00c9coinstitut des Technologies Appropri\u00e9es de Gian Franco Zavalloni.<br \/>\n\u2022 Didactique et bior\u00e9gionalit\u00e9 avec Elena Campacci, formatrice et p\u00e9dagogue en plein air, apprentissage par le contact et les r\u00e9alit\u00e9s.<br \/>\n\u2022 Exposition photographique sur les activit\u00e9s locales par Simone Pari.<br \/>\n\u2022 Teggia sociale : nous pr\u00e9parons la piada puis la cuisinons sur les plateaux de Montetiffi, un atelier-cours ouvert \u00e0 tous, organis\u00e9 par Andrea Marini et Manuel Zani<br \/>\n \u2022 Un groupe folklorique ethnique fermente, musique et danses traditionnelles.<\/p>\n<p>Entreprises h\u00e9berg\u00e9es :<br \/>\n \u2022 Az. Agr. Il fornaccio di Rovelli Giorgia Produits de pain et boulangerie<x id=\"gid_1\"><\/x>au feu de bois Via Ville Montetiffi 77, Sogliano al Rubicone (Fc), Cell. 366 3193033, ilfornaccio.agr@gmail.com<x id=\"gid_2\"><\/x>\u2022 Terra terra di Marco e Aruka Ceramiques artisanales &amp; artisanato giapponese<x id=\"gid_3\"><\/x>Sogliano al Rubicone (Fc), Cell. 333 5998216<br \/>\n\u2022 Adriano Bizzocchi et Alberta Albertini Objets fabriqu\u00e9s uniquement avec du mat\u00e9riel recycl\u00e9 Rontagnano &#8211; Sogliano al Rubicone (Fc)<br \/>\n\u2022 Al meni d\u2019Elena et Cristian Cestai pour la passion : tissage, nature et territoire<br \/>\n, d\u00e9monstration pratique de la vannerie et des artefacts tiss\u00e9s.<br \/>\n\u2022 Az. Agr. La Vischia par Mariaelena Maroncelli<br \/>\n\u00c9levage de moutons, m\u00fbres de Romagne, basse cour et \u00e9ducation, production de fromage. Loc. Pietra dell\u2019Uso \u2013 Sogliano al Rubicone (Fc)<br \/>\n\u2022 Egidio Miserocchi Imprim\u00e9 sur tissus ; apportez une toile max 60&#215;40 et nous l\u2019imprimons ensemble. Via Palavese 12, San Zaccaria di Ravenna, Cell. 333 7415022<br \/>\n\u2022 Saporiti Sword di Roberto Saporiti production d\u2019armes historiques Via Ponte Uso 1, Sogliano al Rubicone (Fc)<br \/>\n\u2022 Stefano Pransani de Molino Pransani Srl Depuis 1921 : farines de c\u00e9r\u00e9ales anciennes biologiques.<br \/>\nVia Bivio Montegelli 4, Sogliano al Rubicone (Fc)[\/vc_column_text][vc_empty_space height=\u00a0\u00bb50px\u00a0\u00bb][vc_single_image image=\u00a0\u00bb27001&Prime; img_size=\u00a0\u00bbfull\u00a0\u00bb alignment=\u00a0\u00bbcenter\u00a0\u00bb onclick=\u00a0\u00bblink_image\u00a0\u00bb][\/vc_column_inner][\/vc_row_inner][\/vc_column][\/vc_row]<\/p>\n","protected":false},"excerpt":{"rendered":"<p>[vc_row full_width=\u00a0\u00bbstretch_row_content_no_spaces\u00a0\u00bb][vc_column][vc_single_image image=\u00a0\u00bb18250&Prime; img_size=\u00a0\u00bb1920 x 450&Prime; alignment=\u00a0\u00bbcenter\u00a0\u00bb el_class=\u00a0\u00bbinfotronik_banner_pagina\u00a0\u00bb][vc_empty_space height=\u00a0\u00bb20px\u00a0\u00bb][vc_row_inner][vc_column_inner][vc_column_text]. Quand : lundi 3 mars 2025 Lieu: Le Teglie di Montetiffi, via&#8230;<\/p>\n","protected":false},"author":3,"featured_media":26993,"comment_status":"closed","ping_status":"open","sticky":false,"template":"","format":"standard","meta":{"loftloader_page_shortcode":""},"categories":[826,822],"tags":[825,1668,829,1415,918],"_links":{"self":[{"href":"https:\/\/www.visitsoglianoalrubicone.it\/fr\/wp-json\/wp\/v2\/posts\/26984"}],"collection":[{"href":"https:\/\/www.visitsoglianoalrubicone.it\/fr\/wp-json\/wp\/v2\/posts"}],"about":[{"href":"https:\/\/www.visitsoglianoalrubicone.it\/fr\/wp-json\/wp\/v2\/types\/post"}],"author":[{"embeddable":true,"href":"https:\/\/www.visitsoglianoalrubicone.it\/fr\/wp-json\/wp\/v2\/users\/3"}],"replies":[{"embeddable":true,"href":"https:\/\/www.visitsoglianoalrubicone.it\/fr\/wp-json\/wp\/v2\/comments?post=26984"}],"version-history":[{"count":6,"href":"https:\/\/www.visitsoglianoalrubicone.it\/fr\/wp-json\/wp\/v2\/posts\/26984\/revisions"}],"predecessor-version":[{"id":33023,"href":"https:\/\/www.visitsoglianoalrubicone.it\/fr\/wp-json\/wp\/v2\/posts\/26984\/revisions\/33023"}],"wp:featuredmedia":[{"embeddable":true,"href":"https:\/\/www.visitsoglianoalrubicone.it\/fr\/wp-json\/wp\/v2\/media\/26993"}],"wp:attachment":[{"href":"https:\/\/www.visitsoglianoalrubicone.it\/fr\/wp-json\/wp\/v2\/media?parent=26984"}],"wp:term":[{"taxonomy":"category","embeddable":true,"href":"https:\/\/www.visitsoglianoalrubicone.it\/fr\/wp-json\/wp\/v2\/categories?post=26984"},{"taxonomy":"post_tag","embeddable":true,"href":"https:\/\/www.visitsoglianoalrubicone.it\/fr\/wp-json\/wp\/v2\/tags?post=26984"}],"curies":[{"name":"wp","href":"https:\/\/api.w.org\/{rel}","templated":true}]}}