{"id":27163,"date":"2025-03-04T21:00:25","date_gmt":"2025-03-04T21:00:25","guid":{"rendered":"https:\/\/www.visitsoglianoalrubicone.it\/?p=27163"},"modified":"2025-12-12T08:37:22","modified_gmt":"2025-12-12T08:37:22","slug":"atelier-halloween-3","status":"publish","type":"post","link":"https:\/\/www.visitsoglianoalrubicone.it\/fr\/atelier-halloween-3\/","title":{"rendered":"Quelle difficult\u00e9 de mettre papa au lit ! &#8211; Atelier cr\u00e9atif et lecture de livres"},"content":{"rendered":"<p>[vc_row full_width=\u00a0\u00bbstretch_row_content_no_spaces\u00a0\u00bb][vc_column][vc_single_image image=\u00a0\u00bb18250&Prime; img_size=\u00a0\u00bb1920 x 450&Prime; alignment=\u00a0\u00bbcenter\u00a0\u00bb el_class=\u00a0\u00bbinfotronik_banner_pagina\u00a0\u00bb]\n\t\t\t<section class=\"do-normal-page-title-section infotronik_page_title_section_little\">\n\t\t\t\t<div class=\"container\">\n\t\t\t\t\t<div class=\"row uppercase\">\n\t\t\t\n\t\t\t\t\t\t<div class=\"do-page-title-wrapper\">\n\t\t\t\t\t\t\t<div class=\"do-default-page-title col-md-7 col-sm-7 col-xs-12\">\n\t\t\t\t\t\t\t\t<h2 info=76 class=\"infotronik_page_title_little\">Che fatica mettere a letto pap\u00e0! - Laboratorio creativo e lettura del Libro<\/h2>\n\t\t\t\t\t\t\t\t<p><\/p>\n\t\t\t\t\t\t\t<\/div>\n\t\t\t\n\t\t\t\t\t\t\t<div class=\"do-breadcumb\"><ul><\/ul><\/div>\n\t\t\t\t\t\t<\/div>\n\t\t\t\n\t\t\t\t\t<\/div>\n\t\t\t\t<\/div>\n\t\t\t<\/section>\n\t\t[vc_empty_space height=\u00a0\u00bb20px\u00a0\u00bb][vc_row_inner][vc_column_inner][vc_column_text]<strong>\u00e9tiquette.<\/strong><\/p>\n<p><strong>Quand : <\/strong> samedi 15 mars &#8211; 10h30 &#8211; 12h30<br \/>\n <strong>O\u00f9 :<\/strong> Biblioth\u00e8que municipale Padre Venanzio Reali, Piazza Garibaldi 23<br \/>\n<strong>Infos :<\/strong> 0541 817350 | <a href=\"mailto:biblioteca@comune.sogliano.fc.it\"><\/p>\n<p> biblioteca@comune.sogliano.fc.it\u00c0 la biblioth\u00e8que municipale \u00ab Reali \u00bb et \u00e0 la collection \u00ab Veggiani \u00bb, atelier<\/p>\n<p> cr\u00e9atif et lecture du livre \u00ab Quelle lutte pour mettre papa au lit ! \u00bb de Coralie Saudo et Kris Di Giacomo.<\/a>[\/vc_column_text][vc_single_image image=\u00a0\u00bb27172&Prime; img_size=\u00a0\u00bbfull\u00a0\u00bb alignment=\u00a0\u00bbcenter\u00a0\u00bb onclick=\u00a0\u00bblink_image\u00a0\u00bb][vc_empty_space height=\u00a0\u00bb50px\u00a0\u00bb][\/vc_column_inner][\/vc_row_inner][\/vc_column][\/vc_row]<\/p>\n","protected":false},"excerpt":{"rendered":"<p>[vc_row full_width=\u00a0\u00bbstretch_row_content_no_spaces\u00a0\u00bb][vc_column][vc_single_image image=\u00a0\u00bb18250&Prime; img_size=\u00a0\u00bb1920 x 450&Prime; alignment=\u00a0\u00bbcenter\u00a0\u00bb el_class=\u00a0\u00bbinfotronik_banner_pagina\u00a0\u00bb][vc_empty_space height=\u00a0\u00bb20px\u00a0\u00bb][vc_row_inner][vc_column_inner][vc_column_text]\u00e9tiquette. Quand : samedi 15 mars &#8211; 10h30 &#8211; 12h30 O\u00f9 : Biblioth\u00e8que&#8230;<\/p>\n","protected":false},"author":3,"featured_media":27180,"comment_status":"closed","ping_status":"open","sticky":false,"template":"","format":"standard","meta":{"loftloader_page_shortcode":""},"categories":[826,822],"tags":[1043,1204,1205,1206,829,918],"_links":{"self":[{"href":"https:\/\/www.visitsoglianoalrubicone.it\/fr\/wp-json\/wp\/v2\/posts\/27163"}],"collection":[{"href":"https:\/\/www.visitsoglianoalrubicone.it\/fr\/wp-json\/wp\/v2\/posts"}],"about":[{"href":"https:\/\/www.visitsoglianoalrubicone.it\/fr\/wp-json\/wp\/v2\/types\/post"}],"author":[{"embeddable":true,"href":"https:\/\/www.visitsoglianoalrubicone.it\/fr\/wp-json\/wp\/v2\/users\/3"}],"replies":[{"embeddable":true,"href":"https:\/\/www.visitsoglianoalrubicone.it\/fr\/wp-json\/wp\/v2\/comments?post=27163"}],"version-history":[{"count":6,"href":"https:\/\/www.visitsoglianoalrubicone.it\/fr\/wp-json\/wp\/v2\/posts\/27163\/revisions"}],"predecessor-version":[{"id":32890,"href":"https:\/\/www.visitsoglianoalrubicone.it\/fr\/wp-json\/wp\/v2\/posts\/27163\/revisions\/32890"}],"wp:featuredmedia":[{"embeddable":true,"href":"https:\/\/www.visitsoglianoalrubicone.it\/fr\/wp-json\/wp\/v2\/media\/27180"}],"wp:attachment":[{"href":"https:\/\/www.visitsoglianoalrubicone.it\/fr\/wp-json\/wp\/v2\/media?parent=27163"}],"wp:term":[{"taxonomy":"category","embeddable":true,"href":"https:\/\/www.visitsoglianoalrubicone.it\/fr\/wp-json\/wp\/v2\/categories?post=27163"},{"taxonomy":"post_tag","embeddable":true,"href":"https:\/\/www.visitsoglianoalrubicone.it\/fr\/wp-json\/wp\/v2\/tags?post=27163"}],"curies":[{"name":"wp","href":"https:\/\/api.w.org\/{rel}","templated":true}]}}