{"id":27740,"date":"2024-10-28T01:33:00","date_gmt":"2024-10-28T01:33:00","guid":{"rendered":"https:\/\/www.visitsoglianoalrubicone.it\/?p=27740"},"modified":"2025-12-12T08:49:18","modified_gmt":"2025-12-12T08:49:18","slug":"nove-colli-2024-2","status":"publish","type":"post","link":"https:\/\/www.visitsoglianoalrubicone.it\/fr\/nove-colli-2024-2\/","title":{"rendered":"Nove Colli 2025"},"content":{"rendered":"<p>[vc_row full_width=\u00a0\u00bbstretch_row_content_no_spaces\u00a0\u00bb][vc_column][vc_single_image image=\u00a0\u00bb22254&Prime; img_size=\u00a0\u00bb1920 x 450&Prime; alignment=\u00a0\u00bbcenter\u00a0\u00bb el_class=\u00a0\u00bbinfotronik_banner_pagina\u00a0\u00bb]\n\t\t\t<section class=\"do-normal-page-title-section\">\n\t\t\t\t<div class=\"container\">\n\t\t\t\t\t<div class=\"row uppercase\">\n\t\t\t\n\t\t\t\t\t\t<div class=\"do-page-title-wrapper\">\n\t\t\t\t\t\t\t<div class=\"do-default-page-title col-md-7 col-sm-7 col-xs-12\">\n\t\t\t\t\t\t\t\t<h2 info=15 class=\"infotronik_page_title_big\">Nove Colli 2025<\/h2>\n\t\t\t\t\t\t\t\t<p><\/p>\n\t\t\t\t\t\t\t<\/div>\n\t\t\t\n\t\t\t\t\t\t\t<div class=\"do-breadcumb\"><ul><\/ul><\/div>\n\t\t\t\t\t\t<\/div>\n\t\t\t\n\t\t\t\t\t<\/div>\n\t\t\t\t<\/div>\n\t\t\t<\/section>\n\t\t[vc_empty_space height=\u00a0\u00bb20px\u00a0\u00bb][vc_row_inner][vc_column_inner][vc_column_text]<\/p>\n<p>\n<strong>Periodo:<\/strong> Domenica 18 -maggio 2025<br\/><strong>Luogo: <\/strong>Partenza da Cesenatico &#8211; Lungo le strade del territorio di Sogliano<br\/><strong>Info:<\/strong> Tel.: +39 0547 672156 &#8211; <a href=\"mailto:info@novecolli.it\">info@novecolli.it<\/a><br\/><strong>Iscrizioni &amp; percorso:<\/strong> <a href=\"https:\/\/www.novecolli.it\/\" target=\"_blank\" rel=\"noopener\">https:\/\/www.novecolli.it\/<\/a>\n<p><strong>Cliquez ici pour  <\/strong><a href=\"https:\/\/www.visitsoglianoalrubicone.it\/wp-content\/uploads\/2025\/05\/ordinanza_Nove-Colli.pdf\" target=\"_blank\" rel=\"noopener\">T\u00c9L\u00c9CHARGEZ L\u2019ORDONNANCE SUR LA R\u00c9GLEMENTATION DE LA CIRCULATION ROUTI\u00c8RE. MISE EN PLACE DE MODIFICATIONS TEMPORAIRES DU R\u00c9SEAU ROUTIER LE DIMANCHE 18 MAI 2025 LE LONG DES ROUTES DU PARCOURS DE LA COURSE CYCLISTE COMP\u00c9TITIVE \u00ab 54^ GRAN FONDO NOVE COLLI \u00bb. <\/a><\/p>\n<p>Cyclisme sur route Manifestation sportive.<\/p>\n<p>[\/vc_column_text][vc_empty_space height=\u00a0\u00bb20px\u00a0\u00bb][vc_single_image image=\u00a0\u00bb28352&Prime; img_size=\u00a0\u00bbfull\u00a0\u00bb alignment=\u00a0\u00bbcenter\u00a0\u00bb onclick=\u00a0\u00bblink_image\u00a0\u00bb][vc_single_image image=\u00a0\u00bb28360&Prime; img_size=\u00a0\u00bbfull\u00a0\u00bb alignment=\u00a0\u00bbcenter\u00a0\u00bb onclick=\u00a0\u00bblink_image\u00a0\u00bb][vc_single_image image=\u00a0\u00bb28368&Prime; img_size=\u00a0\u00bbfull\u00a0\u00bb alignment=\u00a0\u00bbcenter\u00a0\u00bb onclick=\u00a0\u00bblink_image\u00a0\u00bb][vc_single_image image=\u00a0\u00bb27767&Prime; img_size=\u00a0\u00bbfull\u00a0\u00bb alignment=\u00a0\u00bbcenter\u00a0\u00bb onclick=\u00a0\u00bblink_image\u00a0\u00bb][vc_empty_space height=\u00a0\u00bb20px\u00a0\u00bb][\/vc_column_inner][\/vc_row_inner][\/vc_column][\/vc_row]<\/p>","protected":false},"excerpt":{"rendered":"<p>[vc_row full_width=\u00a0\u00bbstretch_row_content_no_spaces\u00a0\u00bb][vc_column][vc_single_image image=\u00a0\u00bb22254&Prime; img_size=\u00a0\u00bb1920 x 450&Prime; alignment=\u00a0\u00bbcenter\u00a0\u00bb el_class=\u00a0\u00bbinfotronik_banner_pagina\u00a0\u00bb][vc_empty_space height=\u00a0\u00bb20px\u00a0\u00bb][vc_row_inner][vc_column_inner][vc_column_text] Periodo: Domenica 18 -maggio 2025Luogo: Partenza da Cesenatico &#8211; Lungo le strade&#8230;<\/p>\n","protected":false},"author":3,"featured_media":21616,"comment_status":"closed","ping_status":"open","sticky":false,"template":"","format":"standard","meta":{"loftloader_page_shortcode":""},"categories":[822,835],"tags":[1043,1125,825,1116,829],"_links":{"self":[{"href":"https:\/\/www.visitsoglianoalrubicone.it\/fr\/wp-json\/wp\/v2\/posts\/27740"}],"collection":[{"href":"https:\/\/www.visitsoglianoalrubicone.it\/fr\/wp-json\/wp\/v2\/posts"}],"about":[{"href":"https:\/\/www.visitsoglianoalrubicone.it\/fr\/wp-json\/wp\/v2\/types\/post"}],"author":[{"embeddable":true,"href":"https:\/\/www.visitsoglianoalrubicone.it\/fr\/wp-json\/wp\/v2\/users\/3"}],"replies":[{"embeddable":true,"href":"https:\/\/www.visitsoglianoalrubicone.it\/fr\/wp-json\/wp\/v2\/comments?post=27740"}],"version-history":[{"count":5,"href":"https:\/\/www.visitsoglianoalrubicone.it\/fr\/wp-json\/wp\/v2\/posts\/27740\/revisions"}],"predecessor-version":[{"id":33427,"href":"https:\/\/www.visitsoglianoalrubicone.it\/fr\/wp-json\/wp\/v2\/posts\/27740\/revisions\/33427"}],"wp:featuredmedia":[{"embeddable":true,"href":"https:\/\/www.visitsoglianoalrubicone.it\/fr\/wp-json\/wp\/v2\/media\/21616"}],"wp:attachment":[{"href":"https:\/\/www.visitsoglianoalrubicone.it\/fr\/wp-json\/wp\/v2\/media?parent=27740"}],"wp:term":[{"taxonomy":"category","embeddable":true,"href":"https:\/\/www.visitsoglianoalrubicone.it\/fr\/wp-json\/wp\/v2\/categories?post=27740"},{"taxonomy":"post_tag","embeddable":true,"href":"https:\/\/www.visitsoglianoalrubicone.it\/fr\/wp-json\/wp\/v2\/tags?post=27740"}],"curies":[{"name":"wp","href":"https:\/\/api.w.org\/{rel}","templated":true}]}}