{"id":28039,"date":"2024-10-29T21:14:26","date_gmt":"2024-10-29T21:14:26","guid":{"rendered":"https:\/\/www.visitsoglianoalrubicone.it\/?p=28039"},"modified":"2025-12-12T08:38:54","modified_gmt":"2025-12-12T08:38:54","slug":"21e-concours-international-de-musique-luigi-zanuccoli-3","status":"publish","type":"post","link":"https:\/\/www.visitsoglianoalrubicone.it\/fr\/21e-concours-international-de-musique-luigi-zanuccoli-3\/","title":{"rendered":"19e Concours de Th\u00e9\u00e2tre Elisabetta Turroni"},"content":{"rendered":"<p>[vc_row full_width=\u00a0\u00bbstretch_row_content_no_spaces\u00a0\u00bb][vc_column][vc_single_image image=\u00a0\u00bb18250&Prime; img_size=\u00a0\u00bb1920 x 450&Prime; alignment=\u00a0\u00bbcenter\u00a0\u00bb el_class=\u00a0\u00bbinfotronik_banner_pagina\u00a0\u00bb]\n\t\t\t<section class=\"do-normal-page-title-section infotronik_page_title_section_little\">\n\t\t\t\t<div class=\"container\">\n\t\t\t\t\t<div class=\"row uppercase\">\n\t\t\t\n\t\t\t\t\t\t<div class=\"do-page-title-wrapper\">\n\t\t\t\t\t\t\t<div class=\"do-default-page-title col-md-7 col-sm-7 col-xs-12\">\n\t\t\t\t\t\t\t\t<h2 info=41 class=\"infotronik_page_title_little\">19\u00b0 Concorso Teatrale Elisabetta Turroni<\/h2>\n\t\t\t\t\t\t\t\t<p><\/p>\n\t\t\t\t\t\t\t<\/div>\n\t\t\t\n\t\t\t\t\t\t\t<div class=\"do-breadcumb\"><ul><\/ul><\/div>\n\t\t\t\t\t\t<\/div>\n\t\t\t\n\t\t\t\t\t<\/div>\n\t\t\t\t<\/div>\n\t\t\t<\/section>\n\t\t[vc_empty_space height=\u00a0\u00bb20px\u00a0\u00bb][vc_column_text]Le Festival Elisabetta Turroni atteint sa dix-neuvi\u00e8me \u00e9dition cette ann\u00e9e. C\u2019est un \u00e9v\u00e9nement th\u00e9\u00e2tral qui implique des centaines d\u2019enfants du territoire de Sogliano al Rubicone et des communes voisines. Son objectif est de cr\u00e9er un th\u00e9\u00e2tre vivant et agr\u00e9able o\u00f9 les enfants-acteurs impliquent et enthousiasment les enfants-spectateurs dans le public.  <\/p>\n<p><strong>PROGRAMME DES \u00c9MISSIONS :<\/strong><\/p>\n<ul>\n<li><strong>Lundi 12 mai<\/strong> &#8211; 9h30 &#8211; <em>Odyss\u00e9e de Romagne<\/em> (\u00c9cole primaire G. Marconi di Borghi)<br \/>\n Spectacle du soir \u00e0 21h00 &#8211; <em>Odyss\u00e9e de Romagne<\/em> (\u00c9cole primaire G. Marconi di Borghi)<\/li>\n<li><strong>Mardi 13 mai<\/strong> &#8211; 9h30 &#8211; <em>Le P\u00eacheur des Mots<\/em> (\u00c9cole primaire L. Mariani de Roncofreddo)<br \/>\n 10h30 &#8211; <em>Odyss\u00e9e : le voyage d\u2019Ulysse<\/em> (\u00c9cole primaire L. Mariani de Roncofreddo)<br \/>\n Spectacle du soir \u00e0 21h00 &#8211; <em>Le P\u00eacheur de Mots<\/em> (\u00c9cole primaire L. Mariani de Roncofreddo)<br \/>\n Spectacle du soir \u00e0 22h00 &#8211; <em>Odyss\u00e9e : le voyage d\u2019Ulysse<\/em> (\u00c9cole primaire L. Mariani de Roncofreddo)<\/li>\n<li><strong>Mercredi 14 mai<\/strong> &#8211; 10h30 &#8211; <em>Une tasse de th\u00e9 pour vous&#8230; Et pour tout le monde !<\/em> &#8211; \u00c9cole primaire Padre Venanzio Reali \u00e0 Rontagnano<\/li>\n<li><strong>Jeudi 15 mai<\/strong> &#8211; 9h30 &#8211; <em>Le voyage de Simone<\/em> &#8211; Maternelle Saiano<\/li>\n<li><strong>Vendredi 16 mai<\/strong> &#8211; Spectacle du soir \u00e0 21h00 &#8211; <em>Une tasse de th\u00e9 pour vous&#8230; Et pour tout le monde !<\/em> &#8211; \u00c9cole primaire Padre Venanzio Reali \u00e0 Rontagnano.<\/li>\n<\/ul>\n<p>[\/vc_column_text][vc_row_inner][vc_column_inner][vc_column_text]<strong>.<\/strong>[\/vc_column_text][vc_single_image image=\u00a0\u00bb28056&Prime; img_size=\u00a0\u00bbfull\u00a0\u00bb alignment=\u00a0\u00bbcenter\u00a0\u00bb][\/vc_column_inner][\/vc_row_inner][\/vc_column][\/vc_row]<\/p>\n","protected":false},"excerpt":{"rendered":"<p>[vc_row full_width=\u00a0\u00bbstretch_row_content_no_spaces\u00a0\u00bb][vc_column][vc_single_image image=\u00a0\u00bb18250&Prime; img_size=\u00a0\u00bb1920 x 450&Prime; alignment=\u00a0\u00bbcenter\u00a0\u00bb el_class=\u00a0\u00bbinfotronik_banner_pagina\u00a0\u00bb][vc_empty_space height=\u00a0\u00bb20px\u00a0\u00bb][vc_column_text]Le Festival Elisabetta Turroni atteint sa dix-neuvi\u00e8me \u00e9dition cette ann\u00e9e. C\u2019est un \u00e9v\u00e9nement&#8230;<\/p>\n","protected":false},"author":3,"featured_media":28048,"comment_status":"closed","ping_status":"open","sticky":false,"template":"","format":"standard","meta":{"loftloader_page_shortcode":""},"categories":[826,822],"tags":[1118,1097,829,918],"_links":{"self":[{"href":"https:\/\/www.visitsoglianoalrubicone.it\/fr\/wp-json\/wp\/v2\/posts\/28039"}],"collection":[{"href":"https:\/\/www.visitsoglianoalrubicone.it\/fr\/wp-json\/wp\/v2\/posts"}],"about":[{"href":"https:\/\/www.visitsoglianoalrubicone.it\/fr\/wp-json\/wp\/v2\/types\/post"}],"author":[{"embeddable":true,"href":"https:\/\/www.visitsoglianoalrubicone.it\/fr\/wp-json\/wp\/v2\/users\/3"}],"replies":[{"embeddable":true,"href":"https:\/\/www.visitsoglianoalrubicone.it\/fr\/wp-json\/wp\/v2\/comments?post=28039"}],"version-history":[{"count":10,"href":"https:\/\/www.visitsoglianoalrubicone.it\/fr\/wp-json\/wp\/v2\/posts\/28039\/revisions"}],"predecessor-version":[{"id":33018,"href":"https:\/\/www.visitsoglianoalrubicone.it\/fr\/wp-json\/wp\/v2\/posts\/28039\/revisions\/33018"}],"wp:featuredmedia":[{"embeddable":true,"href":"https:\/\/www.visitsoglianoalrubicone.it\/fr\/wp-json\/wp\/v2\/media\/28048"}],"wp:attachment":[{"href":"https:\/\/www.visitsoglianoalrubicone.it\/fr\/wp-json\/wp\/v2\/media?parent=28039"}],"wp:term":[{"taxonomy":"category","embeddable":true,"href":"https:\/\/www.visitsoglianoalrubicone.it\/fr\/wp-json\/wp\/v2\/categories?post=28039"},{"taxonomy":"post_tag","embeddable":true,"href":"https:\/\/www.visitsoglianoalrubicone.it\/fr\/wp-json\/wp\/v2\/tags?post=28039"}],"curies":[{"name":"wp","href":"https:\/\/api.w.org\/{rel}","templated":true}]}}