{"id":29591,"date":"2024-09-13T14:00:00","date_gmt":"2024-09-13T14:00:00","guid":{"rendered":"https:\/\/www.visitsoglianoalrubicone.it\/?p=29591"},"modified":"2025-12-12T08:56:19","modified_gmt":"2025-12-12T08:56:19","slug":"borgo-sonoro-rossella-cappadone-quartet-rontagnano-3","status":"publish","type":"post","link":"https:\/\/www.visitsoglianoalrubicone.it\/fr\/borgo-sonoro-rossella-cappadone-quartet-rontagnano-3\/","title":{"rendered":"Borgo Sonoro Tiger Dixie Band &amp; Monica Giorgetti &#8211; Montepetra"},"content":{"rendered":"<p>[vc_row full_width=\u00a0\u00bbstretch_row_content_no_spaces\u00a0\u00bb][vc_column][vc_single_image image=\u00a0\u00bb29597&Prime; img_size=\u00a0\u00bb1920 x 450&Prime; alignment=\u00a0\u00bbcenter\u00a0\u00bb el_class=\u00a0\u00bbinfotronik_banner_pagina\u00a0\u00bb]\n\t\t\t<section class=\"do-normal-page-title-section infotronik_page_title_section_little\">\n\t\t\t\t<div class=\"container\">\n\t\t\t\t\t<div class=\"row uppercase\">\n\t\t\t\n\t\t\t\t\t\t<div class=\"do-page-title-wrapper\">\n\t\t\t\t\t\t\t<div class=\"do-default-page-title col-md-7 col-sm-7 col-xs-12\">\n\t\t\t\t\t\t\t\t<h2 info=66 class=\"infotronik_page_title_little\">Borgo Sonoro: Tiger Dixie Band &amp; Monica Giorgetti - Montepetra<\/h2>\n\t\t\t\t\t\t\t\t<p><\/p>\n\t\t\t\t\t\t\t<\/div>\n\t\t\t\n\t\t\t\t\t\t\t<div class=\"do-breadcumb\"><ul><\/ul><\/div>\n\t\t\t\t\t\t<\/div>\n\t\t\t\n\t\t\t\t\t<\/div>\n\t\t\t\t<\/div>\n\t\t\t<\/section>\n\t\t[vc_empty_space height=\u00a0\u00bb20px\u00a0\u00bb][vc_row_inner][vc_column_inner][vc_column_text]<\/p>\n<p class=\"xdj266r x11i5rnm xat24cr x1mh8g0r x1vvkbs\"><strong>.<\/strong><\/p>\n<p><strong>Quand:<\/strong> Jeudi 21 ao\u00fbt &#8211; 21h15<br \/>\n<strong>o\u00f9:<\/strong> Piazza centro storico, Montepetra (hameau de Sogliano al Rubicone)<br \/>\n<strong>Acc\u00e8s :<\/strong> billet simple sans num\u00e9ro 7,00 \u20ac<br \/>\n<strong>Pr\u00e9vente : <\/strong>circuit Vivaticket ou chez les revendeurs autoris\u00e9s<br \/>\n<a href=\"https:\/\/www.vivaticket.com\/it\/tour\/borgo-sonoro\/2519\" target=\"_blank\" rel=\"noopener\">https:\/\/www.vivaticket.com\/it\/tour\/borgo-sonoro\/2519<\/a><br \/>\n<strong>Info:<\/strong> Exclusivement du mardi au samedi de 16h \u00e0 20h en appelant le 351.7917480<\/p>\n<p>TIGER DIXIE BAND &amp; MONICA GIORGETTI<br \/>\nFreedom Sons, sons et musique sur les ailes de la libert\u00e9<br \/>\nMonica Giorgetti voix<br \/>\nPaolo Trettel, trompette<br \/>\nFiorenzo Zeni sax t\u00e9nor<br \/>\nLuigi Grata trombone<br \/>\nAndrea Boschetti banjo, guitare<br \/>\nGiorgio Beberi basse<br \/>\nsax Daniele Patton batterie<\/p>\n<p>Freedom Sound entrem\u00eale les suggestions du gospel et l\u2019intensit\u00e9 du spirituel avec l\u2019\u00e9nergie du Dixieland et le groove des fanfares de la Nouvelle-Orl\u00e9ans, dans un parcours de recherche litt\u00e9raire musicale qui s\u2019inspire des standards des grands interpr\u00e8tes de la tradition afro-am\u00e9ricaine.<br \/>\nPour Borgo Sonoro, le groupe proposera une collection de chansons d\u2019amour et de protestation, transmises des ic\u00f4nes du blues et du jazz \u00e0 l\u2019origine aux chanteurs folk des ann\u00e9es 60, jusqu\u2019\u00e0 devenir la bande sonore de la g\u00e9n\u00e9ration flower power lors de manifestations pour les droits civiques et de grands concerts pour la paix.<br \/>\nUn r\u00e9pertoire de classiques, d\u00e9sormais revisit\u00e9 \u00e0 travers de nouveaux arrangements originaux qui \u2013 tout en r\u00e9servant un espace suffisant pour l\u2019interaction du collectif et l\u2019improvisation des solistes dans le style \u00ab Call and Response \u00bb \u2013 maintiennent inchang\u00e9 le contenu symbolique puissant et le message intime de la libert\u00e9.<br \/>\nPossibilit\u00e9 de d\u00eener \u00e0 l\u2019association mont\u00e9petr\u00e8se.[\/vc_column_text][vc_single_image image=\u00a0\u00bb29584&Prime; img_size=\u00a0\u00bbfull\u00a0\u00bb alignment=\u00a0\u00bbcenter\u00a0\u00bb onclick=\u00a0\u00bblink_image\u00a0\u00bb][vc_empty_space height=\u00a0\u00bb50px\u00a0\u00bb][\/vc_column_inner][\/vc_row_inner][\/vc_column][\/vc_row]<\/p>\n","protected":false},"excerpt":{"rendered":"<p>[vc_row full_width=\u00a0\u00bbstretch_row_content_no_spaces\u00a0\u00bb][vc_column][vc_single_image image=\u00a0\u00bb29597&Prime; img_size=\u00a0\u00bb1920 x 450&Prime; alignment=\u00a0\u00bbcenter\u00a0\u00bb el_class=\u00a0\u00bbinfotronik_banner_pagina\u00a0\u00bb][vc_empty_space height=\u00a0\u00bb20px\u00a0\u00bb][vc_row_inner][vc_column_inner][vc_column_text] . Quand: Jeudi 21 ao\u00fbt &#8211; 21h15 o\u00f9: Piazza centro storico, Montepetra&#8230;<\/p>\n","protected":false},"author":3,"featured_media":29572,"comment_status":"closed","ping_status":"open","sticky":false,"template":"","format":"standard","meta":{"loftloader_page_shortcode":""},"categories":[826,822],"tags":[909,825,1616,829,1750],"_links":{"self":[{"href":"https:\/\/www.visitsoglianoalrubicone.it\/fr\/wp-json\/wp\/v2\/posts\/29591"}],"collection":[{"href":"https:\/\/www.visitsoglianoalrubicone.it\/fr\/wp-json\/wp\/v2\/posts"}],"about":[{"href":"https:\/\/www.visitsoglianoalrubicone.it\/fr\/wp-json\/wp\/v2\/types\/post"}],"author":[{"embeddable":true,"href":"https:\/\/www.visitsoglianoalrubicone.it\/fr\/wp-json\/wp\/v2\/users\/3"}],"replies":[{"embeddable":true,"href":"https:\/\/www.visitsoglianoalrubicone.it\/fr\/wp-json\/wp\/v2\/comments?post=29591"}],"version-history":[{"count":4,"href":"https:\/\/www.visitsoglianoalrubicone.it\/fr\/wp-json\/wp\/v2\/posts\/29591\/revisions"}],"predecessor-version":[{"id":34069,"href":"https:\/\/www.visitsoglianoalrubicone.it\/fr\/wp-json\/wp\/v2\/posts\/29591\/revisions\/34069"}],"wp:featuredmedia":[{"embeddable":true,"href":"https:\/\/www.visitsoglianoalrubicone.it\/fr\/wp-json\/wp\/v2\/media\/29572"}],"wp:attachment":[{"href":"https:\/\/www.visitsoglianoalrubicone.it\/fr\/wp-json\/wp\/v2\/media?parent=29591"}],"wp:term":[{"taxonomy":"category","embeddable":true,"href":"https:\/\/www.visitsoglianoalrubicone.it\/fr\/wp-json\/wp\/v2\/categories?post=29591"},{"taxonomy":"post_tag","embeddable":true,"href":"https:\/\/www.visitsoglianoalrubicone.it\/fr\/wp-json\/wp\/v2\/tags?post=29591"}],"curies":[{"name":"wp","href":"https:\/\/api.w.org\/{rel}","templated":true}]}}