{"id":30895,"date":"2024-09-01T09:37:07","date_gmt":"2024-09-01T09:37:07","guid":{"rendered":"https:\/\/www.visitsoglianoalrubicone.it\/?p=30895"},"modified":"2025-12-11T10:05:31","modified_gmt":"2025-12-11T10:05:31","slug":"la-poesie-des-lieux-visites-guidees-gratuites-2","status":"publish","type":"post","link":"https:\/\/www.visitsoglianoalrubicone.it\/fr\/la-poesie-des-lieux-visites-guidees-gratuites-2\/","title":{"rendered":"Visages et souvenirs de la petite ville tr\u00e8s aim\u00e9e de Romagne &#8211; Visites guid\u00e9es gratuites"},"content":{"rendered":"<p>[vc_row full_width=\u00a0\u00bbstretch_row_content_no_spaces\u00a0\u00bb][vc_column][vc_single_image image=\u00a0\u00bb18250&Prime; img_size=\u00a0\u00bb1920 x 450&Prime; alignment=\u00a0\u00bbcenter\u00a0\u00bb el_class=\u00a0\u00bbinfotronik_banner_pagina\u00a0\u00bb]\n\t\t\t<section class=\"do-normal-page-title-section infotronik_page_title_section_little\">\n\t\t\t\t<div class=\"container\">\n\t\t\t\t\t<div class=\"row uppercase\">\n\t\t\t\n\t\t\t\t\t\t<div class=\"do-page-title-wrapper\">\n\t\t\t\t\t\t\t<div class=\"do-default-page-title col-md-7 col-sm-7 col-xs-12\">\n\t\t\t\t\t\t\t\t<h2 info=92 class=\"infotronik_page_title_little\">Visages et souvenirs de la petite ville tr\u00e8s aim\u00e9e de Romagne - Visites guid\u00e9es gratuites<\/h2>\n\t\t\t\t\t\t\t\t<p><\/p>\n\t\t\t\t\t\t\t<\/div>\n\t\t\t\n\t\t\t\t\t\t\t<div class=\"do-breadcumb\"><ul><\/ul><\/div>\n\t\t\t\t\t\t<\/div>\n\t\t\t\n\t\t\t\t\t<\/div>\n\t\t\t\t<\/div>\n\t\t\t<\/section>\n\t\t[vc_empty_space height=\u00a0\u00bb20px\u00a0\u00bb][vc_row_inner][vc_column_inner][vc_column_text]<\/p>\n<p>.<\/p>\n<p>\n<strong>Periodo:<\/strong> domenica 23-30 novembre e 7 dicembre 2025<br\/><strong>Orario Partenze Visite:<\/strong> 10:30<br\/><strong>Luogo partenza: <\/strong>Uff. Turistico, Piazza della Repubblica 35 (Centro Storico)<strong><br\/><\/strong><strong>Accesso: <\/strong>gratuito &#8211; <strong>Posti limitati<\/strong> &#8211; prenotazione obbligatoria<br\/><strong>Durata:<\/strong> 1h circa<strong><br\/>Prenotazioni ed Informazioni al pubblico:<\/strong> 0541-817340 (Luned\u00ec, mercoled\u00ec, gioved\u00ec, venerd\u00ec dalle 09:00 alle 13:00)\u00a0 *Previa disponibilit\u00e0 sar\u00e0 possibile prenotare direttamente in loco durante le giornate della Fiera\n<p><strong>Organisateur :<\/strong> Pro Loco Sogliano al Rubicone en collaboration avec la municipalit\u00e9 de Sogliano al Rubicone, Office de la culture et du tourisme.  <\/p>\n<p><em>Visages et souvenirs de la petite ville tr\u00e8s aim\u00e9e de Romagne &#8211; Sogliano al Rubicone, entre pass\u00e9 et pr\u00e9sent<\/em><br\/>Un voyage sans pr\u00e9c\u00e9dent pour le 50e anniversaire de la c\u00e9l\u00e8bre Foire du fromage de la PDO de Fossa di Sogliano, visant \u00e0 red\u00e9couvrir la ville comme symbole de rencontres, carrefour de savoirs et de saveurs depuis le Moyen \u00c2ge : une invitation \u00e0 une \u00e9tude approfondie qui part des lieux anciens et modernes li\u00e9s \u00e0 la fosse, enferm\u00e9s dans une architecture ancienne et moderne, se poursuit par l\u2019observation et la lecture des m\u00e9tiers et activit\u00e9s qui en ont d\u00e9coul\u00e9,  et se termine par un voyage compos\u00e9 d\u2019histoires visuelles in\u00e9dites. Pour cette occasion, une exposition photographique sp\u00e9ciale sera install\u00e9e dans la salle du Th\u00e9\u00e2tre Elisabetta Turroni. <\/p>\n<p>[\/vc_column_text][vc_single_image image=\u00a0\u00bb30909&Prime; img_size=\u00a0\u00bbfull\u00a0\u00bb alignment=\u00a0\u00bbcenter\u00a0\u00bb onclick=\u00a0\u00bblink_image\u00a0\u00bb][vc_empty_space height=\u00a0\u00bb50px\u00a0\u00bb][\/vc_column_inner][\/vc_row_inner][\/vc_column][\/vc_row]<\/p>","protected":false},"excerpt":{"rendered":"<p>[vc_row full_width=\u00a0\u00bbstretch_row_content_no_spaces\u00a0\u00bb][vc_column][vc_single_image image=\u00a0\u00bb18250&Prime; img_size=\u00a0\u00bb1920 x 450&Prime; alignment=\u00a0\u00bbcenter\u00a0\u00bb el_class=\u00a0\u00bbinfotronik_banner_pagina\u00a0\u00bb][vc_empty_space height=\u00a0\u00bb20px\u00a0\u00bb][vc_row_inner][vc_column_inner][vc_column_text] . Periodo: domenica 23-30 novembre e 7 dicembre 2025Orario Partenze Visite: 10:30Luogo&#8230;<\/p>\n","protected":false},"author":3,"featured_media":30905,"comment_status":"closed","ping_status":"open","sticky":false,"template":"","format":"standard","meta":{"loftloader_page_shortcode":""},"categories":[826,822],"tags":[1082,825,972,970,971,829,1183],"_links":{"self":[{"href":"https:\/\/www.visitsoglianoalrubicone.it\/fr\/wp-json\/wp\/v2\/posts\/30895"}],"collection":[{"href":"https:\/\/www.visitsoglianoalrubicone.it\/fr\/wp-json\/wp\/v2\/posts"}],"about":[{"href":"https:\/\/www.visitsoglianoalrubicone.it\/fr\/wp-json\/wp\/v2\/types\/post"}],"author":[{"embeddable":true,"href":"https:\/\/www.visitsoglianoalrubicone.it\/fr\/wp-json\/wp\/v2\/users\/3"}],"replies":[{"embeddable":true,"href":"https:\/\/www.visitsoglianoalrubicone.it\/fr\/wp-json\/wp\/v2\/comments?post=30895"}],"version-history":[{"count":5,"href":"https:\/\/www.visitsoglianoalrubicone.it\/fr\/wp-json\/wp\/v2\/posts\/30895\/revisions"}],"predecessor-version":[{"id":31849,"href":"https:\/\/www.visitsoglianoalrubicone.it\/fr\/wp-json\/wp\/v2\/posts\/30895\/revisions\/31849"}],"wp:featuredmedia":[{"embeddable":true,"href":"https:\/\/www.visitsoglianoalrubicone.it\/fr\/wp-json\/wp\/v2\/media\/30905"}],"wp:attachment":[{"href":"https:\/\/www.visitsoglianoalrubicone.it\/fr\/wp-json\/wp\/v2\/media?parent=30895"}],"wp:term":[{"taxonomy":"category","embeddable":true,"href":"https:\/\/www.visitsoglianoalrubicone.it\/fr\/wp-json\/wp\/v2\/categories?post=30895"},{"taxonomy":"post_tag","embeddable":true,"href":"https:\/\/www.visitsoglianoalrubicone.it\/fr\/wp-json\/wp\/v2\/tags?post=30895"}],"curies":[{"name":"wp","href":"https:\/\/api.w.org\/{rel}","templated":true}]}}