{"id":31504,"date":"2026-03-27T10:00:08","date_gmt":"2026-03-27T10:00:08","guid":{"rendered":"https:\/\/www.visitsoglianoalrubicone.it\/?p=31504"},"modified":"2026-03-29T20:35:16","modified_gmt":"2026-03-29T20:35:16","slug":"roberto-mercadini-la-beaute-des-mots-repetition-theatrale-xxvi-7","status":"publish","type":"post","link":"https:\/\/www.visitsoglianoalrubicone.it\/fr\/roberto-mercadini-la-beaute-des-mots-repetition-theatrale-xxvi-7\/","title":{"rendered":"Elio &#8211; La r\u00e9\u00e9valuation de la tristesse &#8211; Test de l\u2019acteur 25\/26"},"content":{"rendered":"<p>[vc_row full_width=\u00a0\u00bbstretch_row_content_no_spaces\u00a0\u00bb][vc_column][vc_single_image image=\u00a0\u00bb18250&Prime; img_size=\u00a0\u00bb1920 x 450&Prime; alignment=\u00a0\u00bbcenter\u00a0\u00bb el_class=\u00a0\u00bbinfotronik_banner_pagina\u00a0\u00bb]\n\t\t\t<section class=\"do-normal-page-title-section infotronik_page_title_section_little\">\n\t\t\t\t<div class=\"container\">\n\t\t\t\t\t<div class=\"row uppercase\">\n\t\t\t\n\t\t\t\t\t\t<div class=\"do-page-title-wrapper\">\n\t\t\t\t\t\t\t<div class=\"do-default-page-title col-md-7 col-sm-7 col-xs-12\">\n\t\t\t\t\t\t\t\t<h2 info=62 class=\"infotronik_page_title_little\">Elio - La rivalutazione della tristezza - Prova d'Attore 25\/26<\/h2>\n\t\t\t\t\t\t\t\t<p><\/p>\n\t\t\t\t\t\t\t<\/div>\n\t\t\t\n\t\t\t\t\t\t\t<div class=\"do-breadcumb\"><ul><\/ul><\/div>\n\t\t\t\t\t\t<\/div>\n\t\t\t\n\t\t\t\t\t<\/div>\n\t\t\t\t<\/div>\n\t\t\t<\/section>\n\t\t[vc_empty_space height=\u00a0\u00bb20px\u00a0\u00bb][vc_row_inner][vc_column_inner][vc_column_text]<strong>.<\/strong><\/p>\n<p><strong>Quand : vendredi<\/strong> 27 mars 2026<strong><br \/>\n<\/strong><strong>O\u00f9 :<\/strong> Th\u00e9\u00e2tre municipal Elisabetta Turroni<br \/>\n<strong>D\u00e9but du spectacle : <\/strong>21h00<strong><br \/>\nEntr\u00e9e :<\/strong> Plein \u20ac 18 &#8211; R\u00e9duction \u20ac 15 (plus de 65 ans, jeunes jusqu\u2019\u00e0 24 ans)<br \/>\n<strong>Organisateur : <\/strong>Sillaba Societ\u00e0 Cooperativa<br \/>\n<strong>Abonnement:<\/strong> 90 \u20ac complets &#8211; 80 \u20ac r\u00e9duit<br \/>\n<strong>Campagne pour les abonnements saisonniers : <\/strong>Renouvellement d\u2019abonnement du 20 au 27 novembre en confirmant votre abonnement \u00e0 Sillaba &#8211; Nouveaux abonnements du 28 novembre au 5 d\u00e9cembre en \u00e9crivant au 370.3685093 \/ spettatore@sillaba.org<br \/>\n<strong>Billetterie : <\/strong>370.3685093 (WhatsApp de 16h \u00e0 19h du lundi au vendredi et jour du spectacle) &#8211; spettatore@sillaba.org<br \/>\nLes billets pour les spectacles individuels seront disponibles \u00e0 partir du 10 d\u00e9cembre sur r\u00e9servation t\u00e9l\u00e9phonique.<br \/>\nLa billetterie du th\u00e9\u00e2tre est ouverte les soir\u00e9es \u00e0 partir de 20h00<\/p>\n<p><strong>ELIO : La r\u00e9\u00e9valuation de la tristesse. <\/strong><br \/>\navec Alberto Tafuri au piano<br \/>\n \u00ab Ne fais pas l\u2019erreur de d\u00e9nigrer la tristesse ! \u00ab Elio e le Storie Tese Elio, accompagn\u00e9 du maestro Alberto Tafuri au piano, s\u2019engage dans un voyage musical pour red\u00e9couvrir la tristesse, un sentiment qui traverse l\u2019histoire de l\u2019art et toutes les formes d\u2019expression humaine \u2013 de Catulle \u00e0 Virginia Woolf, de Munch \u00e0 Donald Duck \u2013 et qui, pourtant, aujourd\u2019hui est souvent craint et \u00e9loign\u00e9. L\u2019intention est de restaurer la noblesse et la n\u00e9cessit\u00e9 \u00e0 la tristesse \u00e0 travers les paroles et les notes de certains grands artistes de la tradition musicale italienne et internationale. La tristesse n\u2019est pas vraiment mauvaise mais, comme les pois d\u2019herbe et le safran, il faut le prendre en petites doses et, si vous en faites trop, il vous faut un antidote. Pour cette raison, le spectacle contient \u00e9galement des insertions appropri\u00e9es de chansons joyeuses.<br \/>\n<strong>PROCHAINS NOMINATIONS PROVA D\u2019ATTORE 25\/26 &#8211; \u00c9dition XXVII :<br \/>\n<\/strong><\/p>\n<p>Samedi 11 avril<br \/>\n<strong>FRANCESCO PICCOLO &#8211; Le l\u00e9opard. Une histoire incroyable <\/strong><\/p>\n<p>Hors abonnement :<br \/>\n dimanche 29 mars<br \/>\n<strong>FRANCESCA CESARETTI en concert &#8211; Le Temps Suspendu<\/strong><br \/>\nConcert de r\u00e9cital pour pr\u00e9senter l\u2019album du pianiste[\/vc_column_text][vc_empty_space height=\u00a0\u00bb50px\u00a0\u00bb][vc_single_image image=\u00a0\u00bb31511&Prime; img_size=\u00a0\u00bbfull\u00a0\u00bb alignment=\u00a0\u00bbcenter\u00a0\u00bb onclick=\u00a0\u00bblink_image\u00a0\u00bb][vc_single_image image=\u00a0\u00bb31406&Prime; img_size=\u00a0\u00bbfull\u00a0\u00bb alignment=\u00a0\u00bbcenter\u00a0\u00bb onclick=\u00a0\u00bblink_image\u00a0\u00bb][\/vc_column_inner][\/vc_row_inner][\/vc_column][\/vc_row]<\/p>\n","protected":false},"excerpt":{"rendered":"<p>[vc_row full_width=\u00a0\u00bbstretch_row_content_no_spaces\u00a0\u00bb][vc_column][vc_single_image image=\u00a0\u00bb18250&Prime; img_size=\u00a0\u00bb1920 x 450&Prime; alignment=\u00a0\u00bbcenter\u00a0\u00bb el_class=\u00a0\u00bbinfotronik_banner_pagina\u00a0\u00bb][vc_empty_space height=\u00a0\u00bb20px\u00a0\u00bb][vc_row_inner][vc_column_inner][vc_column_text]. Quand : vendredi 27 mars 2026 O\u00f9 : Th\u00e9\u00e2tre municipal Elisabetta Turroni&#8230;<\/p>\n","protected":false},"author":3,"featured_media":31553,"comment_status":"closed","ping_status":"open","sticky":false,"template":"","format":"standard","meta":{"loftloader_page_shortcode":""},"categories":[822],"tags":[1646,1647,825,829,1098],"_links":{"self":[{"href":"https:\/\/www.visitsoglianoalrubicone.it\/fr\/wp-json\/wp\/v2\/posts\/31504"}],"collection":[{"href":"https:\/\/www.visitsoglianoalrubicone.it\/fr\/wp-json\/wp\/v2\/posts"}],"about":[{"href":"https:\/\/www.visitsoglianoalrubicone.it\/fr\/wp-json\/wp\/v2\/types\/post"}],"author":[{"embeddable":true,"href":"https:\/\/www.visitsoglianoalrubicone.it\/fr\/wp-json\/wp\/v2\/users\/3"}],"replies":[{"embeddable":true,"href":"https:\/\/www.visitsoglianoalrubicone.it\/fr\/wp-json\/wp\/v2\/comments?post=31504"}],"version-history":[{"count":32,"href":"https:\/\/www.visitsoglianoalrubicone.it\/fr\/wp-json\/wp\/v2\/posts\/31504\/revisions"}],"predecessor-version":[{"id":38941,"href":"https:\/\/www.visitsoglianoalrubicone.it\/fr\/wp-json\/wp\/v2\/posts\/31504\/revisions\/38941"}],"wp:featuredmedia":[{"embeddable":true,"href":"https:\/\/www.visitsoglianoalrubicone.it\/fr\/wp-json\/wp\/v2\/media\/31553"}],"wp:attachment":[{"href":"https:\/\/www.visitsoglianoalrubicone.it\/fr\/wp-json\/wp\/v2\/media?parent=31504"}],"wp:term":[{"taxonomy":"category","embeddable":true,"href":"https:\/\/www.visitsoglianoalrubicone.it\/fr\/wp-json\/wp\/v2\/categories?post=31504"},{"taxonomy":"post_tag","embeddable":true,"href":"https:\/\/www.visitsoglianoalrubicone.it\/fr\/wp-json\/wp\/v2\/tags?post=31504"}],"curies":[{"name":"wp","href":"https:\/\/api.w.org\/{rel}","templated":true}]}}