{"id":31516,"date":"2026-04-10T09:32:29","date_gmt":"2026-04-10T09:32:29","guid":{"rendered":"https:\/\/www.visitsoglianoalrubicone.it\/?p=31516"},"modified":"2026-04-12T09:18:43","modified_gmt":"2026-04-12T09:18:43","slug":"roberto-mercadini-la-beaute-des-mots-repetition-theatrale-xxvi-8","status":"publish","type":"post","link":"https:\/\/www.visitsoglianoalrubicone.it\/fr\/roberto-mercadini-la-beaute-des-mots-repetition-theatrale-xxvi-8\/","title":{"rendered":"Francesco Piccolo &#8211; Le L\u00e9opard. Une histoire incroyable &#8211; Le proc\u00e8s de l\u2019acteur 25\/26"},"content":{"rendered":"<p>[vc_row full_width=\u00a0\u00bbstretch_row_content_no_spaces\u00a0\u00bb][vc_column][vc_single_image image=\u00a0\u00bb18250&Prime; img_size=\u00a0\u00bb1920 x 450&Prime; alignment=\u00a0\u00bbcenter\u00a0\u00bb el_class=\u00a0\u00bbinfotronik_banner_pagina\u00a0\u00bb]\n\t\t\t<section class=\"do-normal-page-title-section infotronik_page_title_section_little\">\n\t\t\t\t<div class=\"container\">\n\t\t\t\t\t<div class=\"row uppercase\">\n\t\t\t\n\t\t\t\t\t\t<div class=\"do-page-title-wrapper\">\n\t\t\t\t\t\t\t<div class=\"do-default-page-title col-md-7 col-sm-7 col-xs-12\">\n\t\t\t\t\t\t\t\t<h2 info=80 class=\"infotronik_page_title_little\">Francesco Piccolo - Il Gattopardo. Una storia incredibile - Prova d'Attore 25\/26<\/h2>\n\t\t\t\t\t\t\t\t<p><\/p>\n\t\t\t\t\t\t\t<\/div>\n\t\t\t\n\t\t\t\t\t\t\t<div class=\"do-breadcumb\"><ul><\/ul><\/div>\n\t\t\t\t\t\t<\/div>\n\t\t\t\n\t\t\t\t\t<\/div>\n\t\t\t\t<\/div>\n\t\t\t<\/section>\n\t\t[vc_empty_space height=\u00a0\u00bb20px\u00a0\u00bb][vc_row_inner][vc_column_inner][vc_column_text]<strong>.<\/strong><\/p>\n<p><strong>Quand : samedi<\/strong> 11 avril 2026<strong><br \/>\n<\/strong><strong>Lieu:<\/strong> Th\u00e9\u00e2tre municipal Elisabetta Turroni<br \/>\n<strong>Heure de d\u00e9but : <\/strong>21h00<strong><br \/>\nEntr\u00e9e :<\/strong> Plein \u20ac 18 &#8211; R\u00e9duction \u20ac 15 (plus de 65 ans, jeunes jusqu\u2019\u00e0 24 ans)<br \/>\n<strong>Organisateur : <\/strong>Sillaba Societ\u00e0 Cooperativa<br \/>\n<strong>Abonnement:<\/strong> 90 \u20ac complets &#8211; 80 \u20ac r\u00e9duit<br \/>\n<strong>Campagne pour les abonnements saisonniers : <\/strong>Renouvellement d\u2019abonnement du 20 au 27 novembre en confirmant votre abonnement \u00e0 Sillaba &#8211; Nouveaux abonnements du 28 novembre au 5 d\u00e9cembre en \u00e9crivant au 370.3685093 \/ spettatore@sillaba.org<br \/>\n<strong>Billetterie : <\/strong>370.3685093 (WhatsApp de 16h \u00e0 19h du lundi au vendredi et jour du spectacle) &#8211; spettatore@sillaba.org<br \/>\nLes billets pour les spectacles individuels seront disponibles \u00e0 partir du 10 d\u00e9cembre sur r\u00e9servation t\u00e9l\u00e9phonique.<br \/>\nLa billetterie du th\u00e9\u00e2tre est ouverte les soir\u00e9es \u00e0 partir de 20h00<\/p>\n<p><strong>FRANCESCO PICCOLO &#8211; Le l\u00e9opard.<\/strong><br \/>\nUne histoire incroyable de Francesco Piccolo<br \/>\nFrancesco Piccolo raconte l\u2019\u00e9pop\u00e9e \u00e9ditoriale du chef-d\u2019\u0153uvre de Tomasi di Lampedusa. En 2025, ann\u00e9e o\u00f9 Feltrinelli c\u00e9l\u00e8bre ses 70 ans d\u2019histoire \u00e9ditoriale, Francesco Piccolo am\u00e8ne Le L\u00e9opard sur sc\u00e8ne. Une histoire incroyable, une lecture th\u00e9\u00e2trale qui retrace l\u2019extraordinaire histoire du roman le plus c\u00e9l\u00e8bre de Giuseppe Tomasi di Lampedusa. Publi\u00e9 \u00e0 titre posthume par Feltrinelli en 1958, Le L\u00e9opard est aujourd\u2019hui consid\u00e9r\u00e9 comme un classique absolu de la litt\u00e9rature italienne, mais son parcours vers la publication fut tout sauf simple. Avec son ironie habituelle et sa profondeur narrative, Francesco Piccolo reconstruit sur sc\u00e8ne une histoire passionnante et divertissante, entre rejets \u00e9ditoriaux, controverses id\u00e9ologiques, malentendus et triomphes. \u00c0 travers un monologue qui est aussi une enqu\u00eate culturelle et sentimentale, Piccolo r\u00e9v\u00e8le le contexte de l\u2019un des \u00e9v\u00e9nements \u00e9ditoriaux les plus fascinants du XXe si\u00e8cle. Sur sc\u00e8ne, l\u2019\u00e9crivain entrem\u00eale l\u2019histoire du livre avec sa c\u00e9l\u00e8bre adaptation cin\u00e9matographique, sign\u00e9e par Luchino Visconti, montrant certaines des sc\u00e8nes les plus embl\u00e9matiques du film pour mettre en lumi\u00e8re le lien indissoluble entre les deux \u0153uvres. Une relation complexe, parfois controvers\u00e9e, qui a contribu\u00e9 \u00e0 faire de The Leopard un classique intemporel, capable de traverser       <\/p>\n<p>Hors abonnement :<\/p>\n<p>Dimanche 29 mars<br \/>\n<strong>FRANCESCA CESARETTI en concert &#8211; Le Temps Suspendu<\/strong><br \/>\nConcert de r\u00e9cital pour pr\u00e9senter l\u2019album du pianiste[\/vc_column_text][vc_empty_space height=\u00a0\u00bb50px\u00a0\u00bb][vc_single_image image=\u00a0\u00bb31464&Prime; img_size=\u00a0\u00bbfull\u00a0\u00bb alignment=\u00a0\u00bbcenter\u00a0\u00bb onclick=\u00a0\u00bblink_image\u00a0\u00bb][vc_single_image image=\u00a0\u00bb31406&Prime; img_size=\u00a0\u00bbfull\u00a0\u00bb alignment=\u00a0\u00bbcenter\u00a0\u00bb onclick=\u00a0\u00bblink_image\u00a0\u00bb][\/vc_column_inner][\/vc_row_inner][\/vc_column][\/vc_row]<\/p>\n","protected":false},"excerpt":{"rendered":"<p>[vc_row full_width=\u00a0\u00bbstretch_row_content_no_spaces\u00a0\u00bb][vc_column][vc_single_image image=\u00a0\u00bb18250&Prime; img_size=\u00a0\u00bb1920 x 450&Prime; alignment=\u00a0\u00bbcenter\u00a0\u00bb el_class=\u00a0\u00bbinfotronik_banner_pagina\u00a0\u00bb][vc_empty_space height=\u00a0\u00bb20px\u00a0\u00bb][vc_row_inner][vc_column_inner][vc_column_text]. Quand : samedi 11 avril 2026 Lieu: Th\u00e9\u00e2tre municipal Elisabetta Turroni Heure&#8230;<\/p>\n","protected":false},"author":3,"featured_media":31447,"comment_status":"closed","ping_status":"open","sticky":false,"template":"","format":"standard","meta":{"loftloader_page_shortcode":""},"categories":[822],"tags":[1575,825,1574,829,1098],"_links":{"self":[{"href":"https:\/\/www.visitsoglianoalrubicone.it\/fr\/wp-json\/wp\/v2\/posts\/31516"}],"collection":[{"href":"https:\/\/www.visitsoglianoalrubicone.it\/fr\/wp-json\/wp\/v2\/posts"}],"about":[{"href":"https:\/\/www.visitsoglianoalrubicone.it\/fr\/wp-json\/wp\/v2\/types\/post"}],"author":[{"embeddable":true,"href":"https:\/\/www.visitsoglianoalrubicone.it\/fr\/wp-json\/wp\/v2\/users\/3"}],"replies":[{"embeddable":true,"href":"https:\/\/www.visitsoglianoalrubicone.it\/fr\/wp-json\/wp\/v2\/comments?post=31516"}],"version-history":[{"count":30,"href":"https:\/\/www.visitsoglianoalrubicone.it\/fr\/wp-json\/wp\/v2\/posts\/31516\/revisions"}],"predecessor-version":[{"id":39391,"href":"https:\/\/www.visitsoglianoalrubicone.it\/fr\/wp-json\/wp\/v2\/posts\/31516\/revisions\/39391"}],"wp:featuredmedia":[{"embeddable":true,"href":"https:\/\/www.visitsoglianoalrubicone.it\/fr\/wp-json\/wp\/v2\/media\/31447"}],"wp:attachment":[{"href":"https:\/\/www.visitsoglianoalrubicone.it\/fr\/wp-json\/wp\/v2\/media?parent=31516"}],"wp:term":[{"taxonomy":"category","embeddable":true,"href":"https:\/\/www.visitsoglianoalrubicone.it\/fr\/wp-json\/wp\/v2\/categories?post=31516"},{"taxonomy":"post_tag","embeddable":true,"href":"https:\/\/www.visitsoglianoalrubicone.it\/fr\/wp-json\/wp\/v2\/tags?post=31516"}],"curies":[{"name":"wp","href":"https:\/\/api.w.org\/{rel}","templated":true}]}}